{"id":7994,"date":"2013-10-11T17:35:00","date_gmt":"2013-10-11T17:35:00","guid":{"rendered":"https:\/\/www.oidossucios.com\/site\/2013\/10\/11\/adam-clayton-habla-del-proximo-disco-de-u2\/"},"modified":"2013-10-11T17:35:00","modified_gmt":"2013-10-11T17:35:00","slug":"adam-clayton-habla-del-proximo-disco-de-u2","status":"publish","type":"post","link":"https:\/\/www.oidossucios.com\/site\/adam-clayton-habla-del-proximo-disco-de-u2\/","title":{"rendered":"Adam Clayton habla del pr\u00f3ximo disco de U2"},"content":{"rendered":"<p>En total sigilo ha estado U2, trabajando sin descanso para crear lo que ser\u00e1 su pr\u00f3ximo trabajo de estudio, del que se han desprendido algunos detalles, cortes\u00eda de Adam Clayton.<\/p>\n<p>El bajista del conjunto irland\u00e9s estuvo conversando en un programa radial de su pa\u00eds, actualizando el estado del \u00e1lbum, confiando en que lo terminar\u00e1n muy pronto: &#8220;Estamos a\u00fan en eso (grabando). Esperamos finalizarlo muy, muy pronto. Y saldr\u00e1 en alg\u00fan momento durante principios del pr\u00f3ximo a\u00f1o&#8221;.<\/p>\n<p>Sobre la sonoridad, Clayton sostuvo lo siguiente: &#8220;Creo que es como un retorno al viejo U2, pero con la madurez del grupo en los \u00faltimos diez a\u00f1os. Es una combinaci\u00f3n de esas dos cosas y es realmente un h\u00edbrido interesante&#8221;.<\/p>\n<p>El sucesor de <i>No Line on the Horizon<\/i> (2009), podr\u00eda estar listo para el mes de noviembre, aunque su salida estar\u00eda programada para el 2014. A esperar.<\/p>\n<p>Fuente: www.rockaxis.com<![endif]--><!--[if gte mso 10]> <\/style>\n\n <![endif]--><\/p>\n","protected":false},"excerpt":{"rendered":"<p>En total sigilo ha estado U2, trabajando sin descanso para crear lo que ser\u00e1 su pr\u00f3ximo trabajo de estudio, del que se han desprendido algunos detalles, cortes\u00eda de Adam Clayton. El bajista del conjunto irland\u00e9s estuvo conversando en un programa radial de su pa\u00eds, actualizando el estado del \u00e1lbum, confiando en que lo terminar\u00e1n muy [&hellip;]<\/p>\n","protected":false},"author":4,"featured_media":100007994,"comment_status":"open","ping_status":"open","sticky":false,"template":"","format":"standard","meta":{"_jetpack_memberships_contains_paid_content":false,"footnotes":""},"categories":[142],"tags":[],"class_list":["post-7994","post","type-post","status-publish","format-standard","has-post-thumbnail","hentry","category-buzznews"],"jetpack_featured_media_url":"https:\/\/www.oidossucios.com\/site\/wp-content\/uploads\/2013\/10\/7994.jpg","yoast_head":"<!-- This site is optimized with the Yoast SEO plugin v14.0.4 - https:\/\/yoast.com\/wordpress\/plugins\/seo\/ -->\n<title>Adam Clayton habla del pr\u00f3ximo disco de U2 - OidosSucios.Com<\/title>\n<meta name=\"robots\" content=\"index, follow\" \/>\n<meta name=\"googlebot\" content=\"index, follow, max-snippet:-1, max-image-preview:large, max-video-preview:-1\" \/>\n<meta name=\"bingbot\" content=\"index, follow, max-snippet:-1, max-image-preview:large, max-video-preview:-1\" \/>\n<link rel=\"canonical\" href=\"https:\/\/www.oidossucios.com\/site\/adam-clayton-habla-del-proximo-disco-de-u2\/\" \/>\n<meta property=\"og:locale\" content=\"es_ES\" \/>\n<meta property=\"og:type\" content=\"article\" \/>\n<meta property=\"og:title\" content=\"Adam Clayton habla del pr\u00f3ximo disco de U2 - OidosSucios.Com\" \/>\n<meta property=\"og:description\" content=\"En total sigilo ha estado U2, trabajando sin descanso para crear lo que ser\u00e1 su pr\u00f3ximo trabajo de estudio, del que se han desprendido algunos detalles, cortes\u00eda de Adam Clayton. El bajista del conjunto irland\u00e9s estuvo conversando en un programa radial de su pa\u00eds, actualizando el estado del \u00e1lbum, confiando en que lo terminar\u00e1n muy [&hellip;]\" \/>\n<meta property=\"og:url\" content=\"https:\/\/www.oidossucios.com\/site\/adam-clayton-habla-del-proximo-disco-de-u2\/\" \/>\n<meta property=\"og:site_name\" content=\"OidosSucios.Com\" \/>\n<meta property=\"article:published_time\" content=\"2013-10-11T17:35:00+00:00\" \/>\n<meta property=\"og:image\" content=\"https:\/\/www.oidossucios.com\/site\/wp-content\/uploads\/2013\/10\/7994.jpg\" \/>\n\t<meta property=\"og:image:width\" content=\"350\" \/>\n\t<meta property=\"og:image:height\" content=\"300\" \/>\n<meta name=\"twitter:card\" content=\"summary_large_image\" \/>\n<meta name=\"twitter:creator\" content=\"@oidossucios\" \/>\n<script type=\"application\/ld+json\" class=\"yoast-schema-graph\">{\"@context\":\"https:\/\/schema.org\",\"@graph\":[{\"@type\":\"WebSite\",\"@id\":\"https:\/\/www.oidossucios.com\/site\/#website\",\"url\":\"https:\/\/www.oidossucios.com\/site\/\",\"name\":\"OidosSucios.Com\",\"description\":\"M\\u00fasica, conciertos, discos\",\"potentialAction\":[{\"@type\":\"SearchAction\",\"target\":\"https:\/\/www.oidossucios.com\/site\/?s={search_term_string}\",\"query-input\":\"required name=search_term_string\"}],\"inLanguage\":\"es\"},{\"@type\":\"ImageObject\",\"@id\":\"https:\/\/www.oidossucios.com\/site\/adam-clayton-habla-del-proximo-disco-de-u2\/#primaryimage\",\"inLanguage\":\"es\",\"url\":\"https:\/\/www.oidossucios.com\/site\/wp-content\/uploads\/2013\/10\/7994.jpg\",\"width\":350,\"height\":300},{\"@type\":\"WebPage\",\"@id\":\"https:\/\/www.oidossucios.com\/site\/adam-clayton-habla-del-proximo-disco-de-u2\/#webpage\",\"url\":\"https:\/\/www.oidossucios.com\/site\/adam-clayton-habla-del-proximo-disco-de-u2\/\",\"name\":\"Adam Clayton habla del pr\\u00f3ximo disco de U2 - OidosSucios.Com\",\"isPartOf\":{\"@id\":\"https:\/\/www.oidossucios.com\/site\/#website\"},\"primaryImageOfPage\":{\"@id\":\"https:\/\/www.oidossucios.com\/site\/adam-clayton-habla-del-proximo-disco-de-u2\/#primaryimage\"},\"datePublished\":\"2013-10-11T17:35:00+00:00\",\"dateModified\":\"2013-10-11T17:35:00+00:00\",\"author\":{\"@id\":\"https:\/\/www.oidossucios.com\/site\/#\/schema\/person\/24559eeb76bf83a63296fb072393a688\"},\"inLanguage\":\"es\",\"potentialAction\":[{\"@type\":\"ReadAction\",\"target\":[\"https:\/\/www.oidossucios.com\/site\/adam-clayton-habla-del-proximo-disco-de-u2\/\"]}]},{\"@type\":[\"Person\"],\"@id\":\"https:\/\/www.oidossucios.com\/site\/#\/schema\/person\/24559eeb76bf83a63296fb072393a688\",\"name\":\"Oidossucios\",\"image\":{\"@type\":\"ImageObject\",\"@id\":\"https:\/\/www.oidossucios.com\/site\/#personlogo\",\"inLanguage\":\"es\",\"url\":\"https:\/\/secure.gravatar.com\/avatar\/74fcb480f42f1a33e50a0b6e6369a3f907be2e43dc84fa5f76c66e9c22b4a5ab?s=96&d=mm&r=g\",\"caption\":\"Oidossucios\"},\"sameAs\":[\"https:\/\/twitter.com\/oidossucios\"]}]}<\/script>\n<!-- \/ Yoast SEO plugin. -->","jetpack_sharing_enabled":true,"_links":{"self":[{"href":"https:\/\/www.oidossucios.com\/site\/wp-json\/wp\/v2\/posts\/7994","targetHints":{"allow":["GET"]}}],"collection":[{"href":"https:\/\/www.oidossucios.com\/site\/wp-json\/wp\/v2\/posts"}],"about":[{"href":"https:\/\/www.oidossucios.com\/site\/wp-json\/wp\/v2\/types\/post"}],"author":[{"embeddable":true,"href":"https:\/\/www.oidossucios.com\/site\/wp-json\/wp\/v2\/users\/4"}],"replies":[{"embeddable":true,"href":"https:\/\/www.oidossucios.com\/site\/wp-json\/wp\/v2\/comments?post=7994"}],"version-history":[{"count":0,"href":"https:\/\/www.oidossucios.com\/site\/wp-json\/wp\/v2\/posts\/7994\/revisions"}],"wp:featuredmedia":[{"embeddable":true,"href":"https:\/\/www.oidossucios.com\/site\/wp-json\/wp\/v2\/media\/100007994"}],"wp:attachment":[{"href":"https:\/\/www.oidossucios.com\/site\/wp-json\/wp\/v2\/media?parent=7994"}],"wp:term":[{"taxonomy":"category","embeddable":true,"href":"https:\/\/www.oidossucios.com\/site\/wp-json\/wp\/v2\/categories?post=7994"},{"taxonomy":"post_tag","embeddable":true,"href":"https:\/\/www.oidossucios.com\/site\/wp-json\/wp\/v2\/tags?post=7994"}],"curies":[{"name":"wp","href":"https:\/\/api.w.org\/{rel}","templated":true}]}}