{"id":8007,"date":"2013-10-15T16:32:00","date_gmt":"2013-10-15T16:32:00","guid":{"rendered":"https:\/\/www.oidossucios.com\/site\/2013\/10\/15\/vltravioleta-presenta-su-soledad-artificial\/"},"modified":"2013-10-15T16:32:00","modified_gmt":"2013-10-15T16:32:00","slug":"vltravioleta-presenta-su-soledad-artificial","status":"publish","type":"post","link":"https:\/\/www.oidossucios.com\/site\/vltravioleta-presenta-su-soledad-artificial\/","title":{"rendered":"Vltravioleta presenta su &#8220;Soledad Artificial&#8221;"},"content":{"rendered":"<p>La agrupaci\u00f3n caraque\u00f1a de rock Vltravioleta comenz\u00f3 este mes de octubre la promoci\u00f3n de su segundo sencillo promocional &#8220;Soledad Artificial&#8221; perteneciente a su primer EP <i>Ecos de la l\u00ednea<\/i>, producido por Claudio Ram\u00edrez y Arturo Banus, y estrenado en marzo de 2013.<\/p>\n<p>Jorge Montero (voz y guitarra), Alejandro Zabala (guitarra), Arturo Banus (bajo), Alejandro S\u00e1nchez (teclado) y Tom\u00e1s Zabala (bater\u00eda) con este nuevo tema buscan reafirmar a todo el p\u00fablico venezolano sus influencias del rock de los a\u00f1os 90 y lo que a\u00fan se puede disfrutar de \u00e9l.<\/p>\n<p>Como la banda se preocupa por el contenido de sus canciones, &#8220;Soledad Artificial&#8221; habla de tristeza fusionada con erotismo y como una persona puede ser adicta al recuerdo que le genera alguien que ya no est\u00e1. Todo esto bajo la atm\u00f3sfera oscura que genera la crudeza de la bater\u00eda, el bajo y el teclado, mientras se destacan grandes riffs de guitarra que har\u00e1n vibrar a cualquiera.<\/p>\n<p>Vltravioleta contin\u00faa en la promoci\u00f3n de &#8220;Ecos de la l\u00ednea&#8221; con una gira por varias ciudades de Venezuela. Comienzan en Caracas el 25 de Octubre en La Quinta Bar junto a Okills, Del Pez y Viniloversus, luego pasar\u00e1n por Valencia, Puerto La Cruz y Coro.<\/p>\n<p>Recuerda para seguir sus pasos puedes ingresar en <a href=\"http:\/\/www.vltravioleta.com\/\">www.vltravioleta.com<\/a>, y adem\u00e1s seguirlos en twitter e instagram @Vltravioleta, y su p\u00e1gina en <a href=\"http:\/\/www.facebook.com\/Vltravioleta\">www.Facebook.com\/Vltravioleta<\/a>.<\/p>\n<p>Ac\u00e1 el nuevo sencillo &#8220;Soledad Artificial&#8221;: <\/p>\n<p><iframe loading=\"lazy\" width=\"100%\" scrolling=\"no\" height=\"166\" frameborder=\"no\" src=\"https:\/\/w.soundcloud.com\/player\/?url=https%3A\/\/api.soundcloud.com\/tracks\/94201417\"><\/iframe><\/p>\n<p><![endif]--><!--[if gte mso 10]> <\/style>\n\n <![endif]--><\/p>\n","protected":false},"excerpt":{"rendered":"<p>La agrupaci\u00f3n caraque\u00f1a de rock Vltravioleta comenz\u00f3 este mes de octubre la promoci\u00f3n de su segundo sencillo promocional &#8220;Soledad Artificial&#8221; perteneciente a su primer EP Ecos de la l\u00ednea, producido por Claudio Ram\u00edrez y Arturo Banus, y estrenado en marzo de 2013.<\/p>\n","protected":false},"author":4,"featured_media":100008007,"comment_status":"open","ping_status":"open","sticky":false,"template":"","format":"standard","meta":{"_jetpack_memberships_contains_paid_content":false,"footnotes":""},"categories":[250],"tags":[],"class_list":["post-8007","post","type-post","status-publish","format-standard","has-post-thumbnail","hentry","category-noticias"],"jetpack_featured_media_url":"https:\/\/www.oidossucios.com\/site\/wp-content\/uploads\/2013\/10\/8007.jpg","yoast_head":"<!-- This site is optimized with the Yoast SEO plugin v14.0.4 - https:\/\/yoast.com\/wordpress\/plugins\/seo\/ -->\n<title>Vltravioleta presenta su &quot;Soledad Artificial&quot; - OidosSucios.Com<\/title>\n<meta name=\"description\" content=\"La agrupaci\u00f3n caraque\u00f1a de rock Vltravioleta comenz\u00f3 este mes de octubre la promoci\u00f3n de su segundo sencillo promocional &quot;Soledad Artificial&quot; perteneciente a su primer EP Ecos de la l\u00ednea, producido por Claudio Ram\u00edrez y Arturo Banus, y estrenado en marzo de 2013.\" \/>\n<meta name=\"robots\" content=\"index, follow\" \/>\n<meta name=\"googlebot\" content=\"index, follow, max-snippet:-1, max-image-preview:large, max-video-preview:-1\" \/>\n<meta name=\"bingbot\" content=\"index, follow, max-snippet:-1, max-image-preview:large, max-video-preview:-1\" \/>\n<link rel=\"canonical\" href=\"https:\/\/www.oidossucios.com\/site\/vltravioleta-presenta-su-soledad-artificial\/\" \/>\n<meta property=\"og:locale\" content=\"es_ES\" \/>\n<meta property=\"og:type\" content=\"article\" \/>\n<meta property=\"og:title\" content=\"Vltravioleta presenta su &quot;Soledad Artificial&quot; - OidosSucios.Com\" \/>\n<meta property=\"og:description\" content=\"La agrupaci\u00f3n caraque\u00f1a de rock Vltravioleta comenz\u00f3 este mes de octubre la promoci\u00f3n de su segundo sencillo promocional &quot;Soledad Artificial&quot; perteneciente a su primer EP Ecos de la l\u00ednea, producido por Claudio Ram\u00edrez y Arturo Banus, y estrenado en marzo de 2013.\" \/>\n<meta property=\"og:url\" content=\"https:\/\/www.oidossucios.com\/site\/vltravioleta-presenta-su-soledad-artificial\/\" \/>\n<meta property=\"og:site_name\" content=\"OidosSucios.Com\" \/>\n<meta property=\"article:published_time\" content=\"2013-10-15T16:32:00+00:00\" \/>\n<meta property=\"og:image\" content=\"https:\/\/www.oidossucios.com\/site\/wp-content\/uploads\/2013\/10\/8007.jpg\" \/>\n\t<meta property=\"og:image:width\" content=\"350\" \/>\n\t<meta property=\"og:image:height\" content=\"300\" \/>\n<meta name=\"twitter:card\" content=\"summary_large_image\" \/>\n<meta name=\"twitter:creator\" content=\"@oidossucios\" \/>\n<script type=\"application\/ld+json\" class=\"yoast-schema-graph\">{\"@context\":\"https:\/\/schema.org\",\"@graph\":[{\"@type\":\"WebSite\",\"@id\":\"https:\/\/www.oidossucios.com\/site\/#website\",\"url\":\"https:\/\/www.oidossucios.com\/site\/\",\"name\":\"OidosSucios.Com\",\"description\":\"M\\u00fasica, conciertos, discos\",\"potentialAction\":[{\"@type\":\"SearchAction\",\"target\":\"https:\/\/www.oidossucios.com\/site\/?s={search_term_string}\",\"query-input\":\"required name=search_term_string\"}],\"inLanguage\":\"es\"},{\"@type\":\"ImageObject\",\"@id\":\"https:\/\/www.oidossucios.com\/site\/vltravioleta-presenta-su-soledad-artificial\/#primaryimage\",\"inLanguage\":\"es\",\"url\":\"https:\/\/www.oidossucios.com\/site\/wp-content\/uploads\/2013\/10\/8007.jpg\",\"width\":350,\"height\":300},{\"@type\":\"WebPage\",\"@id\":\"https:\/\/www.oidossucios.com\/site\/vltravioleta-presenta-su-soledad-artificial\/#webpage\",\"url\":\"https:\/\/www.oidossucios.com\/site\/vltravioleta-presenta-su-soledad-artificial\/\",\"name\":\"Vltravioleta presenta su \\\"Soledad Artificial\\\" - OidosSucios.Com\",\"isPartOf\":{\"@id\":\"https:\/\/www.oidossucios.com\/site\/#website\"},\"primaryImageOfPage\":{\"@id\":\"https:\/\/www.oidossucios.com\/site\/vltravioleta-presenta-su-soledad-artificial\/#primaryimage\"},\"datePublished\":\"2013-10-15T16:32:00+00:00\",\"dateModified\":\"2013-10-15T16:32:00+00:00\",\"author\":{\"@id\":\"https:\/\/www.oidossucios.com\/site\/#\/schema\/person\/24559eeb76bf83a63296fb072393a688\"},\"description\":\"La agrupaci\\u00f3n caraque\\u00f1a de rock Vltravioleta comenz\\u00f3 este mes de octubre la promoci\\u00f3n de su segundo sencillo promocional \\\"Soledad Artificial\\\" perteneciente a su primer EP Ecos de la l\\u00ednea, producido por Claudio Ram\\u00edrez y Arturo Banus, y estrenado en marzo de 2013.\",\"inLanguage\":\"es\",\"potentialAction\":[{\"@type\":\"ReadAction\",\"target\":[\"https:\/\/www.oidossucios.com\/site\/vltravioleta-presenta-su-soledad-artificial\/\"]}]},{\"@type\":[\"Person\"],\"@id\":\"https:\/\/www.oidossucios.com\/site\/#\/schema\/person\/24559eeb76bf83a63296fb072393a688\",\"name\":\"Oidossucios\",\"image\":{\"@type\":\"ImageObject\",\"@id\":\"https:\/\/www.oidossucios.com\/site\/#personlogo\",\"inLanguage\":\"es\",\"url\":\"https:\/\/secure.gravatar.com\/avatar\/74fcb480f42f1a33e50a0b6e6369a3f907be2e43dc84fa5f76c66e9c22b4a5ab?s=96&d=mm&r=g\",\"caption\":\"Oidossucios\"},\"sameAs\":[\"https:\/\/twitter.com\/oidossucios\"]}]}<\/script>\n<!-- \/ Yoast SEO plugin. -->","jetpack_sharing_enabled":true,"_links":{"self":[{"href":"https:\/\/www.oidossucios.com\/site\/wp-json\/wp\/v2\/posts\/8007","targetHints":{"allow":["GET"]}}],"collection":[{"href":"https:\/\/www.oidossucios.com\/site\/wp-json\/wp\/v2\/posts"}],"about":[{"href":"https:\/\/www.oidossucios.com\/site\/wp-json\/wp\/v2\/types\/post"}],"author":[{"embeddable":true,"href":"https:\/\/www.oidossucios.com\/site\/wp-json\/wp\/v2\/users\/4"}],"replies":[{"embeddable":true,"href":"https:\/\/www.oidossucios.com\/site\/wp-json\/wp\/v2\/comments?post=8007"}],"version-history":[{"count":0,"href":"https:\/\/www.oidossucios.com\/site\/wp-json\/wp\/v2\/posts\/8007\/revisions"}],"wp:featuredmedia":[{"embeddable":true,"href":"https:\/\/www.oidossucios.com\/site\/wp-json\/wp\/v2\/media\/100008007"}],"wp:attachment":[{"href":"https:\/\/www.oidossucios.com\/site\/wp-json\/wp\/v2\/media?parent=8007"}],"wp:term":[{"taxonomy":"category","embeddable":true,"href":"https:\/\/www.oidossucios.com\/site\/wp-json\/wp\/v2\/categories?post=8007"},{"taxonomy":"post_tag","embeddable":true,"href":"https:\/\/www.oidossucios.com\/site\/wp-json\/wp\/v2\/tags?post=8007"}],"curies":[{"name":"wp","href":"https:\/\/api.w.org\/{rel}","templated":true}]}}