{"id":8035,"date":"2013-10-21T04:21:00","date_gmt":"2013-10-21T04:21:00","guid":{"rendered":"https:\/\/www.oidossucios.com\/site\/2013\/10\/21\/vuelve-la-banda-chilena-la-ley\/"},"modified":"2013-10-21T04:21:00","modified_gmt":"2013-10-21T04:21:00","slug":"vuelve-la-banda-chilena-la-ley","status":"publish","type":"post","link":"https:\/\/www.oidossucios.com\/site\/vuelve-la-banda-chilena-la-ley\/","title":{"rendered":"Vuelve la banda chilena La Ley"},"content":{"rendered":"<p>La banda chilena La Ley volver\u00e1 a reunirse tras ocho a\u00f1os de separaci\u00f3n para presentarse en el pr\u00f3ximo Festival de Vi\u00f1a del Mar y de igual manera realizar una gira por pa\u00edses latinoamericanos.<\/p>\n<p>Los organizadores de Vi\u00f1a del Mar fueron quienes confirmaron la noticia de que el grupo liderado por Beto Cuevas estar\u00e1 presente en la edici\u00f3n 2014 del certamen. Diversos medios tambi\u00e9n han dejado correr el rumor de una posible gira por Latinoam\u00e9rica de la banda y que adem\u00e1s, ya est\u00e1n trabajando en nuevas canciones.<\/p>\n<p>En esta reuni\u00f3n de La Ley, Cuevas estar\u00e1 acompa\u00f1ado por Mauricio Claver\u00eda y Pedro Frugone, bater\u00eda y guitarra respectivamente, que formaron parte de la alineaci\u00f3n oficial de la banda durante su \u00faltima etapa.<\/p>\n<p>Se ha sabido tambi\u00e9n que la reuni\u00f3n en Vi\u00f1a del Mar, servir\u00e1 tambi\u00e9n para que La Ley ofrezca un homenaje a su fundador y guitarrista original, Andr\u00e9s Bobe, a 20 a\u00f1os de su muerte.<\/p>\n<p>Los dem\u00e1s detalles de este regreso ser\u00e1n comentados por Beto Cuevas durante los Grammy Latino, el pr\u00f3ximo noviembre.<![endif]--><!--[if gte mso 10]> <\/style>\n\n <![endif]--><\/p>\n","protected":false},"excerpt":{"rendered":"<p>La banda chilena La Ley volver\u00e1 a reunirse tras ocho a\u00f1os de separaci\u00f3n para presentarse en el pr\u00f3ximo Festival de Vi\u00f1a del Mar y de igual manera realizar una gira por pa\u00edses latinoamericanos.<\/p>\n","protected":false},"author":4,"featured_media":100008035,"comment_status":"open","ping_status":"open","sticky":false,"template":"","format":"standard","meta":{"_jetpack_memberships_contains_paid_content":false,"footnotes":""},"categories":[250],"tags":[],"class_list":["post-8035","post","type-post","status-publish","format-standard","has-post-thumbnail","hentry","category-noticias"],"jetpack_featured_media_url":"https:\/\/www.oidossucios.com\/site\/wp-content\/uploads\/2013\/10\/8035.jpg","yoast_head":"<!-- This site is optimized with the Yoast SEO plugin v14.0.4 - https:\/\/yoast.com\/wordpress\/plugins\/seo\/ -->\n<title>Vuelve la banda chilena La Ley - OidosSucios.Com<\/title>\n<meta name=\"description\" content=\"La banda chilena La Ley volver\u00e1 a reunirse tras ocho a\u00f1os de separaci\u00f3n para presentarse en el pr\u00f3ximo Festival de Vi\u00f1a del Mar y de igual manera realizar una gira por pa\u00edses latinoamericanos.\" \/>\n<meta name=\"robots\" content=\"index, follow\" \/>\n<meta name=\"googlebot\" content=\"index, follow, max-snippet:-1, max-image-preview:large, max-video-preview:-1\" \/>\n<meta name=\"bingbot\" content=\"index, follow, max-snippet:-1, max-image-preview:large, max-video-preview:-1\" \/>\n<link rel=\"canonical\" href=\"https:\/\/www.oidossucios.com\/site\/vuelve-la-banda-chilena-la-ley\/\" \/>\n<meta property=\"og:locale\" content=\"es_ES\" \/>\n<meta property=\"og:type\" content=\"article\" \/>\n<meta property=\"og:title\" content=\"Vuelve la banda chilena La Ley - OidosSucios.Com\" \/>\n<meta property=\"og:description\" content=\"La banda chilena La Ley volver\u00e1 a reunirse tras ocho a\u00f1os de separaci\u00f3n para presentarse en el pr\u00f3ximo Festival de Vi\u00f1a del Mar y de igual manera realizar una gira por pa\u00edses latinoamericanos.\" \/>\n<meta property=\"og:url\" content=\"https:\/\/www.oidossucios.com\/site\/vuelve-la-banda-chilena-la-ley\/\" \/>\n<meta property=\"og:site_name\" content=\"OidosSucios.Com\" \/>\n<meta property=\"article:published_time\" content=\"2013-10-21T04:21:00+00:00\" \/>\n<meta property=\"og:image\" content=\"https:\/\/www.oidossucios.com\/site\/wp-content\/uploads\/2013\/10\/8035.jpg\" \/>\n\t<meta property=\"og:image:width\" content=\"350\" \/>\n\t<meta property=\"og:image:height\" content=\"300\" \/>\n<meta name=\"twitter:card\" content=\"summary_large_image\" \/>\n<meta name=\"twitter:creator\" content=\"@oidossucios\" \/>\n<script type=\"application\/ld+json\" class=\"yoast-schema-graph\">{\"@context\":\"https:\/\/schema.org\",\"@graph\":[{\"@type\":\"WebSite\",\"@id\":\"https:\/\/www.oidossucios.com\/site\/#website\",\"url\":\"https:\/\/www.oidossucios.com\/site\/\",\"name\":\"OidosSucios.Com\",\"description\":\"M\\u00fasica, conciertos, discos\",\"potentialAction\":[{\"@type\":\"SearchAction\",\"target\":\"https:\/\/www.oidossucios.com\/site\/?s={search_term_string}\",\"query-input\":\"required name=search_term_string\"}],\"inLanguage\":\"es\"},{\"@type\":\"ImageObject\",\"@id\":\"https:\/\/www.oidossucios.com\/site\/vuelve-la-banda-chilena-la-ley\/#primaryimage\",\"inLanguage\":\"es\",\"url\":\"https:\/\/www.oidossucios.com\/site\/wp-content\/uploads\/2013\/10\/8035.jpg\",\"width\":350,\"height\":300},{\"@type\":\"WebPage\",\"@id\":\"https:\/\/www.oidossucios.com\/site\/vuelve-la-banda-chilena-la-ley\/#webpage\",\"url\":\"https:\/\/www.oidossucios.com\/site\/vuelve-la-banda-chilena-la-ley\/\",\"name\":\"Vuelve la banda chilena La Ley - OidosSucios.Com\",\"isPartOf\":{\"@id\":\"https:\/\/www.oidossucios.com\/site\/#website\"},\"primaryImageOfPage\":{\"@id\":\"https:\/\/www.oidossucios.com\/site\/vuelve-la-banda-chilena-la-ley\/#primaryimage\"},\"datePublished\":\"2013-10-21T04:21:00+00:00\",\"dateModified\":\"2013-10-21T04:21:00+00:00\",\"author\":{\"@id\":\"https:\/\/www.oidossucios.com\/site\/#\/schema\/person\/24559eeb76bf83a63296fb072393a688\"},\"description\":\"La banda chilena La Ley volver\\u00e1 a reunirse tras ocho a\\u00f1os de separaci\\u00f3n para presentarse en el pr\\u00f3ximo Festival de Vi\\u00f1a del Mar y de igual manera realizar una gira por pa\\u00edses latinoamericanos.\",\"inLanguage\":\"es\",\"potentialAction\":[{\"@type\":\"ReadAction\",\"target\":[\"https:\/\/www.oidossucios.com\/site\/vuelve-la-banda-chilena-la-ley\/\"]}]},{\"@type\":[\"Person\"],\"@id\":\"https:\/\/www.oidossucios.com\/site\/#\/schema\/person\/24559eeb76bf83a63296fb072393a688\",\"name\":\"Oidossucios\",\"image\":{\"@type\":\"ImageObject\",\"@id\":\"https:\/\/www.oidossucios.com\/site\/#personlogo\",\"inLanguage\":\"es\",\"url\":\"https:\/\/secure.gravatar.com\/avatar\/74fcb480f42f1a33e50a0b6e6369a3f907be2e43dc84fa5f76c66e9c22b4a5ab?s=96&d=mm&r=g\",\"caption\":\"Oidossucios\"},\"sameAs\":[\"https:\/\/twitter.com\/oidossucios\"]}]}<\/script>\n<!-- \/ Yoast SEO plugin. -->","jetpack_sharing_enabled":true,"_links":{"self":[{"href":"https:\/\/www.oidossucios.com\/site\/wp-json\/wp\/v2\/posts\/8035","targetHints":{"allow":["GET"]}}],"collection":[{"href":"https:\/\/www.oidossucios.com\/site\/wp-json\/wp\/v2\/posts"}],"about":[{"href":"https:\/\/www.oidossucios.com\/site\/wp-json\/wp\/v2\/types\/post"}],"author":[{"embeddable":true,"href":"https:\/\/www.oidossucios.com\/site\/wp-json\/wp\/v2\/users\/4"}],"replies":[{"embeddable":true,"href":"https:\/\/www.oidossucios.com\/site\/wp-json\/wp\/v2\/comments?post=8035"}],"version-history":[{"count":0,"href":"https:\/\/www.oidossucios.com\/site\/wp-json\/wp\/v2\/posts\/8035\/revisions"}],"wp:featuredmedia":[{"embeddable":true,"href":"https:\/\/www.oidossucios.com\/site\/wp-json\/wp\/v2\/media\/100008035"}],"wp:attachment":[{"href":"https:\/\/www.oidossucios.com\/site\/wp-json\/wp\/v2\/media?parent=8035"}],"wp:term":[{"taxonomy":"category","embeddable":true,"href":"https:\/\/www.oidossucios.com\/site\/wp-json\/wp\/v2\/categories?post=8035"},{"taxonomy":"post_tag","embeddable":true,"href":"https:\/\/www.oidossucios.com\/site\/wp-json\/wp\/v2\/tags?post=8035"}],"curies":[{"name":"wp","href":"https:\/\/api.w.org\/{rel}","templated":true}]}}