{"id":8036,"date":"2013-10-21T05:04:00","date_gmt":"2013-10-21T05:04:00","guid":{"rendered":"https:\/\/www.oidossucios.com\/site\/2013\/10\/21\/morrissey-desafortunadamente-no-soy-homosexual\/"},"modified":"2013-10-21T05:04:00","modified_gmt":"2013-10-21T05:04:00","slug":"morrissey-desafortunadamente-no-soy-homosexual","status":"publish","type":"post","link":"https:\/\/www.oidossucios.com\/site\/morrissey-desafortunadamente-no-soy-homosexual\/","title":{"rendered":"Morrissey: &#8220;Desafortunadamente, no soy homosexual&#8221;"},"content":{"rendered":"<p>El ic\u00f3nico cantante Morrissey se vio en la necesidad de aclarar varios rumores tras la salida de su autobiograf\u00eda oficial hace un par de d\u00edas.<\/p>\n<p>El ex l\u00edder de The Smiths dej\u00f3 una nota en el site de fan\u00e1ticos <a href=\"http:\/\/true-to-you.net\/morrissey_news_131019_01\">True To You<\/a>: &#8220;Desafortunadamente, no soy homosexual. De hecho t\u00e9cnicamente, soy humanosexual. Me atraen los humanos. Pero no muchos por supuesto&#8221;.<\/p>\n<p>Sin embargo, el cantante brit\u00e1nico revel\u00f3 en el libro <i>Morrisey Autobiography<\/i> que su primera relaci\u00f3n amorosa seria la tuvo con un fot\u00f3grafo llamado Jake Walters cuando ten\u00eda 35 a\u00f1os.<\/p>\n<p>&#8220;Por primera vez el eterno &#8220;yo&#8221; se convirti\u00f3 en &#8220;nosotros&#8221; cuando, finalmente, pude entenderme con alguien&#8221;, se\u00f1ala un p\u00e1rrafo de la obra.<\/p>\n<p>Tambi\u00e9n habla en su libro de 470 p\u00e1ginas que en alg\u00fan momento tuvo una relaci\u00f3n con Tina Dehghani, una iran\u00ed que viv\u00eda en California, y con quien manej\u00f3 la posibilidad de formar una familia.<\/p>\n<p>El ingl\u00e9s tambi\u00e9n admiti\u00f3 su &#8220;falta de inter\u00e9s&#8221; hacia las mujeres durante la adolescencia: &#8220;Las chicas continuaban sinti\u00e9ndose misteriosamente atra\u00eddas hacia m\u00ed y yo no ten\u00eda ni idea por qu\u00e9&#8221;.<i><\/p>\n<p>Morrisey Autobiography<\/i>fue publicada bajo el sello Penguin Classics, lo que sit\u00faa al emblem\u00e1tico cantante al nivel de Oscar Wilde, Thomas Hardy y Virgilio, todos autores publicados por la editorial.<![endif]--><!--[if gte mso 10]> <\/style>\n\n <![endif]--><\/p>\n","protected":false},"excerpt":{"rendered":"<p>El ic\u00f3nico cantante Morrissey se vio en la necesidad de aclarar varios rumores tras la salida de su autobiograf\u00eda oficial hace un par de d\u00edas.<\/p>\n","protected":false},"author":4,"featured_media":100008036,"comment_status":"open","ping_status":"open","sticky":false,"template":"","format":"standard","meta":{"_jetpack_memberships_contains_paid_content":false,"footnotes":""},"categories":[250],"tags":[],"class_list":["post-8036","post","type-post","status-publish","format-standard","has-post-thumbnail","hentry","category-noticias"],"jetpack_featured_media_url":"https:\/\/www.oidossucios.com\/site\/wp-content\/uploads\/2013\/10\/8036.jpg","yoast_head":"<!-- This site is optimized with the Yoast SEO plugin v14.0.4 - https:\/\/yoast.com\/wordpress\/plugins\/seo\/ -->\n<title>Morrissey: &quot;Desafortunadamente, no soy homosexual&quot; - OidosSucios.Com<\/title>\n<meta name=\"description\" content=\"El ic\u00f3nico cantante Morrissey se vio en la necesidad de aclarar varios rumores tras la salida de su autobiograf\u00eda oficial hace un par de d\u00edas.\" \/>\n<meta name=\"robots\" content=\"index, follow\" \/>\n<meta name=\"googlebot\" content=\"index, follow, max-snippet:-1, max-image-preview:large, max-video-preview:-1\" \/>\n<meta name=\"bingbot\" content=\"index, follow, max-snippet:-1, max-image-preview:large, max-video-preview:-1\" \/>\n<link rel=\"canonical\" href=\"https:\/\/www.oidossucios.com\/site\/morrissey-desafortunadamente-no-soy-homosexual\/\" \/>\n<meta property=\"og:locale\" content=\"es_ES\" \/>\n<meta property=\"og:type\" content=\"article\" \/>\n<meta property=\"og:title\" content=\"Morrissey: &quot;Desafortunadamente, no soy homosexual&quot; - OidosSucios.Com\" \/>\n<meta property=\"og:description\" content=\"El ic\u00f3nico cantante Morrissey se vio en la necesidad de aclarar varios rumores tras la salida de su autobiograf\u00eda oficial hace un par de d\u00edas.\" \/>\n<meta property=\"og:url\" content=\"https:\/\/www.oidossucios.com\/site\/morrissey-desafortunadamente-no-soy-homosexual\/\" \/>\n<meta property=\"og:site_name\" content=\"OidosSucios.Com\" \/>\n<meta property=\"article:published_time\" content=\"2013-10-21T05:04:00+00:00\" \/>\n<meta property=\"og:image\" content=\"https:\/\/www.oidossucios.com\/site\/wp-content\/uploads\/2013\/10\/8036.jpg\" \/>\n\t<meta property=\"og:image:width\" content=\"350\" \/>\n\t<meta property=\"og:image:height\" content=\"300\" \/>\n<meta name=\"twitter:card\" content=\"summary_large_image\" \/>\n<meta name=\"twitter:creator\" content=\"@oidossucios\" \/>\n<script type=\"application\/ld+json\" class=\"yoast-schema-graph\">{\"@context\":\"https:\/\/schema.org\",\"@graph\":[{\"@type\":\"WebSite\",\"@id\":\"https:\/\/www.oidossucios.com\/site\/#website\",\"url\":\"https:\/\/www.oidossucios.com\/site\/\",\"name\":\"OidosSucios.Com\",\"description\":\"M\\u00fasica, conciertos, discos\",\"potentialAction\":[{\"@type\":\"SearchAction\",\"target\":\"https:\/\/www.oidossucios.com\/site\/?s={search_term_string}\",\"query-input\":\"required name=search_term_string\"}],\"inLanguage\":\"es\"},{\"@type\":\"ImageObject\",\"@id\":\"https:\/\/www.oidossucios.com\/site\/morrissey-desafortunadamente-no-soy-homosexual\/#primaryimage\",\"inLanguage\":\"es\",\"url\":\"https:\/\/www.oidossucios.com\/site\/wp-content\/uploads\/2013\/10\/8036.jpg\",\"width\":350,\"height\":300},{\"@type\":\"WebPage\",\"@id\":\"https:\/\/www.oidossucios.com\/site\/morrissey-desafortunadamente-no-soy-homosexual\/#webpage\",\"url\":\"https:\/\/www.oidossucios.com\/site\/morrissey-desafortunadamente-no-soy-homosexual\/\",\"name\":\"Morrissey: \\\"Desafortunadamente, no soy homosexual\\\" - OidosSucios.Com\",\"isPartOf\":{\"@id\":\"https:\/\/www.oidossucios.com\/site\/#website\"},\"primaryImageOfPage\":{\"@id\":\"https:\/\/www.oidossucios.com\/site\/morrissey-desafortunadamente-no-soy-homosexual\/#primaryimage\"},\"datePublished\":\"2013-10-21T05:04:00+00:00\",\"dateModified\":\"2013-10-21T05:04:00+00:00\",\"author\":{\"@id\":\"https:\/\/www.oidossucios.com\/site\/#\/schema\/person\/24559eeb76bf83a63296fb072393a688\"},\"description\":\"El ic\\u00f3nico cantante Morrissey se vio en la necesidad de aclarar varios rumores tras la salida de su autobiograf\\u00eda oficial hace un par de d\\u00edas.\",\"inLanguage\":\"es\",\"potentialAction\":[{\"@type\":\"ReadAction\",\"target\":[\"https:\/\/www.oidossucios.com\/site\/morrissey-desafortunadamente-no-soy-homosexual\/\"]}]},{\"@type\":[\"Person\"],\"@id\":\"https:\/\/www.oidossucios.com\/site\/#\/schema\/person\/24559eeb76bf83a63296fb072393a688\",\"name\":\"Oidossucios\",\"image\":{\"@type\":\"ImageObject\",\"@id\":\"https:\/\/www.oidossucios.com\/site\/#personlogo\",\"inLanguage\":\"es\",\"url\":\"https:\/\/secure.gravatar.com\/avatar\/74fcb480f42f1a33e50a0b6e6369a3f907be2e43dc84fa5f76c66e9c22b4a5ab?s=96&d=mm&r=g\",\"caption\":\"Oidossucios\"},\"sameAs\":[\"https:\/\/twitter.com\/oidossucios\"]}]}<\/script>\n<!-- \/ Yoast SEO plugin. -->","jetpack_sharing_enabled":true,"_links":{"self":[{"href":"https:\/\/www.oidossucios.com\/site\/wp-json\/wp\/v2\/posts\/8036","targetHints":{"allow":["GET"]}}],"collection":[{"href":"https:\/\/www.oidossucios.com\/site\/wp-json\/wp\/v2\/posts"}],"about":[{"href":"https:\/\/www.oidossucios.com\/site\/wp-json\/wp\/v2\/types\/post"}],"author":[{"embeddable":true,"href":"https:\/\/www.oidossucios.com\/site\/wp-json\/wp\/v2\/users\/4"}],"replies":[{"embeddable":true,"href":"https:\/\/www.oidossucios.com\/site\/wp-json\/wp\/v2\/comments?post=8036"}],"version-history":[{"count":0,"href":"https:\/\/www.oidossucios.com\/site\/wp-json\/wp\/v2\/posts\/8036\/revisions"}],"wp:featuredmedia":[{"embeddable":true,"href":"https:\/\/www.oidossucios.com\/site\/wp-json\/wp\/v2\/media\/100008036"}],"wp:attachment":[{"href":"https:\/\/www.oidossucios.com\/site\/wp-json\/wp\/v2\/media?parent=8036"}],"wp:term":[{"taxonomy":"category","embeddable":true,"href":"https:\/\/www.oidossucios.com\/site\/wp-json\/wp\/v2\/categories?post=8036"},{"taxonomy":"post_tag","embeddable":true,"href":"https:\/\/www.oidossucios.com\/site\/wp-json\/wp\/v2\/tags?post=8036"}],"curies":[{"name":"wp","href":"https:\/\/api.w.org\/{rel}","templated":true}]}}