{"id":8039,"date":"2013-10-21T05:18:00","date_gmt":"2013-10-21T05:18:00","guid":{"rendered":"https:\/\/www.oidossucios.com\/site\/2013\/10\/21\/muse-planea-grabar-nuevo-disco-en-2014\/"},"modified":"2013-10-21T05:18:00","modified_gmt":"2013-10-21T05:18:00","slug":"muse-planea-grabar-nuevo-disco-en-2014","status":"publish","type":"post","link":"https:\/\/www.oidossucios.com\/site\/muse-planea-grabar-nuevo-disco-en-2014\/","title":{"rendered":"Muse planea grabar nuevo disco en 2014"},"content":{"rendered":"<p>Luego del \u00e9xito obtenido con su m\u00e1s reciente producci\u00f3n, <i>The 2nd Law<\/i>, Muse planea empezar a trabajar en su nuevo disco a partir del pr\u00f3ximo a\u00f1o.<\/p>\n<p>En entrevista con Billboard, Matt Bellamy, l\u00edder de la banda, asegur\u00f3 que aunque planean tomar un breve descanso \u0097como han hecho entre disco y disco\u0097 esperan iniciar la composici\u00f3n de su nueva producci\u00f3n e incluso la grabaci\u00f3n, todo depender\u00e1 de c\u00f3mo fluyan las cosas: &#8220;A principio de a\u00f1o probablemente tomemos un descanso de algunos meses y, en alg\u00fan punto de 2014, empezaremos a escribir nueva m\u00fasica. Creo que si todo sale bien empezaremos a grabar algo de m\u00fasica el pr\u00f3ximo a\u00f1o.&#8221;<\/p>\n<p>Esta declaraci\u00f3n se opone a la insinuaci\u00f3n que hiciera el mismo m\u00fasico respecto a una posible gira mundial para celebrar su 20\u00ba aniversario; lo que s\u00ed es seguro es la salida de <i>Muse \u0096 Live At Rome Olympic Stadium<\/i>, pel\u00edcula que llegar\u00e1 a 100 cines de todo el mundo en Ultra High Definition, el pr\u00f3ximo mes de noviembre.<\/p>\n<p>Fuente: www.warp.la<![endif]--><!--[if gte mso 10]> <\/style>\n\n <![endif]--><\/p>\n","protected":false},"excerpt":{"rendered":"<p>Luego del \u00e9xito obtenido con su m\u00e1s reciente producci\u00f3n, The 2nd Law, Muse planea empezar a trabajar en su nuevo disco a partir del pr\u00f3ximo a\u00f1o. En entrevista con Billboard, Matt Bellamy, l\u00edder de la banda, asegur\u00f3 que aunque planean tomar un breve descanso \u0097como han hecho entre disco y disco\u0097 esperan iniciar la composici\u00f3n [&hellip;]<\/p>\n","protected":false},"author":4,"featured_media":100008039,"comment_status":"open","ping_status":"open","sticky":false,"template":"","format":"standard","meta":{"_jetpack_memberships_contains_paid_content":false,"footnotes":""},"categories":[142],"tags":[],"class_list":["post-8039","post","type-post","status-publish","format-standard","has-post-thumbnail","hentry","category-buzznews"],"jetpack_featured_media_url":"https:\/\/www.oidossucios.com\/site\/wp-content\/uploads\/2013\/10\/8039.jpg","yoast_head":"<!-- This site is optimized with the Yoast SEO plugin v14.0.4 - https:\/\/yoast.com\/wordpress\/plugins\/seo\/ -->\n<title>Muse planea grabar nuevo disco en 2014 - OidosSucios.Com<\/title>\n<meta name=\"robots\" content=\"index, follow\" \/>\n<meta name=\"googlebot\" content=\"index, follow, max-snippet:-1, max-image-preview:large, max-video-preview:-1\" \/>\n<meta name=\"bingbot\" content=\"index, follow, max-snippet:-1, max-image-preview:large, max-video-preview:-1\" \/>\n<link rel=\"canonical\" href=\"https:\/\/www.oidossucios.com\/site\/muse-planea-grabar-nuevo-disco-en-2014\/\" \/>\n<meta property=\"og:locale\" content=\"es_ES\" \/>\n<meta property=\"og:type\" content=\"article\" \/>\n<meta property=\"og:title\" content=\"Muse planea grabar nuevo disco en 2014 - OidosSucios.Com\" \/>\n<meta property=\"og:description\" content=\"Luego del \u00e9xito obtenido con su m\u00e1s reciente producci\u00f3n, The 2nd Law, Muse planea empezar a trabajar en su nuevo disco a partir del pr\u00f3ximo a\u00f1o. En entrevista con Billboard, Matt Bellamy, l\u00edder de la banda, asegur\u00f3 que aunque planean tomar un breve descanso \u0097como han hecho entre disco y disco\u0097 esperan iniciar la composici\u00f3n [&hellip;]\" \/>\n<meta property=\"og:url\" content=\"https:\/\/www.oidossucios.com\/site\/muse-planea-grabar-nuevo-disco-en-2014\/\" \/>\n<meta property=\"og:site_name\" content=\"OidosSucios.Com\" \/>\n<meta property=\"article:published_time\" content=\"2013-10-21T05:18:00+00:00\" \/>\n<meta property=\"og:image\" content=\"https:\/\/www.oidossucios.com\/site\/wp-content\/uploads\/2013\/10\/8039.jpg\" \/>\n\t<meta property=\"og:image:width\" content=\"350\" \/>\n\t<meta property=\"og:image:height\" content=\"300\" \/>\n<meta name=\"twitter:card\" content=\"summary_large_image\" \/>\n<meta name=\"twitter:creator\" content=\"@oidossucios\" \/>\n<script type=\"application\/ld+json\" class=\"yoast-schema-graph\">{\"@context\":\"https:\/\/schema.org\",\"@graph\":[{\"@type\":\"WebSite\",\"@id\":\"https:\/\/www.oidossucios.com\/site\/#website\",\"url\":\"https:\/\/www.oidossucios.com\/site\/\",\"name\":\"OidosSucios.Com\",\"description\":\"M\\u00fasica, conciertos, discos\",\"potentialAction\":[{\"@type\":\"SearchAction\",\"target\":\"https:\/\/www.oidossucios.com\/site\/?s={search_term_string}\",\"query-input\":\"required name=search_term_string\"}],\"inLanguage\":\"es\"},{\"@type\":\"ImageObject\",\"@id\":\"https:\/\/www.oidossucios.com\/site\/muse-planea-grabar-nuevo-disco-en-2014\/#primaryimage\",\"inLanguage\":\"es\",\"url\":\"https:\/\/www.oidossucios.com\/site\/wp-content\/uploads\/2013\/10\/8039.jpg\",\"width\":350,\"height\":300},{\"@type\":\"WebPage\",\"@id\":\"https:\/\/www.oidossucios.com\/site\/muse-planea-grabar-nuevo-disco-en-2014\/#webpage\",\"url\":\"https:\/\/www.oidossucios.com\/site\/muse-planea-grabar-nuevo-disco-en-2014\/\",\"name\":\"Muse planea grabar nuevo disco en 2014 - OidosSucios.Com\",\"isPartOf\":{\"@id\":\"https:\/\/www.oidossucios.com\/site\/#website\"},\"primaryImageOfPage\":{\"@id\":\"https:\/\/www.oidossucios.com\/site\/muse-planea-grabar-nuevo-disco-en-2014\/#primaryimage\"},\"datePublished\":\"2013-10-21T05:18:00+00:00\",\"dateModified\":\"2013-10-21T05:18:00+00:00\",\"author\":{\"@id\":\"https:\/\/www.oidossucios.com\/site\/#\/schema\/person\/24559eeb76bf83a63296fb072393a688\"},\"inLanguage\":\"es\",\"potentialAction\":[{\"@type\":\"ReadAction\",\"target\":[\"https:\/\/www.oidossucios.com\/site\/muse-planea-grabar-nuevo-disco-en-2014\/\"]}]},{\"@type\":[\"Person\"],\"@id\":\"https:\/\/www.oidossucios.com\/site\/#\/schema\/person\/24559eeb76bf83a63296fb072393a688\",\"name\":\"Oidossucios\",\"image\":{\"@type\":\"ImageObject\",\"@id\":\"https:\/\/www.oidossucios.com\/site\/#personlogo\",\"inLanguage\":\"es\",\"url\":\"https:\/\/secure.gravatar.com\/avatar\/74fcb480f42f1a33e50a0b6e6369a3f907be2e43dc84fa5f76c66e9c22b4a5ab?s=96&d=mm&r=g\",\"caption\":\"Oidossucios\"},\"sameAs\":[\"https:\/\/twitter.com\/oidossucios\"]}]}<\/script>\n<!-- \/ Yoast SEO plugin. -->","jetpack_sharing_enabled":true,"_links":{"self":[{"href":"https:\/\/www.oidossucios.com\/site\/wp-json\/wp\/v2\/posts\/8039","targetHints":{"allow":["GET"]}}],"collection":[{"href":"https:\/\/www.oidossucios.com\/site\/wp-json\/wp\/v2\/posts"}],"about":[{"href":"https:\/\/www.oidossucios.com\/site\/wp-json\/wp\/v2\/types\/post"}],"author":[{"embeddable":true,"href":"https:\/\/www.oidossucios.com\/site\/wp-json\/wp\/v2\/users\/4"}],"replies":[{"embeddable":true,"href":"https:\/\/www.oidossucios.com\/site\/wp-json\/wp\/v2\/comments?post=8039"}],"version-history":[{"count":0,"href":"https:\/\/www.oidossucios.com\/site\/wp-json\/wp\/v2\/posts\/8039\/revisions"}],"wp:featuredmedia":[{"embeddable":true,"href":"https:\/\/www.oidossucios.com\/site\/wp-json\/wp\/v2\/media\/100008039"}],"wp:attachment":[{"href":"https:\/\/www.oidossucios.com\/site\/wp-json\/wp\/v2\/media?parent=8039"}],"wp:term":[{"taxonomy":"category","embeddable":true,"href":"https:\/\/www.oidossucios.com\/site\/wp-json\/wp\/v2\/categories?post=8039"},{"taxonomy":"post_tag","embeddable":true,"href":"https:\/\/www.oidossucios.com\/site\/wp-json\/wp\/v2\/tags?post=8039"}],"curies":[{"name":"wp","href":"https:\/\/api.w.org\/{rel}","templated":true}]}}