{"id":8041,"date":"2013-10-21T05:23:00","date_gmt":"2013-10-21T05:23:00","guid":{"rendered":"https:\/\/www.oidossucios.com\/site\/2013\/10\/21\/atoms-for-peace-estrena-video-before-your-very-eyes\/"},"modified":"2013-10-21T05:23:00","modified_gmt":"2013-10-21T05:23:00","slug":"atoms-for-peace-estrena-video-before-your-very-eyes","status":"publish","type":"post","link":"https:\/\/www.oidossucios.com\/site\/atoms-for-peace-estrena-video-before-your-very-eyes\/","title":{"rendered":"Atoms For Peace estrena video: &#8220;Before Your Very Eyes&#8221;"},"content":{"rendered":"<p>En medio de su gira de promoci\u00f3n de su \u00e1lbum debut, Atoms For Peace lanza un nuevo video, esta vez perteneciente al corte &#8220;Before Your Very Eyes&#8221;.<\/p>\n<p>Al parecer, este es el resultado del trabajo que la banda, y espec\u00edficamente Thom Yorke, realiz\u00f3 junto a la cineasta Laura Merians, quien ya hab\u00eda dado muestra de su talento en videos como &#8220;Mutual Core&#8221;, de Bj\u00f6rk.<\/p>\n<p>Durante el clip se presentan gr\u00e1ficos que plantean una zona des\u00e9rtica, de la cual sale el rostro gigante del tambi\u00e9n l\u00edder de Radiohead. Curvaturas de colores \u00e1ridos y edificios tambi\u00e9n se aprecian en esta obra.<\/p>\n<p>Fuente: www.warp.la<![endif]--><!--[if gte mso 10]> <\/style>\n\n <![endif]--><\/p>\n","protected":false},"excerpt":{"rendered":"<p>En medio de su gira de promoci\u00f3n de su \u00e1lbum debut, Atoms For Peace lanza un nuevo video, esta vez perteneciente al corte &#8220;Before Your Very Eyes&#8221;. Al parecer, este es el resultado del trabajo que la banda, y espec\u00edficamente Thom Yorke, realiz\u00f3 junto a la cineasta Laura Merians, quien ya hab\u00eda dado muestra de [&hellip;]<\/p>\n","protected":false},"author":4,"featured_media":0,"comment_status":"open","ping_status":"open","sticky":false,"template":"","format":"standard","meta":{"_jetpack_memberships_contains_paid_content":false,"footnotes":""},"categories":[142],"tags":[],"class_list":["post-8041","post","type-post","status-publish","format-standard","hentry","category-buzznews"],"jetpack_featured_media_url":"","yoast_head":"<!-- This site is optimized with the Yoast SEO plugin v14.0.4 - https:\/\/yoast.com\/wordpress\/plugins\/seo\/ -->\n<title>Atoms For Peace estrena video: &quot;Before Your Very Eyes&quot; - OidosSucios.Com<\/title>\n<meta name=\"robots\" content=\"index, follow\" \/>\n<meta name=\"googlebot\" content=\"index, follow, max-snippet:-1, max-image-preview:large, max-video-preview:-1\" \/>\n<meta name=\"bingbot\" content=\"index, follow, max-snippet:-1, max-image-preview:large, max-video-preview:-1\" \/>\n<link rel=\"canonical\" href=\"https:\/\/www.oidossucios.com\/site\/atoms-for-peace-estrena-video-before-your-very-eyes\/\" \/>\n<meta property=\"og:locale\" content=\"es_ES\" \/>\n<meta property=\"og:type\" content=\"article\" \/>\n<meta property=\"og:title\" content=\"Atoms For Peace estrena video: &quot;Before Your Very Eyes&quot; - OidosSucios.Com\" \/>\n<meta property=\"og:description\" content=\"En medio de su gira de promoci\u00f3n de su \u00e1lbum debut, Atoms For Peace lanza un nuevo video, esta vez perteneciente al corte &#8220;Before Your Very Eyes&#8221;. Al parecer, este es el resultado del trabajo que la banda, y espec\u00edficamente Thom Yorke, realiz\u00f3 junto a la cineasta Laura Merians, quien ya hab\u00eda dado muestra de [&hellip;]\" \/>\n<meta property=\"og:url\" content=\"https:\/\/www.oidossucios.com\/site\/atoms-for-peace-estrena-video-before-your-very-eyes\/\" \/>\n<meta property=\"og:site_name\" content=\"OidosSucios.Com\" \/>\n<meta property=\"article:published_time\" content=\"2013-10-21T05:23:00+00:00\" \/>\n<meta name=\"twitter:card\" content=\"summary_large_image\" \/>\n<meta name=\"twitter:creator\" content=\"@oidossucios\" \/>\n<script type=\"application\/ld+json\" class=\"yoast-schema-graph\">{\"@context\":\"https:\/\/schema.org\",\"@graph\":[{\"@type\":\"WebSite\",\"@id\":\"https:\/\/www.oidossucios.com\/site\/#website\",\"url\":\"https:\/\/www.oidossucios.com\/site\/\",\"name\":\"OidosSucios.Com\",\"description\":\"M\\u00fasica, conciertos, discos\",\"potentialAction\":[{\"@type\":\"SearchAction\",\"target\":\"https:\/\/www.oidossucios.com\/site\/?s={search_term_string}\",\"query-input\":\"required name=search_term_string\"}],\"inLanguage\":\"es\"},{\"@type\":\"WebPage\",\"@id\":\"https:\/\/www.oidossucios.com\/site\/atoms-for-peace-estrena-video-before-your-very-eyes\/#webpage\",\"url\":\"https:\/\/www.oidossucios.com\/site\/atoms-for-peace-estrena-video-before-your-very-eyes\/\",\"name\":\"Atoms For Peace estrena video: \\\"Before Your Very Eyes\\\" - OidosSucios.Com\",\"isPartOf\":{\"@id\":\"https:\/\/www.oidossucios.com\/site\/#website\"},\"datePublished\":\"2013-10-21T05:23:00+00:00\",\"dateModified\":\"2013-10-21T05:23:00+00:00\",\"author\":{\"@id\":\"https:\/\/www.oidossucios.com\/site\/#\/schema\/person\/24559eeb76bf83a63296fb072393a688\"},\"inLanguage\":\"es\",\"potentialAction\":[{\"@type\":\"ReadAction\",\"target\":[\"https:\/\/www.oidossucios.com\/site\/atoms-for-peace-estrena-video-before-your-very-eyes\/\"]}]},{\"@type\":[\"Person\"],\"@id\":\"https:\/\/www.oidossucios.com\/site\/#\/schema\/person\/24559eeb76bf83a63296fb072393a688\",\"name\":\"Oidossucios\",\"image\":{\"@type\":\"ImageObject\",\"@id\":\"https:\/\/www.oidossucios.com\/site\/#personlogo\",\"inLanguage\":\"es\",\"url\":\"https:\/\/secure.gravatar.com\/avatar\/74fcb480f42f1a33e50a0b6e6369a3f907be2e43dc84fa5f76c66e9c22b4a5ab?s=96&d=mm&r=g\",\"caption\":\"Oidossucios\"},\"sameAs\":[\"https:\/\/twitter.com\/oidossucios\"]}]}<\/script>\n<!-- \/ Yoast SEO plugin. -->","jetpack_sharing_enabled":true,"_links":{"self":[{"href":"https:\/\/www.oidossucios.com\/site\/wp-json\/wp\/v2\/posts\/8041","targetHints":{"allow":["GET"]}}],"collection":[{"href":"https:\/\/www.oidossucios.com\/site\/wp-json\/wp\/v2\/posts"}],"about":[{"href":"https:\/\/www.oidossucios.com\/site\/wp-json\/wp\/v2\/types\/post"}],"author":[{"embeddable":true,"href":"https:\/\/www.oidossucios.com\/site\/wp-json\/wp\/v2\/users\/4"}],"replies":[{"embeddable":true,"href":"https:\/\/www.oidossucios.com\/site\/wp-json\/wp\/v2\/comments?post=8041"}],"version-history":[{"count":0,"href":"https:\/\/www.oidossucios.com\/site\/wp-json\/wp\/v2\/posts\/8041\/revisions"}],"wp:attachment":[{"href":"https:\/\/www.oidossucios.com\/site\/wp-json\/wp\/v2\/media?parent=8041"}],"wp:term":[{"taxonomy":"category","embeddable":true,"href":"https:\/\/www.oidossucios.com\/site\/wp-json\/wp\/v2\/categories?post=8041"},{"taxonomy":"post_tag","embeddable":true,"href":"https:\/\/www.oidossucios.com\/site\/wp-json\/wp\/v2\/tags?post=8041"}],"curies":[{"name":"wp","href":"https:\/\/api.w.org\/{rel}","templated":true}]}}