{"id":8080,"date":"2013-10-29T06:51:00","date_gmt":"2013-10-29T06:51:00","guid":{"rendered":"https:\/\/www.oidossucios.com\/site\/2013\/10\/29\/laura-guevara-bautizara-su-disco-en-vivo-en-la-quinta-bar-este-sabado\/"},"modified":"2013-10-29T06:51:00","modified_gmt":"2013-10-29T06:51:00","slug":"laura-guevara-bautizara-su-disco-en-vivo-en-la-quinta-bar-este-sabado","status":"publish","type":"post","link":"https:\/\/www.oidossucios.com\/site\/laura-guevara-bautizara-su-disco-en-vivo-en-la-quinta-bar-este-sabado\/","title":{"rendered":"Laura Guevara bautizar\u00e1 su disco &quot;En vivo&quot; en La Quinta Bar este s\u00e1bado"},"content":{"rendered":"<p><![endif]-->La cantautora venezolana Laura Guevara bautizar\u00e1 este s\u00e1bado 2 de noviembre su disco <i>En Vivo<\/i>, grabado durante su participaci\u00f3n en el Primer Festival de Cantautores Generaci\u00f3n Siglo XXI, realizado en mayo de 2013, en el Centro Cultural BOD-Corp Banca.<\/p>\n<p>Lo har\u00e1 con un concierto en La Quinta Bar, donde tambi\u00e9n celebrar\u00e1 el D\u00eda de los Muertos, por lo que la artista invita no s\u00f3lo a escuchar su m\u00fasica, sino a tambi\u00e9n a disfrazarse para honrar la fecha.<\/p>\n<p>&#8220;Estamos preparando un show con performance, danza y efectos visuales&#8221;, acota Guevara sobre la presentaci\u00f3n que comenzar\u00e1 a las 10:00 pm.<\/p>\n<p>El \u00e1lbum contiene 10 canciones como &#8220;Agua&#8221;, &#8220;El constructor&#8221;, &#8220;T\u00fa&#8221; y &#8220;Late&#8221;, parte de un repertorio que fusiona diferentes g\u00e9neros, desde el pop hasta el jazz, con algunos ritmos tradicionales venezolanos, entre otros. \u00c9ste se podr\u00e1 conseguir en discotiendas como Acantus, del Centro Comercial San Ignacio.<\/p>\n<p>Laura Guevara, califica su obra como m\u00fasica de autor, por lo que siempre est\u00e1 en la b\u00fasqueda de nuevos sonidos que puedan enriquecer su propuesta. Recientemente, se present\u00f3 en la primera edici\u00f3n del Festival Caracas en Contratiempo, que reuni\u00f3 a buena parte de los exponentes de la m\u00fasica contempor\u00e1nea en Venezuela como C4 Tr\u00edo, Rafael &#8220;El Pollo&#8221; Brito, Hu\u00e1scar Barradas, McKlopedia, Los Sinverg\u00fcenzas, Nana Cadavieco y Jos\u00e9 Alejandro Delgado.<\/p>\n<p>En septiembre fue una de las artistas del Virgen Fest, en Puerto La Cruz, uno de los m\u00e1s importantes del Oriente del pa\u00eds para el rock y el pop, en el que se presentaron agrupaciones como Famasloop, Americania, Los Paranoias, Lebronch entre otros.<!--[if gte mso 10]> <\/style>\n\n <![endif]--><\/p>\n","protected":false},"excerpt":{"rendered":"<p>La cantautora venezolana Laura Guevara bautizar\u00e1 este s\u00e1bado 2 de noviembre su disco En Vivo, grabado durante su participaci\u00f3n en el Primer Festival de Cantautores Generaci\u00f3n Siglo XXI, realizado en mayo de 2013, en el Centro Cultural BOD-Corp Banca. Lo har\u00e1 con un concierto en La Quinta Bar, donde tambi\u00e9n celebrar\u00e1 el D\u00eda de los [&hellip;]<\/p>\n","protected":false},"author":4,"featured_media":0,"comment_status":"open","ping_status":"open","sticky":false,"template":"","format":"standard","meta":{"_jetpack_memberships_contains_paid_content":false,"footnotes":""},"categories":[142],"tags":[],"class_list":["post-8080","post","type-post","status-publish","format-standard","hentry","category-buzznews"],"jetpack_featured_media_url":"","yoast_head":"<!-- This site is optimized with the Yoast SEO plugin v14.0.4 - https:\/\/yoast.com\/wordpress\/plugins\/seo\/ -->\n<title>Laura Guevara bautizar\u00e1 su disco &quot;En vivo&quot; en La Quinta Bar este s\u00e1bado - OidosSucios.Com<\/title>\n<meta name=\"robots\" content=\"index, follow\" \/>\n<meta name=\"googlebot\" content=\"index, follow, max-snippet:-1, max-image-preview:large, max-video-preview:-1\" \/>\n<meta name=\"bingbot\" content=\"index, follow, max-snippet:-1, max-image-preview:large, max-video-preview:-1\" \/>\n<link rel=\"canonical\" href=\"https:\/\/www.oidossucios.com\/site\/laura-guevara-bautizara-su-disco-en-vivo-en-la-quinta-bar-este-sabado\/\" \/>\n<meta property=\"og:locale\" content=\"es_ES\" \/>\n<meta property=\"og:type\" content=\"article\" \/>\n<meta property=\"og:title\" content=\"Laura Guevara bautizar\u00e1 su disco &quot;En vivo&quot; en La Quinta Bar este s\u00e1bado - OidosSucios.Com\" \/>\n<meta property=\"og:description\" content=\"La cantautora venezolana Laura Guevara bautizar\u00e1 este s\u00e1bado 2 de noviembre su disco En Vivo, grabado durante su participaci\u00f3n en el Primer Festival de Cantautores Generaci\u00f3n Siglo XXI, realizado en mayo de 2013, en el Centro Cultural BOD-Corp Banca. Lo har\u00e1 con un concierto en La Quinta Bar, donde tambi\u00e9n celebrar\u00e1 el D\u00eda de los [&hellip;]\" \/>\n<meta property=\"og:url\" content=\"https:\/\/www.oidossucios.com\/site\/laura-guevara-bautizara-su-disco-en-vivo-en-la-quinta-bar-este-sabado\/\" \/>\n<meta property=\"og:site_name\" content=\"OidosSucios.Com\" \/>\n<meta property=\"article:published_time\" content=\"2013-10-29T06:51:00+00:00\" \/>\n<meta name=\"twitter:card\" content=\"summary_large_image\" \/>\n<meta name=\"twitter:creator\" content=\"@oidossucios\" \/>\n<script type=\"application\/ld+json\" class=\"yoast-schema-graph\">{\"@context\":\"https:\/\/schema.org\",\"@graph\":[{\"@type\":\"WebSite\",\"@id\":\"https:\/\/www.oidossucios.com\/site\/#website\",\"url\":\"https:\/\/www.oidossucios.com\/site\/\",\"name\":\"OidosSucios.Com\",\"description\":\"M\\u00fasica, conciertos, discos\",\"potentialAction\":[{\"@type\":\"SearchAction\",\"target\":\"https:\/\/www.oidossucios.com\/site\/?s={search_term_string}\",\"query-input\":\"required name=search_term_string\"}],\"inLanguage\":\"es\"},{\"@type\":\"WebPage\",\"@id\":\"https:\/\/www.oidossucios.com\/site\/laura-guevara-bautizara-su-disco-en-vivo-en-la-quinta-bar-este-sabado\/#webpage\",\"url\":\"https:\/\/www.oidossucios.com\/site\/laura-guevara-bautizara-su-disco-en-vivo-en-la-quinta-bar-este-sabado\/\",\"name\":\"Laura Guevara bautizar\\u00e1 su disco &quot;En vivo&quot; en La Quinta Bar este s\\u00e1bado - OidosSucios.Com\",\"isPartOf\":{\"@id\":\"https:\/\/www.oidossucios.com\/site\/#website\"},\"datePublished\":\"2013-10-29T06:51:00+00:00\",\"dateModified\":\"2013-10-29T06:51:00+00:00\",\"author\":{\"@id\":\"https:\/\/www.oidossucios.com\/site\/#\/schema\/person\/24559eeb76bf83a63296fb072393a688\"},\"inLanguage\":\"es\",\"potentialAction\":[{\"@type\":\"ReadAction\",\"target\":[\"https:\/\/www.oidossucios.com\/site\/laura-guevara-bautizara-su-disco-en-vivo-en-la-quinta-bar-este-sabado\/\"]}]},{\"@type\":[\"Person\"],\"@id\":\"https:\/\/www.oidossucios.com\/site\/#\/schema\/person\/24559eeb76bf83a63296fb072393a688\",\"name\":\"Oidossucios\",\"image\":{\"@type\":\"ImageObject\",\"@id\":\"https:\/\/www.oidossucios.com\/site\/#personlogo\",\"inLanguage\":\"es\",\"url\":\"https:\/\/secure.gravatar.com\/avatar\/74fcb480f42f1a33e50a0b6e6369a3f907be2e43dc84fa5f76c66e9c22b4a5ab?s=96&d=mm&r=g\",\"caption\":\"Oidossucios\"},\"sameAs\":[\"https:\/\/twitter.com\/oidossucios\"]}]}<\/script>\n<!-- \/ Yoast SEO plugin. -->","jetpack_sharing_enabled":true,"_links":{"self":[{"href":"https:\/\/www.oidossucios.com\/site\/wp-json\/wp\/v2\/posts\/8080","targetHints":{"allow":["GET"]}}],"collection":[{"href":"https:\/\/www.oidossucios.com\/site\/wp-json\/wp\/v2\/posts"}],"about":[{"href":"https:\/\/www.oidossucios.com\/site\/wp-json\/wp\/v2\/types\/post"}],"author":[{"embeddable":true,"href":"https:\/\/www.oidossucios.com\/site\/wp-json\/wp\/v2\/users\/4"}],"replies":[{"embeddable":true,"href":"https:\/\/www.oidossucios.com\/site\/wp-json\/wp\/v2\/comments?post=8080"}],"version-history":[{"count":0,"href":"https:\/\/www.oidossucios.com\/site\/wp-json\/wp\/v2\/posts\/8080\/revisions"}],"wp:attachment":[{"href":"https:\/\/www.oidossucios.com\/site\/wp-json\/wp\/v2\/media?parent=8080"}],"wp:term":[{"taxonomy":"category","embeddable":true,"href":"https:\/\/www.oidossucios.com\/site\/wp-json\/wp\/v2\/categories?post=8080"},{"taxonomy":"post_tag","embeddable":true,"href":"https:\/\/www.oidossucios.com\/site\/wp-json\/wp\/v2\/tags?post=8080"}],"curies":[{"name":"wp","href":"https:\/\/api.w.org\/{rel}","templated":true}]}}