{"id":8114,"date":"2013-11-04T14:38:00","date_gmt":"2013-11-04T14:38:00","guid":{"rendered":"https:\/\/www.oidossucios.com\/site\/2013\/11\/04\/steven-tyler-anuncia-disco-debut-como-solista\/"},"modified":"2013-11-04T14:38:00","modified_gmt":"2013-11-04T14:38:00","slug":"steven-tyler-anuncia-disco-debut-como-solista","status":"publish","type":"post","link":"https:\/\/www.oidossucios.com\/site\/steven-tyler-anuncia-disco-debut-como-solista\/","title":{"rendered":"Steven Tyler anuncia disco debut como solista"},"content":{"rendered":"<p>Con toda una vida consagrada a engrandecer el nombre de Aerosmith, su vocalista ha anunciado publicar su primer trabajo en solitario.<\/p>\n<p>Ya se sab\u00eda que Steven Tyler estaba preparando un disco bajo su propio nombre, y ahora dicha informaci\u00f3n se confirma de parte del mismo artista, quien afirma estar cerca de terminar su registro: &#8220;Estoy terminando algunas canciones para mi \u00e1lbum en solitario que estoy haciendo&#8221;, fue lo que dijo en una conversaci\u00f3n con WZLX.<\/p>\n<p>A\u00fan no se conoce fecha definitiva de salida del primer elep\u00e9 de Tyler, que ha lanzado singles en plano solista en m\u00e1s de una ocasi\u00f3n, pero el cantante asegura que durante el primer trimestre del 2014 tendremos noticias.<\/p>\n<p>Fuente: www.rockaxis.com<![endif]--><!--[if gte mso 10]> <\/style>\n\n <![endif]--><\/p>\n","protected":false},"excerpt":{"rendered":"<p>Con toda una vida consagrada a engrandecer el nombre de Aerosmith, su vocalista ha anunciado publicar su primer trabajo en solitario. Ya se sab\u00eda que Steven Tyler estaba preparando un disco bajo su propio nombre, y ahora dicha informaci\u00f3n se confirma de parte del mismo artista, quien afirma estar cerca de terminar su registro: &#8220;Estoy [&hellip;]<\/p>\n","protected":false},"author":4,"featured_media":0,"comment_status":"open","ping_status":"open","sticky":false,"template":"","format":"standard","meta":{"_jetpack_memberships_contains_paid_content":false,"footnotes":""},"categories":[142],"tags":[],"class_list":["post-8114","post","type-post","status-publish","format-standard","hentry","category-buzznews"],"jetpack_featured_media_url":"","yoast_head":"<!-- This site is optimized with the Yoast SEO plugin v14.0.4 - https:\/\/yoast.com\/wordpress\/plugins\/seo\/ -->\n<title>Steven Tyler anuncia disco debut como solista - OidosSucios.Com<\/title>\n<meta name=\"robots\" content=\"index, follow\" \/>\n<meta name=\"googlebot\" content=\"index, follow, max-snippet:-1, max-image-preview:large, max-video-preview:-1\" \/>\n<meta name=\"bingbot\" content=\"index, follow, max-snippet:-1, max-image-preview:large, max-video-preview:-1\" \/>\n<link rel=\"canonical\" href=\"https:\/\/www.oidossucios.com\/site\/steven-tyler-anuncia-disco-debut-como-solista\/\" \/>\n<meta property=\"og:locale\" content=\"es_ES\" \/>\n<meta property=\"og:type\" content=\"article\" \/>\n<meta property=\"og:title\" content=\"Steven Tyler anuncia disco debut como solista - OidosSucios.Com\" \/>\n<meta property=\"og:description\" content=\"Con toda una vida consagrada a engrandecer el nombre de Aerosmith, su vocalista ha anunciado publicar su primer trabajo en solitario. Ya se sab\u00eda que Steven Tyler estaba preparando un disco bajo su propio nombre, y ahora dicha informaci\u00f3n se confirma de parte del mismo artista, quien afirma estar cerca de terminar su registro: &#8220;Estoy [&hellip;]\" \/>\n<meta property=\"og:url\" content=\"https:\/\/www.oidossucios.com\/site\/steven-tyler-anuncia-disco-debut-como-solista\/\" \/>\n<meta property=\"og:site_name\" content=\"OidosSucios.Com\" \/>\n<meta property=\"article:published_time\" content=\"2013-11-04T14:38:00+00:00\" \/>\n<meta name=\"twitter:card\" content=\"summary_large_image\" \/>\n<meta name=\"twitter:creator\" content=\"@oidossucios\" \/>\n<script type=\"application\/ld+json\" class=\"yoast-schema-graph\">{\"@context\":\"https:\/\/schema.org\",\"@graph\":[{\"@type\":\"WebSite\",\"@id\":\"https:\/\/www.oidossucios.com\/site\/#website\",\"url\":\"https:\/\/www.oidossucios.com\/site\/\",\"name\":\"OidosSucios.Com\",\"description\":\"M\\u00fasica, conciertos, discos\",\"potentialAction\":[{\"@type\":\"SearchAction\",\"target\":\"https:\/\/www.oidossucios.com\/site\/?s={search_term_string}\",\"query-input\":\"required name=search_term_string\"}],\"inLanguage\":\"es\"},{\"@type\":\"WebPage\",\"@id\":\"https:\/\/www.oidossucios.com\/site\/steven-tyler-anuncia-disco-debut-como-solista\/#webpage\",\"url\":\"https:\/\/www.oidossucios.com\/site\/steven-tyler-anuncia-disco-debut-como-solista\/\",\"name\":\"Steven Tyler anuncia disco debut como solista - OidosSucios.Com\",\"isPartOf\":{\"@id\":\"https:\/\/www.oidossucios.com\/site\/#website\"},\"datePublished\":\"2013-11-04T14:38:00+00:00\",\"dateModified\":\"2013-11-04T14:38:00+00:00\",\"author\":{\"@id\":\"https:\/\/www.oidossucios.com\/site\/#\/schema\/person\/24559eeb76bf83a63296fb072393a688\"},\"inLanguage\":\"es\",\"potentialAction\":[{\"@type\":\"ReadAction\",\"target\":[\"https:\/\/www.oidossucios.com\/site\/steven-tyler-anuncia-disco-debut-como-solista\/\"]}]},{\"@type\":[\"Person\"],\"@id\":\"https:\/\/www.oidossucios.com\/site\/#\/schema\/person\/24559eeb76bf83a63296fb072393a688\",\"name\":\"Oidossucios\",\"image\":{\"@type\":\"ImageObject\",\"@id\":\"https:\/\/www.oidossucios.com\/site\/#personlogo\",\"inLanguage\":\"es\",\"url\":\"https:\/\/secure.gravatar.com\/avatar\/74fcb480f42f1a33e50a0b6e6369a3f907be2e43dc84fa5f76c66e9c22b4a5ab?s=96&d=mm&r=g\",\"caption\":\"Oidossucios\"},\"sameAs\":[\"https:\/\/twitter.com\/oidossucios\"]}]}<\/script>\n<!-- \/ Yoast SEO plugin. -->","jetpack_sharing_enabled":true,"_links":{"self":[{"href":"https:\/\/www.oidossucios.com\/site\/wp-json\/wp\/v2\/posts\/8114","targetHints":{"allow":["GET"]}}],"collection":[{"href":"https:\/\/www.oidossucios.com\/site\/wp-json\/wp\/v2\/posts"}],"about":[{"href":"https:\/\/www.oidossucios.com\/site\/wp-json\/wp\/v2\/types\/post"}],"author":[{"embeddable":true,"href":"https:\/\/www.oidossucios.com\/site\/wp-json\/wp\/v2\/users\/4"}],"replies":[{"embeddable":true,"href":"https:\/\/www.oidossucios.com\/site\/wp-json\/wp\/v2\/comments?post=8114"}],"version-history":[{"count":0,"href":"https:\/\/www.oidossucios.com\/site\/wp-json\/wp\/v2\/posts\/8114\/revisions"}],"wp:attachment":[{"href":"https:\/\/www.oidossucios.com\/site\/wp-json\/wp\/v2\/media?parent=8114"}],"wp:term":[{"taxonomy":"category","embeddable":true,"href":"https:\/\/www.oidossucios.com\/site\/wp-json\/wp\/v2\/categories?post=8114"},{"taxonomy":"post_tag","embeddable":true,"href":"https:\/\/www.oidossucios.com\/site\/wp-json\/wp\/v2\/tags?post=8114"}],"curies":[{"name":"wp","href":"https:\/\/api.w.org\/{rel}","templated":true}]}}