{"id":8116,"date":"2013-11-05T15:51:00","date_gmt":"2013-11-05T15:51:00","guid":{"rendered":"https:\/\/www.oidossucios.com\/site\/2013\/11\/05\/los-paranoias-estrenan-el-videoclip-la-arana\/"},"modified":"2013-11-05T15:51:00","modified_gmt":"2013-11-05T15:51:00","slug":"los-paranoias-estrenan-el-videoclip-la-arana","status":"publish","type":"post","link":"https:\/\/www.oidossucios.com\/site\/los-paranoias-estrenan-el-videoclip-la-arana\/","title":{"rendered":"Los Paranoias estrenan el videoclip &#8220;La Ara\u00f1a&#8221;"},"content":{"rendered":"<p>La banda caraque\u00f1a&nbsp; Los Paranoias regresa al plano audiovisual de la mano de Peter Odor, director del video perteneciente a &#8220;La Ara\u00f1a&#8221;, tercer sencillo promocional de su m\u00e1s reciente producci\u00f3n <i>Que Se Activen Las Alarmas<\/i>, el cual puedes disfrutar por su canal de YouTube.<\/p>\n<p>Esta pieza concebida como un video-performance, hace foco en la cada vez m\u00e1s estrecha relaci\u00f3n entre el hombre y el mundo digital, representada en un personaje que, como muchos, es capaz de develar lo m\u00e1s \u00edntimo de s\u00ed para destacar en el vasto mundo de las redes sociales digitales. Este videoclip cuenta con la modelo Lu L\u00fa como protagonista y con el desarrollo t\u00e9cnico de la productora audiovisual King vs Kong. Para este video, el director Peter Odor hizo uso de la peculiar textura de la &#8220;Harinezumi&#8221; una c\u00e1mara que ya se ha convertido en objeto de culto por artistas audiovisuales a nivel mundial.<\/p>\n<p>Los Paranoias son una de las bandas que m\u00e1s ha destacado en el terreno audiovisual al posicionar 6 de sus videos en la rotaci\u00f3n general de MTV, alcanzando lugares de gran importancia en el ranking de ese canal.<\/p>\n<p>Actualmente la banda contin\u00faa con la gira promocional de su m\u00e1s reciente disco, cuyas pr\u00f3ximas presentaciones ser\u00e1n en Sancris Casabar, San Crist\u00f3bal el 15 de noviembre y en Discovery Bar, Caracas el 29 del mismo mes.<\/p>\n<p>Para mayor informaci\u00f3n pueden seguir a King vs Kong en su twitter @Kingversuskong, as\u00ed como a la banda a trav\u00e9s de @LosParanoias o a su sello @maccarecords.<\/p>\n<p><\/p>\n","protected":false},"excerpt":{"rendered":"<p>La banda caraque\u00f1a&nbsp; Los Paranoias regresa al plano audiovisual de la mano de Peter Odor, director del video perteneciente a &#8220;La Ara\u00f1a&#8221;, tercer sencillo promocional de su m\u00e1s reciente producci\u00f3n Que Se Activen Las Alarmas, el cual puedes disfrutar por su canal de YouTube. Esta pieza concebida como un video-performance, hace foco en la cada [&hellip;]<\/p>\n","protected":false},"author":4,"featured_media":0,"comment_status":"open","ping_status":"open","sticky":false,"template":"","format":"standard","meta":{"_jetpack_memberships_contains_paid_content":false,"footnotes":""},"categories":[142],"tags":[],"class_list":["post-8116","post","type-post","status-publish","format-standard","hentry","category-buzznews"],"jetpack_featured_media_url":"","yoast_head":"<!-- This site is optimized with the Yoast SEO plugin v14.0.4 - https:\/\/yoast.com\/wordpress\/plugins\/seo\/ -->\n<title>Los Paranoias estrenan el videoclip &quot;La Ara\u00f1a&quot; - OidosSucios.Com<\/title>\n<meta name=\"robots\" content=\"index, follow\" \/>\n<meta name=\"googlebot\" content=\"index, follow, max-snippet:-1, max-image-preview:large, max-video-preview:-1\" \/>\n<meta name=\"bingbot\" content=\"index, follow, max-snippet:-1, max-image-preview:large, max-video-preview:-1\" \/>\n<link rel=\"canonical\" href=\"https:\/\/www.oidossucios.com\/site\/los-paranoias-estrenan-el-videoclip-la-arana\/\" \/>\n<meta property=\"og:locale\" content=\"es_ES\" \/>\n<meta property=\"og:type\" content=\"article\" \/>\n<meta property=\"og:title\" content=\"Los Paranoias estrenan el videoclip &quot;La Ara\u00f1a&quot; - OidosSucios.Com\" \/>\n<meta property=\"og:description\" content=\"La banda caraque\u00f1a&nbsp; Los Paranoias regresa al plano audiovisual de la mano de Peter Odor, director del video perteneciente a &#8220;La Ara\u00f1a&#8221;, tercer sencillo promocional de su m\u00e1s reciente producci\u00f3n Que Se Activen Las Alarmas, el cual puedes disfrutar por su canal de YouTube. Esta pieza concebida como un video-performance, hace foco en la cada [&hellip;]\" \/>\n<meta property=\"og:url\" content=\"https:\/\/www.oidossucios.com\/site\/los-paranoias-estrenan-el-videoclip-la-arana\/\" \/>\n<meta property=\"og:site_name\" content=\"OidosSucios.Com\" \/>\n<meta property=\"article:published_time\" content=\"2013-11-05T15:51:00+00:00\" \/>\n<meta name=\"twitter:card\" content=\"summary_large_image\" \/>\n<meta name=\"twitter:creator\" content=\"@oidossucios\" \/>\n<script type=\"application\/ld+json\" class=\"yoast-schema-graph\">{\"@context\":\"https:\/\/schema.org\",\"@graph\":[{\"@type\":\"WebSite\",\"@id\":\"https:\/\/www.oidossucios.com\/site\/#website\",\"url\":\"https:\/\/www.oidossucios.com\/site\/\",\"name\":\"OidosSucios.Com\",\"description\":\"M\\u00fasica, conciertos, discos\",\"potentialAction\":[{\"@type\":\"SearchAction\",\"target\":\"https:\/\/www.oidossucios.com\/site\/?s={search_term_string}\",\"query-input\":\"required name=search_term_string\"}],\"inLanguage\":\"es\"},{\"@type\":\"WebPage\",\"@id\":\"https:\/\/www.oidossucios.com\/site\/los-paranoias-estrenan-el-videoclip-la-arana\/#webpage\",\"url\":\"https:\/\/www.oidossucios.com\/site\/los-paranoias-estrenan-el-videoclip-la-arana\/\",\"name\":\"Los Paranoias estrenan el videoclip \\\"La Ara\\u00f1a\\\" - OidosSucios.Com\",\"isPartOf\":{\"@id\":\"https:\/\/www.oidossucios.com\/site\/#website\"},\"datePublished\":\"2013-11-05T15:51:00+00:00\",\"dateModified\":\"2013-11-05T15:51:00+00:00\",\"author\":{\"@id\":\"https:\/\/www.oidossucios.com\/site\/#\/schema\/person\/24559eeb76bf83a63296fb072393a688\"},\"inLanguage\":\"es\",\"potentialAction\":[{\"@type\":\"ReadAction\",\"target\":[\"https:\/\/www.oidossucios.com\/site\/los-paranoias-estrenan-el-videoclip-la-arana\/\"]}]},{\"@type\":[\"Person\"],\"@id\":\"https:\/\/www.oidossucios.com\/site\/#\/schema\/person\/24559eeb76bf83a63296fb072393a688\",\"name\":\"Oidossucios\",\"image\":{\"@type\":\"ImageObject\",\"@id\":\"https:\/\/www.oidossucios.com\/site\/#personlogo\",\"inLanguage\":\"es\",\"url\":\"https:\/\/secure.gravatar.com\/avatar\/74fcb480f42f1a33e50a0b6e6369a3f907be2e43dc84fa5f76c66e9c22b4a5ab?s=96&d=mm&r=g\",\"caption\":\"Oidossucios\"},\"sameAs\":[\"https:\/\/twitter.com\/oidossucios\"]}]}<\/script>\n<!-- \/ Yoast SEO plugin. -->","jetpack_sharing_enabled":true,"_links":{"self":[{"href":"https:\/\/www.oidossucios.com\/site\/wp-json\/wp\/v2\/posts\/8116","targetHints":{"allow":["GET"]}}],"collection":[{"href":"https:\/\/www.oidossucios.com\/site\/wp-json\/wp\/v2\/posts"}],"about":[{"href":"https:\/\/www.oidossucios.com\/site\/wp-json\/wp\/v2\/types\/post"}],"author":[{"embeddable":true,"href":"https:\/\/www.oidossucios.com\/site\/wp-json\/wp\/v2\/users\/4"}],"replies":[{"embeddable":true,"href":"https:\/\/www.oidossucios.com\/site\/wp-json\/wp\/v2\/comments?post=8116"}],"version-history":[{"count":0,"href":"https:\/\/www.oidossucios.com\/site\/wp-json\/wp\/v2\/posts\/8116\/revisions"}],"wp:attachment":[{"href":"https:\/\/www.oidossucios.com\/site\/wp-json\/wp\/v2\/media?parent=8116"}],"wp:term":[{"taxonomy":"category","embeddable":true,"href":"https:\/\/www.oidossucios.com\/site\/wp-json\/wp\/v2\/categories?post=8116"},{"taxonomy":"post_tag","embeddable":true,"href":"https:\/\/www.oidossucios.com\/site\/wp-json\/wp\/v2\/tags?post=8116"}],"curies":[{"name":"wp","href":"https:\/\/api.w.org\/{rel}","templated":true}]}}