{"id":8127,"date":"2013-11-06T09:46:00","date_gmt":"2013-11-06T09:46:00","guid":{"rendered":"https:\/\/www.oidossucios.com\/site\/2013\/11\/06\/linkin-park-tocara-completo-se-album-debut-hybrid-theory\/"},"modified":"2013-11-06T09:46:00","modified_gmt":"2013-11-06T09:46:00","slug":"linkin-park-tocara-completo-se-album-debut-hybrid-theory","status":"publish","type":"post","link":"https:\/\/www.oidossucios.com\/site\/linkin-park-tocara-completo-se-album-debut-hybrid-theory\/","title":{"rendered":"Linkin Park tocar\u00e1 completo se \u00e1lbum debut &#8220;Hybrid Theory&#8221;"},"content":{"rendered":"<p>Aunque el \u00e9xito nunca dej\u00f3 de estar de su lado, Linkin Park nunco pudo superar la marca dejada por su demoledor \u00e1lbum debut, al que recordar\u00e1 de manera especial el pr\u00f3ximo a\u00f1o.<\/p>\n<p>La banda ha confirmado su presencia en la edici\u00f3n 2014 del Download Festival como headliner. Para tributar el honor, se ha decidido tocar de forma completa <i>Hybrid Theory<\/i>, trabajo aparecido el a\u00f1o 2000 y que los catapult\u00f3 al estrellato mundial.<\/p>\n<p>El cantante Chester Bennington se refiri\u00f3 de la siguiente manera a la decisi\u00f3n: &#8220;Llev\u00e1bamos un tiempo pensando en la idea de tocar <i>Hybrid Theory<\/i> y la oportunidad perfecta es Download 2014&#8243;.<\/p>\n<p>No se ha confirmado que la iniciativa pueda convertirse en una gira, considerando que el pr\u00f3ximo a\u00f1o Linkin Park planea editar material in\u00e9dito. Por ahora, s\u00f3lo queda esperar el 14 de junio de 2014, d\u00eda en que el sexteto participar\u00e1 en el evento ingl\u00e9s.<\/p>\n<p>Fuente: www.rockaxis.com<![endif]--><!--[if gte mso 10]> <\/style>\n\n <![endif]--><\/p>\n","protected":false},"excerpt":{"rendered":"<p>Aunque el \u00e9xito nunca dej\u00f3 de estar de su lado, Linkin Park nunco pudo superar la marca dejada por su demoledor \u00e1lbum debut, al que recordar\u00e1 de manera especial el pr\u00f3ximo a\u00f1o. La banda ha confirmado su presencia en la edici\u00f3n 2014 del Download Festival como headliner. Para tributar el honor, se ha decidido tocar [&hellip;]<\/p>\n","protected":false},"author":4,"featured_media":0,"comment_status":"open","ping_status":"open","sticky":false,"template":"","format":"standard","meta":{"_jetpack_memberships_contains_paid_content":false,"footnotes":""},"categories":[142],"tags":[],"class_list":["post-8127","post","type-post","status-publish","format-standard","hentry","category-buzznews"],"jetpack_featured_media_url":"","yoast_head":"<!-- This site is optimized with the Yoast SEO plugin v14.0.4 - https:\/\/yoast.com\/wordpress\/plugins\/seo\/ -->\n<title>Linkin Park tocar\u00e1 completo se \u00e1lbum debut &quot;Hybrid Theory&quot; - OidosSucios.Com<\/title>\n<meta name=\"robots\" content=\"index, follow\" \/>\n<meta name=\"googlebot\" content=\"index, follow, max-snippet:-1, max-image-preview:large, max-video-preview:-1\" \/>\n<meta name=\"bingbot\" content=\"index, follow, max-snippet:-1, max-image-preview:large, max-video-preview:-1\" \/>\n<link rel=\"canonical\" href=\"https:\/\/www.oidossucios.com\/site\/linkin-park-tocara-completo-se-album-debut-hybrid-theory\/\" \/>\n<meta property=\"og:locale\" content=\"es_ES\" \/>\n<meta property=\"og:type\" content=\"article\" \/>\n<meta property=\"og:title\" content=\"Linkin Park tocar\u00e1 completo se \u00e1lbum debut &quot;Hybrid Theory&quot; - OidosSucios.Com\" \/>\n<meta property=\"og:description\" content=\"Aunque el \u00e9xito nunca dej\u00f3 de estar de su lado, Linkin Park nunco pudo superar la marca dejada por su demoledor \u00e1lbum debut, al que recordar\u00e1 de manera especial el pr\u00f3ximo a\u00f1o. La banda ha confirmado su presencia en la edici\u00f3n 2014 del Download Festival como headliner. Para tributar el honor, se ha decidido tocar [&hellip;]\" \/>\n<meta property=\"og:url\" content=\"https:\/\/www.oidossucios.com\/site\/linkin-park-tocara-completo-se-album-debut-hybrid-theory\/\" \/>\n<meta property=\"og:site_name\" content=\"OidosSucios.Com\" \/>\n<meta property=\"article:published_time\" content=\"2013-11-06T09:46:00+00:00\" \/>\n<meta name=\"twitter:card\" content=\"summary_large_image\" \/>\n<meta name=\"twitter:creator\" content=\"@oidossucios\" \/>\n<script type=\"application\/ld+json\" class=\"yoast-schema-graph\">{\"@context\":\"https:\/\/schema.org\",\"@graph\":[{\"@type\":\"WebSite\",\"@id\":\"https:\/\/www.oidossucios.com\/site\/#website\",\"url\":\"https:\/\/www.oidossucios.com\/site\/\",\"name\":\"OidosSucios.Com\",\"description\":\"M\\u00fasica, conciertos, discos\",\"potentialAction\":[{\"@type\":\"SearchAction\",\"target\":\"https:\/\/www.oidossucios.com\/site\/?s={search_term_string}\",\"query-input\":\"required name=search_term_string\"}],\"inLanguage\":\"es\"},{\"@type\":\"WebPage\",\"@id\":\"https:\/\/www.oidossucios.com\/site\/linkin-park-tocara-completo-se-album-debut-hybrid-theory\/#webpage\",\"url\":\"https:\/\/www.oidossucios.com\/site\/linkin-park-tocara-completo-se-album-debut-hybrid-theory\/\",\"name\":\"Linkin Park tocar\\u00e1 completo se \\u00e1lbum debut \\\"Hybrid Theory\\\" - OidosSucios.Com\",\"isPartOf\":{\"@id\":\"https:\/\/www.oidossucios.com\/site\/#website\"},\"datePublished\":\"2013-11-06T09:46:00+00:00\",\"dateModified\":\"2013-11-06T09:46:00+00:00\",\"author\":{\"@id\":\"https:\/\/www.oidossucios.com\/site\/#\/schema\/person\/24559eeb76bf83a63296fb072393a688\"},\"inLanguage\":\"es\",\"potentialAction\":[{\"@type\":\"ReadAction\",\"target\":[\"https:\/\/www.oidossucios.com\/site\/linkin-park-tocara-completo-se-album-debut-hybrid-theory\/\"]}]},{\"@type\":[\"Person\"],\"@id\":\"https:\/\/www.oidossucios.com\/site\/#\/schema\/person\/24559eeb76bf83a63296fb072393a688\",\"name\":\"Oidossucios\",\"image\":{\"@type\":\"ImageObject\",\"@id\":\"https:\/\/www.oidossucios.com\/site\/#personlogo\",\"inLanguage\":\"es\",\"url\":\"https:\/\/secure.gravatar.com\/avatar\/74fcb480f42f1a33e50a0b6e6369a3f907be2e43dc84fa5f76c66e9c22b4a5ab?s=96&d=mm&r=g\",\"caption\":\"Oidossucios\"},\"sameAs\":[\"https:\/\/twitter.com\/oidossucios\"]}]}<\/script>\n<!-- \/ Yoast SEO plugin. -->","jetpack_sharing_enabled":true,"_links":{"self":[{"href":"https:\/\/www.oidossucios.com\/site\/wp-json\/wp\/v2\/posts\/8127","targetHints":{"allow":["GET"]}}],"collection":[{"href":"https:\/\/www.oidossucios.com\/site\/wp-json\/wp\/v2\/posts"}],"about":[{"href":"https:\/\/www.oidossucios.com\/site\/wp-json\/wp\/v2\/types\/post"}],"author":[{"embeddable":true,"href":"https:\/\/www.oidossucios.com\/site\/wp-json\/wp\/v2\/users\/4"}],"replies":[{"embeddable":true,"href":"https:\/\/www.oidossucios.com\/site\/wp-json\/wp\/v2\/comments?post=8127"}],"version-history":[{"count":0,"href":"https:\/\/www.oidossucios.com\/site\/wp-json\/wp\/v2\/posts\/8127\/revisions"}],"wp:attachment":[{"href":"https:\/\/www.oidossucios.com\/site\/wp-json\/wp\/v2\/media?parent=8127"}],"wp:term":[{"taxonomy":"category","embeddable":true,"href":"https:\/\/www.oidossucios.com\/site\/wp-json\/wp\/v2\/categories?post=8127"},{"taxonomy":"post_tag","embeddable":true,"href":"https:\/\/www.oidossucios.com\/site\/wp-json\/wp\/v2\/tags?post=8127"}],"curies":[{"name":"wp","href":"https:\/\/api.w.org\/{rel}","templated":true}]}}