{"id":8128,"date":"2013-11-06T09:50:00","date_gmt":"2013-11-06T09:50:00","guid":{"rendered":"https:\/\/www.oidossucios.com\/site\/2013\/11\/06\/morrissey-dado-de-alta-tras-sufrir-conmocion-cerebral-y-traumatismo-cervical\/"},"modified":"2013-11-06T09:50:00","modified_gmt":"2013-11-06T09:50:00","slug":"morrissey-dado-de-alta-tras-sufrir-conmocion-cerebral-y-traumatismo-cervical","status":"publish","type":"post","link":"https:\/\/www.oidossucios.com\/site\/morrissey-dado-de-alta-tras-sufrir-conmocion-cerebral-y-traumatismo-cervical\/","title":{"rendered":"Morrissey, dado de alta tras sufrir conmoci\u00f3n cerebral y traumatismo cervical"},"content":{"rendered":"<p>Morrissey fue dado de alta este s\u00e1bado del Hospital Cedars-Sinai de Los Angeles, donde estuvo internado para recibir tratamiento por conmoci\u00f3n cerebral, traumatismo cervical y una lesi\u00f3n en el brazo.<\/p>\n<p>No se conocen muchos m\u00e1s detalles en torno a este suceso, si bien el portal <a href=\"http:\/\/true-to-you.net\/morrissey_news_131102_01\">True to You<\/a>, dedicado al ex vocalista de The Smiths, detalla estas lesiones y asegura que Morrissey quiere dar las gracias a todo el personal del centro hospitalario por su excelente nivel de cuidados y atenciones.<\/p>\n<p>Por ahora se desconocen los motivos que llevaron al m\u00fasico al hospital, si bien la prensa brit\u00e1nica, teniendo en cuenta las lesiones, especula con un accidente de tr\u00e1fico.<\/p>\n<p>Fuente: www.rollingstone.es<![endif]--><!--[if gte mso 10]> <\/style>\n\n <![endif]--><\/p>\n","protected":false},"excerpt":{"rendered":"<p>Morrissey fue dado de alta este s\u00e1bado del Hospital Cedars-Sinai de Los Angeles, donde estuvo internado para recibir tratamiento por conmoci\u00f3n cerebral, traumatismo cervical y una lesi\u00f3n en el brazo. No se conocen muchos m\u00e1s detalles en torno a este suceso, si bien el portal True to You, dedicado al ex vocalista de The Smiths, [&hellip;]<\/p>\n","protected":false},"author":4,"featured_media":100008128,"comment_status":"open","ping_status":"open","sticky":false,"template":"","format":"standard","meta":{"_jetpack_memberships_contains_paid_content":false,"footnotes":""},"categories":[142],"tags":[],"class_list":["post-8128","post","type-post","status-publish","format-standard","has-post-thumbnail","hentry","category-buzznews"],"jetpack_featured_media_url":"https:\/\/www.oidossucios.com\/site\/wp-content\/uploads\/2013\/11\/8128.jpg","yoast_head":"<!-- This site is optimized with the Yoast SEO plugin v14.0.4 - https:\/\/yoast.com\/wordpress\/plugins\/seo\/ -->\n<title>Morrissey, dado de alta tras sufrir conmoci\u00f3n cerebral y traumatismo cervical - OidosSucios.Com<\/title>\n<meta name=\"robots\" content=\"index, follow\" \/>\n<meta name=\"googlebot\" content=\"index, follow, max-snippet:-1, max-image-preview:large, max-video-preview:-1\" \/>\n<meta name=\"bingbot\" content=\"index, follow, max-snippet:-1, max-image-preview:large, max-video-preview:-1\" \/>\n<link rel=\"canonical\" href=\"https:\/\/www.oidossucios.com\/site\/morrissey-dado-de-alta-tras-sufrir-conmocion-cerebral-y-traumatismo-cervical\/\" \/>\n<meta property=\"og:locale\" content=\"es_ES\" \/>\n<meta property=\"og:type\" content=\"article\" \/>\n<meta property=\"og:title\" content=\"Morrissey, dado de alta tras sufrir conmoci\u00f3n cerebral y traumatismo cervical - OidosSucios.Com\" \/>\n<meta property=\"og:description\" content=\"Morrissey fue dado de alta este s\u00e1bado del Hospital Cedars-Sinai de Los Angeles, donde estuvo internado para recibir tratamiento por conmoci\u00f3n cerebral, traumatismo cervical y una lesi\u00f3n en el brazo. No se conocen muchos m\u00e1s detalles en torno a este suceso, si bien el portal True to You, dedicado al ex vocalista de The Smiths, [&hellip;]\" \/>\n<meta property=\"og:url\" content=\"https:\/\/www.oidossucios.com\/site\/morrissey-dado-de-alta-tras-sufrir-conmocion-cerebral-y-traumatismo-cervical\/\" \/>\n<meta property=\"og:site_name\" content=\"OidosSucios.Com\" \/>\n<meta property=\"article:published_time\" content=\"2013-11-06T09:50:00+00:00\" \/>\n<meta property=\"og:image\" content=\"https:\/\/www.oidossucios.com\/site\/wp-content\/uploads\/2013\/11\/8128.jpg\" \/>\n\t<meta property=\"og:image:width\" content=\"350\" \/>\n\t<meta property=\"og:image:height\" content=\"300\" \/>\n<meta name=\"twitter:card\" content=\"summary_large_image\" \/>\n<meta name=\"twitter:creator\" content=\"@oidossucios\" \/>\n<script type=\"application\/ld+json\" class=\"yoast-schema-graph\">{\"@context\":\"https:\/\/schema.org\",\"@graph\":[{\"@type\":\"WebSite\",\"@id\":\"https:\/\/www.oidossucios.com\/site\/#website\",\"url\":\"https:\/\/www.oidossucios.com\/site\/\",\"name\":\"OidosSucios.Com\",\"description\":\"M\\u00fasica, conciertos, discos\",\"potentialAction\":[{\"@type\":\"SearchAction\",\"target\":\"https:\/\/www.oidossucios.com\/site\/?s={search_term_string}\",\"query-input\":\"required name=search_term_string\"}],\"inLanguage\":\"es\"},{\"@type\":\"ImageObject\",\"@id\":\"https:\/\/www.oidossucios.com\/site\/morrissey-dado-de-alta-tras-sufrir-conmocion-cerebral-y-traumatismo-cervical\/#primaryimage\",\"inLanguage\":\"es\",\"url\":\"https:\/\/www.oidossucios.com\/site\/wp-content\/uploads\/2013\/11\/8128.jpg\",\"width\":350,\"height\":300},{\"@type\":\"WebPage\",\"@id\":\"https:\/\/www.oidossucios.com\/site\/morrissey-dado-de-alta-tras-sufrir-conmocion-cerebral-y-traumatismo-cervical\/#webpage\",\"url\":\"https:\/\/www.oidossucios.com\/site\/morrissey-dado-de-alta-tras-sufrir-conmocion-cerebral-y-traumatismo-cervical\/\",\"name\":\"Morrissey, dado de alta tras sufrir conmoci\\u00f3n cerebral y traumatismo cervical - OidosSucios.Com\",\"isPartOf\":{\"@id\":\"https:\/\/www.oidossucios.com\/site\/#website\"},\"primaryImageOfPage\":{\"@id\":\"https:\/\/www.oidossucios.com\/site\/morrissey-dado-de-alta-tras-sufrir-conmocion-cerebral-y-traumatismo-cervical\/#primaryimage\"},\"datePublished\":\"2013-11-06T09:50:00+00:00\",\"dateModified\":\"2013-11-06T09:50:00+00:00\",\"author\":{\"@id\":\"https:\/\/www.oidossucios.com\/site\/#\/schema\/person\/24559eeb76bf83a63296fb072393a688\"},\"inLanguage\":\"es\",\"potentialAction\":[{\"@type\":\"ReadAction\",\"target\":[\"https:\/\/www.oidossucios.com\/site\/morrissey-dado-de-alta-tras-sufrir-conmocion-cerebral-y-traumatismo-cervical\/\"]}]},{\"@type\":[\"Person\"],\"@id\":\"https:\/\/www.oidossucios.com\/site\/#\/schema\/person\/24559eeb76bf83a63296fb072393a688\",\"name\":\"Oidossucios\",\"image\":{\"@type\":\"ImageObject\",\"@id\":\"https:\/\/www.oidossucios.com\/site\/#personlogo\",\"inLanguage\":\"es\",\"url\":\"https:\/\/secure.gravatar.com\/avatar\/74fcb480f42f1a33e50a0b6e6369a3f907be2e43dc84fa5f76c66e9c22b4a5ab?s=96&d=mm&r=g\",\"caption\":\"Oidossucios\"},\"sameAs\":[\"https:\/\/twitter.com\/oidossucios\"]}]}<\/script>\n<!-- \/ Yoast SEO plugin. -->","jetpack_sharing_enabled":true,"_links":{"self":[{"href":"https:\/\/www.oidossucios.com\/site\/wp-json\/wp\/v2\/posts\/8128","targetHints":{"allow":["GET"]}}],"collection":[{"href":"https:\/\/www.oidossucios.com\/site\/wp-json\/wp\/v2\/posts"}],"about":[{"href":"https:\/\/www.oidossucios.com\/site\/wp-json\/wp\/v2\/types\/post"}],"author":[{"embeddable":true,"href":"https:\/\/www.oidossucios.com\/site\/wp-json\/wp\/v2\/users\/4"}],"replies":[{"embeddable":true,"href":"https:\/\/www.oidossucios.com\/site\/wp-json\/wp\/v2\/comments?post=8128"}],"version-history":[{"count":0,"href":"https:\/\/www.oidossucios.com\/site\/wp-json\/wp\/v2\/posts\/8128\/revisions"}],"wp:featuredmedia":[{"embeddable":true,"href":"https:\/\/www.oidossucios.com\/site\/wp-json\/wp\/v2\/media\/100008128"}],"wp:attachment":[{"href":"https:\/\/www.oidossucios.com\/site\/wp-json\/wp\/v2\/media?parent=8128"}],"wp:term":[{"taxonomy":"category","embeddable":true,"href":"https:\/\/www.oidossucios.com\/site\/wp-json\/wp\/v2\/categories?post=8128"},{"taxonomy":"post_tag","embeddable":true,"href":"https:\/\/www.oidossucios.com\/site\/wp-json\/wp\/v2\/tags?post=8128"}],"curies":[{"name":"wp","href":"https:\/\/api.w.org\/{rel}","templated":true}]}}