{"id":8132,"date":"2013-11-08T03:16:00","date_gmt":"2013-11-08T03:16:00","guid":{"rendered":"https:\/\/www.oidossucios.com\/site\/2013\/11\/08\/rumor-vicentico-y-bersuit-vergarabat-se-presentaran-en-caracas\/"},"modified":"2013-11-08T03:16:00","modified_gmt":"2013-11-08T03:16:00","slug":"rumor-vicentico-y-bersuit-vergarabat-se-presentaran-en-caracas","status":"publish","type":"post","link":"https:\/\/www.oidossucios.com\/site\/rumor-vicentico-y-bersuit-vergarabat-se-presentaran-en-caracas\/","title":{"rendered":"Rumor: Vicentico y Bersuit Vergarabat se presentar\u00e1n en Caracas"},"content":{"rendered":"<p>Por <\/p>\n<p>Vicentico y Bersuit Vergarabat se podr\u00edan presentar en la Plaza Diego Ibarra de Caracas este a\u00f1o.<\/p>\n<p>Hemos podido averiguar en OidosSucios.com que ambos artistas argentinos formar\u00edan parte de una serie de eventos que estar\u00e1n realiz\u00e1ndose este mes de manera gratuita en la tarima fija que se pretende instalar en la plaza.<\/p>\n<p>Bersuit Vergarabat sigue en la promoci\u00f3n de su m\u00e1s reciente material <i>La Revuelta, <\/i>editado el a\u00f1o pasado y primero tras la salida de su cantante Gustavo Cordera en 2009.<\/p>\n<p>Vicentico vuelve a la promoci\u00f3n de su \u00e1lbum solista <i>5 <\/i>(2012), tras haber paralizado un tiempo su promoci\u00f3n para volver a los escenarios &nbsp;con Los Fabulosos Cadillacs m\u00e1s temprano este a\u00f1o.<\/p>\n<p>Los Tres de Chile y Marc Anthony, son otros dos artistas que se est\u00e1n negociando para la plaza, pero a\u00fan no est\u00e1n confirmados.<![endif]--><!--[if gte mso 10]> <\/style>\n\n <![endif]--><\/p>\n","protected":false},"excerpt":{"rendered":"<p>Vicentico y Bersuit Vergarabat se podr\u00edan presentar en la Plaza Diego Ibarra de Caracas este a\u00f1o. <\/p>\n","protected":false},"author":4,"featured_media":100008132,"comment_status":"open","ping_status":"open","sticky":false,"template":"","format":"standard","meta":{"_jetpack_memberships_contains_paid_content":false,"footnotes":""},"categories":[640],"tags":[],"class_list":["post-8132","post","type-post","status-publish","format-standard","has-post-thumbnail","hentry","category-rumores"],"jetpack_featured_media_url":"https:\/\/www.oidossucios.com\/site\/wp-content\/uploads\/2013\/11\/8132.jpg","yoast_head":"<!-- This site is optimized with the Yoast SEO plugin v14.0.4 - https:\/\/yoast.com\/wordpress\/plugins\/seo\/ -->\n<title>Rumor: Vicentico y Bersuit Vergarabat se presentar\u00e1n en Caracas - OidosSucios.Com<\/title>\n<meta name=\"description\" content=\"Vicentico y Bersuit Vergarabat se podr\u00edan presentar en la Plaza Diego Ibarra de Caracas este a\u00f1o.\" \/>\n<meta name=\"robots\" content=\"index, follow\" \/>\n<meta name=\"googlebot\" content=\"index, follow, max-snippet:-1, max-image-preview:large, max-video-preview:-1\" \/>\n<meta name=\"bingbot\" content=\"index, follow, max-snippet:-1, max-image-preview:large, max-video-preview:-1\" \/>\n<link rel=\"canonical\" href=\"https:\/\/www.oidossucios.com\/site\/rumor-vicentico-y-bersuit-vergarabat-se-presentaran-en-caracas\/\" \/>\n<meta property=\"og:locale\" content=\"es_ES\" \/>\n<meta property=\"og:type\" content=\"article\" \/>\n<meta property=\"og:title\" content=\"Rumor: Vicentico y Bersuit Vergarabat se presentar\u00e1n en Caracas - OidosSucios.Com\" \/>\n<meta property=\"og:description\" content=\"Vicentico y Bersuit Vergarabat se podr\u00edan presentar en la Plaza Diego Ibarra de Caracas este a\u00f1o.\" \/>\n<meta property=\"og:url\" content=\"https:\/\/www.oidossucios.com\/site\/rumor-vicentico-y-bersuit-vergarabat-se-presentaran-en-caracas\/\" \/>\n<meta property=\"og:site_name\" content=\"OidosSucios.Com\" \/>\n<meta property=\"article:published_time\" content=\"2013-11-08T03:16:00+00:00\" \/>\n<meta property=\"og:image\" content=\"https:\/\/www.oidossucios.com\/site\/wp-content\/uploads\/2013\/11\/8132.jpg\" \/>\n\t<meta property=\"og:image:width\" content=\"350\" \/>\n\t<meta property=\"og:image:height\" content=\"300\" \/>\n<meta name=\"twitter:card\" content=\"summary_large_image\" \/>\n<meta name=\"twitter:creator\" content=\"@oidossucios\" \/>\n<script type=\"application\/ld+json\" class=\"yoast-schema-graph\">{\"@context\":\"https:\/\/schema.org\",\"@graph\":[{\"@type\":\"WebSite\",\"@id\":\"https:\/\/www.oidossucios.com\/site\/#website\",\"url\":\"https:\/\/www.oidossucios.com\/site\/\",\"name\":\"OidosSucios.Com\",\"description\":\"M\\u00fasica, conciertos, discos\",\"potentialAction\":[{\"@type\":\"SearchAction\",\"target\":\"https:\/\/www.oidossucios.com\/site\/?s={search_term_string}\",\"query-input\":\"required name=search_term_string\"}],\"inLanguage\":\"es\"},{\"@type\":\"ImageObject\",\"@id\":\"https:\/\/www.oidossucios.com\/site\/rumor-vicentico-y-bersuit-vergarabat-se-presentaran-en-caracas\/#primaryimage\",\"inLanguage\":\"es\",\"url\":\"https:\/\/www.oidossucios.com\/site\/wp-content\/uploads\/2013\/11\/8132.jpg\",\"width\":350,\"height\":300},{\"@type\":\"WebPage\",\"@id\":\"https:\/\/www.oidossucios.com\/site\/rumor-vicentico-y-bersuit-vergarabat-se-presentaran-en-caracas\/#webpage\",\"url\":\"https:\/\/www.oidossucios.com\/site\/rumor-vicentico-y-bersuit-vergarabat-se-presentaran-en-caracas\/\",\"name\":\"Rumor: Vicentico y Bersuit Vergarabat se presentar\\u00e1n en Caracas - OidosSucios.Com\",\"isPartOf\":{\"@id\":\"https:\/\/www.oidossucios.com\/site\/#website\"},\"primaryImageOfPage\":{\"@id\":\"https:\/\/www.oidossucios.com\/site\/rumor-vicentico-y-bersuit-vergarabat-se-presentaran-en-caracas\/#primaryimage\"},\"datePublished\":\"2013-11-08T03:16:00+00:00\",\"dateModified\":\"2013-11-08T03:16:00+00:00\",\"author\":{\"@id\":\"https:\/\/www.oidossucios.com\/site\/#\/schema\/person\/24559eeb76bf83a63296fb072393a688\"},\"description\":\"Vicentico y Bersuit Vergarabat se podr\\u00edan presentar en la Plaza Diego Ibarra de Caracas este a\\u00f1o.\",\"inLanguage\":\"es\",\"potentialAction\":[{\"@type\":\"ReadAction\",\"target\":[\"https:\/\/www.oidossucios.com\/site\/rumor-vicentico-y-bersuit-vergarabat-se-presentaran-en-caracas\/\"]}]},{\"@type\":[\"Person\"],\"@id\":\"https:\/\/www.oidossucios.com\/site\/#\/schema\/person\/24559eeb76bf83a63296fb072393a688\",\"name\":\"Oidossucios\",\"image\":{\"@type\":\"ImageObject\",\"@id\":\"https:\/\/www.oidossucios.com\/site\/#personlogo\",\"inLanguage\":\"es\",\"url\":\"https:\/\/secure.gravatar.com\/avatar\/74fcb480f42f1a33e50a0b6e6369a3f907be2e43dc84fa5f76c66e9c22b4a5ab?s=96&d=mm&r=g\",\"caption\":\"Oidossucios\"},\"sameAs\":[\"https:\/\/twitter.com\/oidossucios\"]}]}<\/script>\n<!-- \/ Yoast SEO plugin. -->","jetpack_sharing_enabled":true,"_links":{"self":[{"href":"https:\/\/www.oidossucios.com\/site\/wp-json\/wp\/v2\/posts\/8132","targetHints":{"allow":["GET"]}}],"collection":[{"href":"https:\/\/www.oidossucios.com\/site\/wp-json\/wp\/v2\/posts"}],"about":[{"href":"https:\/\/www.oidossucios.com\/site\/wp-json\/wp\/v2\/types\/post"}],"author":[{"embeddable":true,"href":"https:\/\/www.oidossucios.com\/site\/wp-json\/wp\/v2\/users\/4"}],"replies":[{"embeddable":true,"href":"https:\/\/www.oidossucios.com\/site\/wp-json\/wp\/v2\/comments?post=8132"}],"version-history":[{"count":0,"href":"https:\/\/www.oidossucios.com\/site\/wp-json\/wp\/v2\/posts\/8132\/revisions"}],"wp:featuredmedia":[{"embeddable":true,"href":"https:\/\/www.oidossucios.com\/site\/wp-json\/wp\/v2\/media\/100008132"}],"wp:attachment":[{"href":"https:\/\/www.oidossucios.com\/site\/wp-json\/wp\/v2\/media?parent=8132"}],"wp:term":[{"taxonomy":"category","embeddable":true,"href":"https:\/\/www.oidossucios.com\/site\/wp-json\/wp\/v2\/categories?post=8132"},{"taxonomy":"post_tag","embeddable":true,"href":"https:\/\/www.oidossucios.com\/site\/wp-json\/wp\/v2\/tags?post=8132"}],"curies":[{"name":"wp","href":"https:\/\/api.w.org\/{rel}","templated":true}]}}