{"id":8153,"date":"2013-11-12T03:38:00","date_gmt":"2013-11-12T03:38:00","guid":{"rendered":"https:\/\/www.oidossucios.com\/site\/2013\/11\/12\/abba-se-reunira-en-2014\/"},"modified":"2013-11-12T03:38:00","modified_gmt":"2013-11-12T03:38:00","slug":"abba-se-reunira-en-2014","status":"publish","type":"post","link":"https:\/\/www.oidossucios.com\/site\/abba-se-reunira-en-2014\/","title":{"rendered":"\u00bfABBA se reunir\u00e1 en 2014?"},"content":{"rendered":"<p>El pr\u00f3ximo 2014 se cumplir\u00e1n 40 a\u00f1os del primer gran hit de ABBA, &#8220;Waterloo&#8221;, y parece que la banda sueca planean celebrarlo por todo lo alto: en una entrevista al diario alem\u00e1n Welt Am Sontag, Agnetha Faltskog, una de las integrantes del cuarteto, ha reconocido que la banda &#8220;est\u00e1 pensando&#8221; reunirse para la celebraci\u00f3n.<\/p>\n<p>&#8220;Parece que hay planes para conmemorar el aniversario de alguna manera&#8221;, afirma la cantante, &#8220;aunque en este momento no puedo decir nada de lo que va a venir&#8221;. Falkstog, que tras dejar el grupo desapareci\u00f3 de la vida p\u00fablica durante a\u00f1os, achac\u00e1ndolo a una &#8220;sobredosis de fama&#8221;, hab\u00eda sido siempre considerada como una de las principales barreras para la vuelta de la banda.<\/p>\n<p>&#8220;Waterloo&#8221; fue la canci\u00f3n con la que ABBA gan\u00f3 Eurovisi\u00f3n en 1974. Desde su separaci\u00f3n en 1982, ha habido pocas ocasiones de ver a los miembros de la banda juntos, incluso fuera de los escenarios.<\/p>\n<p>Fuente: www.rollingstone.es<![endif]--><!--[if gte mso 10]> <\/style>\n\n <![endif]--><\/p>\n","protected":false},"excerpt":{"rendered":"<p>El pr\u00f3ximo 2014 se cumplir\u00e1n 40 a\u00f1os del primer gran hit de ABBA, &#8220;Waterloo&#8221;, y parece que la banda sueca planean celebrarlo por todo lo alto: en una entrevista al diario alem\u00e1n Welt Am Sontag, Agnetha Faltskog, una de las integrantes del cuarteto, ha reconocido que la banda &#8220;est\u00e1 pensando&#8221; reunirse para la celebraci\u00f3n. &#8220;Parece [&hellip;]<\/p>\n","protected":false},"author":4,"featured_media":0,"comment_status":"open","ping_status":"open","sticky":false,"template":"","format":"standard","meta":{"_jetpack_memberships_contains_paid_content":false,"footnotes":""},"categories":[142],"tags":[],"class_list":["post-8153","post","type-post","status-publish","format-standard","hentry","category-buzznews"],"jetpack_featured_media_url":"","yoast_head":"<!-- This site is optimized with the Yoast SEO plugin v14.0.4 - https:\/\/yoast.com\/wordpress\/plugins\/seo\/ -->\n<title>\u00bfABBA se reunir\u00e1 en 2014? - OidosSucios.Com<\/title>\n<meta name=\"robots\" content=\"index, follow\" \/>\n<meta name=\"googlebot\" content=\"index, follow, max-snippet:-1, max-image-preview:large, max-video-preview:-1\" \/>\n<meta name=\"bingbot\" content=\"index, follow, max-snippet:-1, max-image-preview:large, max-video-preview:-1\" \/>\n<link rel=\"canonical\" href=\"https:\/\/www.oidossucios.com\/site\/abba-se-reunira-en-2014\/\" \/>\n<meta property=\"og:locale\" content=\"es_ES\" \/>\n<meta property=\"og:type\" content=\"article\" \/>\n<meta property=\"og:title\" content=\"\u00bfABBA se reunir\u00e1 en 2014? - OidosSucios.Com\" \/>\n<meta property=\"og:description\" content=\"El pr\u00f3ximo 2014 se cumplir\u00e1n 40 a\u00f1os del primer gran hit de ABBA, &#8220;Waterloo&#8221;, y parece que la banda sueca planean celebrarlo por todo lo alto: en una entrevista al diario alem\u00e1n Welt Am Sontag, Agnetha Faltskog, una de las integrantes del cuarteto, ha reconocido que la banda &#8220;est\u00e1 pensando&#8221; reunirse para la celebraci\u00f3n. &#8220;Parece [&hellip;]\" \/>\n<meta property=\"og:url\" content=\"https:\/\/www.oidossucios.com\/site\/abba-se-reunira-en-2014\/\" \/>\n<meta property=\"og:site_name\" content=\"OidosSucios.Com\" \/>\n<meta property=\"article:published_time\" content=\"2013-11-12T03:38:00+00:00\" \/>\n<meta name=\"twitter:card\" content=\"summary_large_image\" \/>\n<meta name=\"twitter:creator\" content=\"@oidossucios\" \/>\n<script type=\"application\/ld+json\" class=\"yoast-schema-graph\">{\"@context\":\"https:\/\/schema.org\",\"@graph\":[{\"@type\":\"WebSite\",\"@id\":\"https:\/\/www.oidossucios.com\/site\/#website\",\"url\":\"https:\/\/www.oidossucios.com\/site\/\",\"name\":\"OidosSucios.Com\",\"description\":\"M\\u00fasica, conciertos, discos\",\"potentialAction\":[{\"@type\":\"SearchAction\",\"target\":\"https:\/\/www.oidossucios.com\/site\/?s={search_term_string}\",\"query-input\":\"required name=search_term_string\"}],\"inLanguage\":\"es\"},{\"@type\":\"WebPage\",\"@id\":\"https:\/\/www.oidossucios.com\/site\/abba-se-reunira-en-2014\/#webpage\",\"url\":\"https:\/\/www.oidossucios.com\/site\/abba-se-reunira-en-2014\/\",\"name\":\"\\u00bfABBA se reunir\\u00e1 en 2014? - OidosSucios.Com\",\"isPartOf\":{\"@id\":\"https:\/\/www.oidossucios.com\/site\/#website\"},\"datePublished\":\"2013-11-12T03:38:00+00:00\",\"dateModified\":\"2013-11-12T03:38:00+00:00\",\"author\":{\"@id\":\"https:\/\/www.oidossucios.com\/site\/#\/schema\/person\/24559eeb76bf83a63296fb072393a688\"},\"inLanguage\":\"es\",\"potentialAction\":[{\"@type\":\"ReadAction\",\"target\":[\"https:\/\/www.oidossucios.com\/site\/abba-se-reunira-en-2014\/\"]}]},{\"@type\":[\"Person\"],\"@id\":\"https:\/\/www.oidossucios.com\/site\/#\/schema\/person\/24559eeb76bf83a63296fb072393a688\",\"name\":\"Oidossucios\",\"image\":{\"@type\":\"ImageObject\",\"@id\":\"https:\/\/www.oidossucios.com\/site\/#personlogo\",\"inLanguage\":\"es\",\"url\":\"https:\/\/secure.gravatar.com\/avatar\/74fcb480f42f1a33e50a0b6e6369a3f907be2e43dc84fa5f76c66e9c22b4a5ab?s=96&d=mm&r=g\",\"caption\":\"Oidossucios\"},\"sameAs\":[\"https:\/\/twitter.com\/oidossucios\"]}]}<\/script>\n<!-- \/ Yoast SEO plugin. -->","jetpack_sharing_enabled":true,"_links":{"self":[{"href":"https:\/\/www.oidossucios.com\/site\/wp-json\/wp\/v2\/posts\/8153","targetHints":{"allow":["GET"]}}],"collection":[{"href":"https:\/\/www.oidossucios.com\/site\/wp-json\/wp\/v2\/posts"}],"about":[{"href":"https:\/\/www.oidossucios.com\/site\/wp-json\/wp\/v2\/types\/post"}],"author":[{"embeddable":true,"href":"https:\/\/www.oidossucios.com\/site\/wp-json\/wp\/v2\/users\/4"}],"replies":[{"embeddable":true,"href":"https:\/\/www.oidossucios.com\/site\/wp-json\/wp\/v2\/comments?post=8153"}],"version-history":[{"count":0,"href":"https:\/\/www.oidossucios.com\/site\/wp-json\/wp\/v2\/posts\/8153\/revisions"}],"wp:attachment":[{"href":"https:\/\/www.oidossucios.com\/site\/wp-json\/wp\/v2\/media?parent=8153"}],"wp:term":[{"taxonomy":"category","embeddable":true,"href":"https:\/\/www.oidossucios.com\/site\/wp-json\/wp\/v2\/categories?post=8153"},{"taxonomy":"post_tag","embeddable":true,"href":"https:\/\/www.oidossucios.com\/site\/wp-json\/wp\/v2\/tags?post=8153"}],"curies":[{"name":"wp","href":"https:\/\/api.w.org\/{rel}","templated":true}]}}