{"id":8163,"date":"2013-11-14T03:30:00","date_gmt":"2013-11-14T03:30:00","guid":{"rendered":"https:\/\/www.oidossucios.com\/site\/2013\/11\/14\/famasloop-regresa-a-venezuela-luego-de-su-participacion-en-circulart-2013\/"},"modified":"2013-11-14T03:30:00","modified_gmt":"2013-11-14T03:30:00","slug":"famasloop-regresa-a-venezuela-luego-de-su-participacion-en-circulart-2013","status":"publish","type":"post","link":"https:\/\/www.oidossucios.com\/site\/famasloop-regresa-a-venezuela-luego-de-su-participacion-en-circulart-2013\/","title":{"rendered":"Famasloop regresa a Venezuela luego de su participaci\u00f3n en Circulart 2013"},"content":{"rendered":"<p>Catalogados como una de las mejores presentaciones del evento, el domingo 10 de Noviembre, Famasloop tom\u00f3 la tarima del Teatro Pablo Tob\u00f3n Uribe en Medell\u00edn, cautivando la atenci\u00f3n de m\u00e1s de mil asistentes en este evento lleno de m\u00fasica, tecnolog\u00eda y marketing musical, que desde el 2010 se viene desarrollando en esta ciudad colombiana.<\/p>\n<p>Convocando una gran cantidad de p\u00fablico asistente y profesionales vinculados a la industria de la m\u00fasica de 20 pa\u00edses de Latinoam\u00e9rica y m\u00e1s de 60 pa\u00edses del mundo entero, el Circulart se ha consolidado se como el espacio propicio para el intercambio de bienes y servicios dentro de la cadena de valor de la m\u00fasica, logrando participar de manera directa en el proceso de internacionalizaci\u00f3n de la oferta art\u00edstica latinoamericana.<\/p>\n<p>Famasloop llega a Caracas para preparar su nueva salida internacional, en esta ocasi\u00f3n rumbo a la ciudad de Las Vegas, para la 14va Entrega de los Latin Grammy\u00ae a realizarse el 21 de Noviembre y para el cual est\u00e1n nominados a &#8220;Mejor Video Versi\u00f3n Corta&#8221; por su producci\u00f3n en &#8220;M\u00e1s Cerquita&#8221;.<\/p>\n<p>Para enterarse de las actividades en las que Famasloop estar\u00e1 envuelta durante su visita a Las Vegas:<\/p>\n<p>@Famasloop<br \/><a href=\"http:\/\/www.famasloop.com\/\">www.famasloop.com<\/a><![endif]--><!--[if gte mso 10]> <\/style>\n\n <![endif]--><\/p>\n","protected":false},"excerpt":{"rendered":"<p>La banda venezolana de Cuc\u00fa Pop Famasloop, lleg\u00f3 de Medell\u00edn este Lunes 11 de Noviembre, luego de su participaci\u00f3n en las jornadas del Circulart 2013 en Colombia.<\/p>\n","protected":false},"author":4,"featured_media":100008163,"comment_status":"open","ping_status":"open","sticky":false,"template":"","format":"standard","meta":{"_jetpack_memberships_contains_paid_content":false,"footnotes":""},"categories":[250],"tags":[],"class_list":["post-8163","post","type-post","status-publish","format-standard","has-post-thumbnail","hentry","category-noticias"],"jetpack_featured_media_url":"https:\/\/www.oidossucios.com\/site\/wp-content\/uploads\/2013\/11\/8163.jpg","yoast_head":"<!-- This site is optimized with the Yoast SEO plugin v14.0.4 - https:\/\/yoast.com\/wordpress\/plugins\/seo\/ -->\n<title>Famasloop regresa a Venezuela luego de su participaci\u00f3n en Circulart 2013 - OidosSucios.Com<\/title>\n<meta name=\"description\" content=\"La banda venezolana de Cuc\u00fa Pop Famasloop, lleg\u00f3 de Medell\u00edn este Lunes 11 de Noviembre, luego de su participaci\u00f3n en las jornadas del Circulart 2013 en Colombia.\" \/>\n<meta name=\"robots\" content=\"index, follow\" \/>\n<meta name=\"googlebot\" content=\"index, follow, max-snippet:-1, max-image-preview:large, max-video-preview:-1\" \/>\n<meta name=\"bingbot\" content=\"index, follow, max-snippet:-1, max-image-preview:large, max-video-preview:-1\" \/>\n<link rel=\"canonical\" href=\"https:\/\/www.oidossucios.com\/site\/famasloop-regresa-a-venezuela-luego-de-su-participacion-en-circulart-2013\/\" \/>\n<meta property=\"og:locale\" content=\"es_ES\" \/>\n<meta property=\"og:type\" content=\"article\" \/>\n<meta property=\"og:title\" content=\"Famasloop regresa a Venezuela luego de su participaci\u00f3n en Circulart 2013 - OidosSucios.Com\" \/>\n<meta property=\"og:description\" content=\"La banda venezolana de Cuc\u00fa Pop Famasloop, lleg\u00f3 de Medell\u00edn este Lunes 11 de Noviembre, luego de su participaci\u00f3n en las jornadas del Circulart 2013 en Colombia.\" \/>\n<meta property=\"og:url\" content=\"https:\/\/www.oidossucios.com\/site\/famasloop-regresa-a-venezuela-luego-de-su-participacion-en-circulart-2013\/\" \/>\n<meta property=\"og:site_name\" content=\"OidosSucios.Com\" \/>\n<meta property=\"article:published_time\" content=\"2013-11-14T03:30:00+00:00\" \/>\n<meta property=\"og:image\" content=\"https:\/\/www.oidossucios.com\/site\/wp-content\/uploads\/2013\/11\/8163.jpg\" \/>\n\t<meta property=\"og:image:width\" content=\"350\" \/>\n\t<meta property=\"og:image:height\" content=\"300\" \/>\n<meta name=\"twitter:card\" content=\"summary_large_image\" \/>\n<meta name=\"twitter:creator\" content=\"@oidossucios\" \/>\n<script type=\"application\/ld+json\" class=\"yoast-schema-graph\">{\"@context\":\"https:\/\/schema.org\",\"@graph\":[{\"@type\":\"WebSite\",\"@id\":\"https:\/\/www.oidossucios.com\/site\/#website\",\"url\":\"https:\/\/www.oidossucios.com\/site\/\",\"name\":\"OidosSucios.Com\",\"description\":\"M\\u00fasica, conciertos, discos\",\"potentialAction\":[{\"@type\":\"SearchAction\",\"target\":\"https:\/\/www.oidossucios.com\/site\/?s={search_term_string}\",\"query-input\":\"required name=search_term_string\"}],\"inLanguage\":\"es\"},{\"@type\":\"ImageObject\",\"@id\":\"https:\/\/www.oidossucios.com\/site\/famasloop-regresa-a-venezuela-luego-de-su-participacion-en-circulart-2013\/#primaryimage\",\"inLanguage\":\"es\",\"url\":\"https:\/\/www.oidossucios.com\/site\/wp-content\/uploads\/2013\/11\/8163.jpg\",\"width\":350,\"height\":300},{\"@type\":\"WebPage\",\"@id\":\"https:\/\/www.oidossucios.com\/site\/famasloop-regresa-a-venezuela-luego-de-su-participacion-en-circulart-2013\/#webpage\",\"url\":\"https:\/\/www.oidossucios.com\/site\/famasloop-regresa-a-venezuela-luego-de-su-participacion-en-circulart-2013\/\",\"name\":\"Famasloop regresa a Venezuela luego de su participaci\\u00f3n en Circulart 2013 - OidosSucios.Com\",\"isPartOf\":{\"@id\":\"https:\/\/www.oidossucios.com\/site\/#website\"},\"primaryImageOfPage\":{\"@id\":\"https:\/\/www.oidossucios.com\/site\/famasloop-regresa-a-venezuela-luego-de-su-participacion-en-circulart-2013\/#primaryimage\"},\"datePublished\":\"2013-11-14T03:30:00+00:00\",\"dateModified\":\"2013-11-14T03:30:00+00:00\",\"author\":{\"@id\":\"https:\/\/www.oidossucios.com\/site\/#\/schema\/person\/24559eeb76bf83a63296fb072393a688\"},\"description\":\"La banda venezolana de Cuc\\u00fa Pop Famasloop, lleg\\u00f3 de Medell\\u00edn este Lunes 11 de Noviembre, luego de su participaci\\u00f3n en las jornadas del Circulart 2013 en Colombia.\",\"inLanguage\":\"es\",\"potentialAction\":[{\"@type\":\"ReadAction\",\"target\":[\"https:\/\/www.oidossucios.com\/site\/famasloop-regresa-a-venezuela-luego-de-su-participacion-en-circulart-2013\/\"]}]},{\"@type\":[\"Person\"],\"@id\":\"https:\/\/www.oidossucios.com\/site\/#\/schema\/person\/24559eeb76bf83a63296fb072393a688\",\"name\":\"Oidossucios\",\"image\":{\"@type\":\"ImageObject\",\"@id\":\"https:\/\/www.oidossucios.com\/site\/#personlogo\",\"inLanguage\":\"es\",\"url\":\"https:\/\/secure.gravatar.com\/avatar\/74fcb480f42f1a33e50a0b6e6369a3f907be2e43dc84fa5f76c66e9c22b4a5ab?s=96&d=mm&r=g\",\"caption\":\"Oidossucios\"},\"sameAs\":[\"https:\/\/twitter.com\/oidossucios\"]}]}<\/script>\n<!-- \/ Yoast SEO plugin. -->","jetpack_sharing_enabled":true,"_links":{"self":[{"href":"https:\/\/www.oidossucios.com\/site\/wp-json\/wp\/v2\/posts\/8163","targetHints":{"allow":["GET"]}}],"collection":[{"href":"https:\/\/www.oidossucios.com\/site\/wp-json\/wp\/v2\/posts"}],"about":[{"href":"https:\/\/www.oidossucios.com\/site\/wp-json\/wp\/v2\/types\/post"}],"author":[{"embeddable":true,"href":"https:\/\/www.oidossucios.com\/site\/wp-json\/wp\/v2\/users\/4"}],"replies":[{"embeddable":true,"href":"https:\/\/www.oidossucios.com\/site\/wp-json\/wp\/v2\/comments?post=8163"}],"version-history":[{"count":0,"href":"https:\/\/www.oidossucios.com\/site\/wp-json\/wp\/v2\/posts\/8163\/revisions"}],"wp:featuredmedia":[{"embeddable":true,"href":"https:\/\/www.oidossucios.com\/site\/wp-json\/wp\/v2\/media\/100008163"}],"wp:attachment":[{"href":"https:\/\/www.oidossucios.com\/site\/wp-json\/wp\/v2\/media?parent=8163"}],"wp:term":[{"taxonomy":"category","embeddable":true,"href":"https:\/\/www.oidossucios.com\/site\/wp-json\/wp\/v2\/categories?post=8163"},{"taxonomy":"post_tag","embeddable":true,"href":"https:\/\/www.oidossucios.com\/site\/wp-json\/wp\/v2\/tags?post=8163"}],"curies":[{"name":"wp","href":"https:\/\/api.w.org\/{rel}","templated":true}]}}