{"id":8168,"date":"2013-11-14T03:52:00","date_gmt":"2013-11-14T03:52:00","guid":{"rendered":"https:\/\/www.oidossucios.com\/site\/2013\/11\/14\/u2-anunciara-su-nuevo-album-en-el-super-bowl\/"},"modified":"2013-11-14T03:52:00","modified_gmt":"2013-11-14T03:52:00","slug":"u2-anunciara-su-nuevo-album-en-el-super-bowl","status":"publish","type":"post","link":"https:\/\/www.oidossucios.com\/site\/u2-anunciara-su-nuevo-album-en-el-super-bowl\/","title":{"rendered":"\u00bfU2 anunciar\u00e1 su nuevo \u00e1lbum en el Super Bowl?"},"content":{"rendered":"<p>Si hace unas semanas, el bajista Adam Clayton confirmaba que el esperado nuevo \u00e1lbum de U2 estar\u00e1 listo para principios de 2014, hoy la revista Billboard sit\u00faa el lanzamiento de la continuaci\u00f3n de <i>No line on the horizon<\/i> en abril de 2014 e informa de que el anuncio oficial podr\u00eda llegar a trav\u00e9s de un spot publicitario durante la Super Bowl, el pr\u00f3ximo 2 de febrero.<\/p>\n<p>Bono y compa\u00f1\u00eda llevan tres a\u00f1os trabajando en el nuevo proyecto junto al productor Danger Mouse, y esperan terminarlo este mes de noviembre para poder disfrutar de las fiestas navide\u00f1as. Seg\u00fan inform\u00f3 Clayton, el \u00e1lbum estar\u00e1 compuesto de 12 temas que suenan &#8220;como los antiguos U2, con la madurez que han adquirido durante la \u00faltima d\u00e9cada&#8221;.<\/p>\n<p>Escasos d\u00edas despu\u00e9s de que Clayton se saltara el hermetismo que ha rodeado todo el proceso, U2 present\u00f3 el tema &#8220;Ordinary love&#8221;, incluido en la banda sonora de <i>Long walk to freedom<\/i>, el biopic sobre Nelson Mandela.<\/p>\n<p>Fuente: www.rollingstone.es<![endif]--><!--[if gte mso 10]> <\/style>\n\n <![endif]--><\/p>\n","protected":false},"excerpt":{"rendered":"<p>Si hace unas semanas, el bajista Adam Clayton confirmaba que el esperado nuevo \u00e1lbum de U2 estar\u00e1 listo para principios de 2014, hoy la revista Billboard sit\u00faa el lanzamiento de la continuaci\u00f3n de No line on the horizon en abril de 2014 e informa de que el anuncio oficial podr\u00eda llegar a trav\u00e9s de un [&hellip;]<\/p>\n","protected":false},"author":4,"featured_media":0,"comment_status":"open","ping_status":"open","sticky":false,"template":"","format":"standard","meta":{"_jetpack_memberships_contains_paid_content":false,"footnotes":""},"categories":[142],"tags":[],"class_list":["post-8168","post","type-post","status-publish","format-standard","hentry","category-buzznews"],"jetpack_featured_media_url":"","yoast_head":"<!-- This site is optimized with the Yoast SEO plugin v14.0.4 - https:\/\/yoast.com\/wordpress\/plugins\/seo\/ -->\n<title>\u00bfU2 anunciar\u00e1 su nuevo \u00e1lbum en el Super Bowl? - OidosSucios.Com<\/title>\n<meta name=\"robots\" content=\"index, follow\" \/>\n<meta name=\"googlebot\" content=\"index, follow, max-snippet:-1, max-image-preview:large, max-video-preview:-1\" \/>\n<meta name=\"bingbot\" content=\"index, follow, max-snippet:-1, max-image-preview:large, max-video-preview:-1\" \/>\n<link rel=\"canonical\" href=\"https:\/\/www.oidossucios.com\/site\/u2-anunciara-su-nuevo-album-en-el-super-bowl\/\" \/>\n<meta property=\"og:locale\" content=\"es_ES\" \/>\n<meta property=\"og:type\" content=\"article\" \/>\n<meta property=\"og:title\" content=\"\u00bfU2 anunciar\u00e1 su nuevo \u00e1lbum en el Super Bowl? - OidosSucios.Com\" \/>\n<meta property=\"og:description\" content=\"Si hace unas semanas, el bajista Adam Clayton confirmaba que el esperado nuevo \u00e1lbum de U2 estar\u00e1 listo para principios de 2014, hoy la revista Billboard sit\u00faa el lanzamiento de la continuaci\u00f3n de No line on the horizon en abril de 2014 e informa de que el anuncio oficial podr\u00eda llegar a trav\u00e9s de un [&hellip;]\" \/>\n<meta property=\"og:url\" content=\"https:\/\/www.oidossucios.com\/site\/u2-anunciara-su-nuevo-album-en-el-super-bowl\/\" \/>\n<meta property=\"og:site_name\" content=\"OidosSucios.Com\" \/>\n<meta property=\"article:published_time\" content=\"2013-11-14T03:52:00+00:00\" \/>\n<meta name=\"twitter:card\" content=\"summary_large_image\" \/>\n<meta name=\"twitter:creator\" content=\"@oidossucios\" \/>\n<script type=\"application\/ld+json\" class=\"yoast-schema-graph\">{\"@context\":\"https:\/\/schema.org\",\"@graph\":[{\"@type\":\"WebSite\",\"@id\":\"https:\/\/www.oidossucios.com\/site\/#website\",\"url\":\"https:\/\/www.oidossucios.com\/site\/\",\"name\":\"OidosSucios.Com\",\"description\":\"M\\u00fasica, conciertos, discos\",\"potentialAction\":[{\"@type\":\"SearchAction\",\"target\":\"https:\/\/www.oidossucios.com\/site\/?s={search_term_string}\",\"query-input\":\"required name=search_term_string\"}],\"inLanguage\":\"es\"},{\"@type\":\"WebPage\",\"@id\":\"https:\/\/www.oidossucios.com\/site\/u2-anunciara-su-nuevo-album-en-el-super-bowl\/#webpage\",\"url\":\"https:\/\/www.oidossucios.com\/site\/u2-anunciara-su-nuevo-album-en-el-super-bowl\/\",\"name\":\"\\u00bfU2 anunciar\\u00e1 su nuevo \\u00e1lbum en el Super Bowl? - OidosSucios.Com\",\"isPartOf\":{\"@id\":\"https:\/\/www.oidossucios.com\/site\/#website\"},\"datePublished\":\"2013-11-14T03:52:00+00:00\",\"dateModified\":\"2013-11-14T03:52:00+00:00\",\"author\":{\"@id\":\"https:\/\/www.oidossucios.com\/site\/#\/schema\/person\/24559eeb76bf83a63296fb072393a688\"},\"inLanguage\":\"es\",\"potentialAction\":[{\"@type\":\"ReadAction\",\"target\":[\"https:\/\/www.oidossucios.com\/site\/u2-anunciara-su-nuevo-album-en-el-super-bowl\/\"]}]},{\"@type\":[\"Person\"],\"@id\":\"https:\/\/www.oidossucios.com\/site\/#\/schema\/person\/24559eeb76bf83a63296fb072393a688\",\"name\":\"Oidossucios\",\"image\":{\"@type\":\"ImageObject\",\"@id\":\"https:\/\/www.oidossucios.com\/site\/#personlogo\",\"inLanguage\":\"es\",\"url\":\"https:\/\/secure.gravatar.com\/avatar\/74fcb480f42f1a33e50a0b6e6369a3f907be2e43dc84fa5f76c66e9c22b4a5ab?s=96&d=mm&r=g\",\"caption\":\"Oidossucios\"},\"sameAs\":[\"https:\/\/twitter.com\/oidossucios\"]}]}<\/script>\n<!-- \/ Yoast SEO plugin. -->","jetpack_sharing_enabled":true,"_links":{"self":[{"href":"https:\/\/www.oidossucios.com\/site\/wp-json\/wp\/v2\/posts\/8168","targetHints":{"allow":["GET"]}}],"collection":[{"href":"https:\/\/www.oidossucios.com\/site\/wp-json\/wp\/v2\/posts"}],"about":[{"href":"https:\/\/www.oidossucios.com\/site\/wp-json\/wp\/v2\/types\/post"}],"author":[{"embeddable":true,"href":"https:\/\/www.oidossucios.com\/site\/wp-json\/wp\/v2\/users\/4"}],"replies":[{"embeddable":true,"href":"https:\/\/www.oidossucios.com\/site\/wp-json\/wp\/v2\/comments?post=8168"}],"version-history":[{"count":0,"href":"https:\/\/www.oidossucios.com\/site\/wp-json\/wp\/v2\/posts\/8168\/revisions"}],"wp:attachment":[{"href":"https:\/\/www.oidossucios.com\/site\/wp-json\/wp\/v2\/media?parent=8168"}],"wp:term":[{"taxonomy":"category","embeddable":true,"href":"https:\/\/www.oidossucios.com\/site\/wp-json\/wp\/v2\/categories?post=8168"},{"taxonomy":"post_tag","embeddable":true,"href":"https:\/\/www.oidossucios.com\/site\/wp-json\/wp\/v2\/tags?post=8168"}],"curies":[{"name":"wp","href":"https:\/\/api.w.org\/{rel}","templated":true}]}}