{"id":8171,"date":"2013-11-15T02:49:00","date_gmt":"2013-11-15T02:49:00","guid":{"rendered":"https:\/\/www.oidossucios.com\/site\/2013\/11\/15\/desorden-publico-de-gira-en-mexico\/"},"modified":"2013-11-15T02:49:00","modified_gmt":"2013-11-15T02:49:00","slug":"desorden-publico-de-gira-en-mexico","status":"publish","type":"post","link":"https:\/\/www.oidossucios.com\/site\/desorden-publico-de-gira-en-mexico\/","title":{"rendered":"Desorden P\u00fablico de gira en M\u00e9xico"},"content":{"rendered":"<p><![endif]-->Son cuatro las fechas confirmadas que la agrupaci\u00f3n de ska, Desorden P\u00fablico, tiene en diferentes ciudades de M\u00e9xico, comenzando el 15 en San Mart\u00edn de Las Pir\u00e1mides.<\/p>\n<p>Desorden P\u00fablico no se detiene. M\u00e1s de 29 a\u00f1os de carrera musical, as\u00ed lo confirman. Para este mes de noviembre tienen varias presentaciones, que comparten con todos sus seguidores:<\/p>\n<p>15\/11 &#8211; Mini Gira Mexicana 2013 &#8211; San Mart\u00edn de Las Pir\u00e1mides, Estado de M\u00e9xico &#8211; Sal\u00f3n El Alacr\u00e1n.<\/p>\n<p>16\/11 &#8211; M\u00e9xico DF &#8211; Doritos Urban MX Fest &#8211; Explanada del Estadio Azteca.<\/p>\n<p>17\/11 &#8211; Mini Gira Mexicana 2013 &#8211; Ecatepec, Edo de M\u00e9xico &#8211; Multiforo El Clandestino.<\/p>\n<p>17\/11 DOBERMAN CENTRO M\u00e9xico DF<\/p>\n<p>30\/11 &#8211; Valencia &#8211; Hotel Venetur &#8211; Lanzamiento del Logo de Medicina H.U.A.L<\/p>\n<p>15\/12&nbsp; &#8211; Acarigua &#8211; CC. Llano Mall &#8211; junto a Famasloop<\/p>\n<p>Para m\u00e1s informaci\u00f3n visita <a href=\"http:\/\/www.desordenpublico.net\/\">www.desordenpublico.net<\/a> o s\u00edguelos en tuiter @desordenpublico.<!--[if gte mso 10]> <\/style>\n\n <![endif]--><\/p>\n","protected":false},"excerpt":{"rendered":"<p>Son cuatro las fechas confirmadas que la agrupaci\u00f3n de ska, Desorden P\u00fablico, tiene en diferentes ciudades de M\u00e9xico, comenzando el 15 en San Mart\u00edn de Las Pir\u00e1mides.  <\/p>\n","protected":false},"author":4,"featured_media":100008171,"comment_status":"open","ping_status":"open","sticky":false,"template":"","format":"standard","meta":{"_jetpack_memberships_contains_paid_content":false,"footnotes":""},"categories":[250],"tags":[],"class_list":["post-8171","post","type-post","status-publish","format-standard","has-post-thumbnail","hentry","category-noticias"],"jetpack_featured_media_url":"https:\/\/www.oidossucios.com\/site\/wp-content\/uploads\/2013\/11\/8171.jpg","yoast_head":"<!-- This site is optimized with the Yoast SEO plugin v14.0.4 - https:\/\/yoast.com\/wordpress\/plugins\/seo\/ -->\n<title>Desorden P\u00fablico de gira en M\u00e9xico - OidosSucios.Com<\/title>\n<meta name=\"description\" content=\"Son cuatro las fechas confirmadas que la agrupaci\u00f3n de ska, Desorden P\u00fablico, tiene en diferentes ciudades de M\u00e9xico, comenzando el 15 en San Mart\u00edn de Las Pir\u00e1mides.\" \/>\n<meta name=\"robots\" content=\"index, follow\" \/>\n<meta name=\"googlebot\" content=\"index, follow, max-snippet:-1, max-image-preview:large, max-video-preview:-1\" \/>\n<meta name=\"bingbot\" content=\"index, follow, max-snippet:-1, max-image-preview:large, max-video-preview:-1\" \/>\n<link rel=\"canonical\" href=\"https:\/\/www.oidossucios.com\/site\/desorden-publico-de-gira-en-mexico\/\" \/>\n<meta property=\"og:locale\" content=\"es_ES\" \/>\n<meta property=\"og:type\" content=\"article\" \/>\n<meta property=\"og:title\" content=\"Desorden P\u00fablico de gira en M\u00e9xico - OidosSucios.Com\" \/>\n<meta property=\"og:description\" content=\"Son cuatro las fechas confirmadas que la agrupaci\u00f3n de ska, Desorden P\u00fablico, tiene en diferentes ciudades de M\u00e9xico, comenzando el 15 en San Mart\u00edn de Las Pir\u00e1mides.\" \/>\n<meta property=\"og:url\" content=\"https:\/\/www.oidossucios.com\/site\/desorden-publico-de-gira-en-mexico\/\" \/>\n<meta property=\"og:site_name\" content=\"OidosSucios.Com\" \/>\n<meta property=\"article:published_time\" content=\"2013-11-15T02:49:00+00:00\" \/>\n<meta property=\"og:image\" content=\"https:\/\/www.oidossucios.com\/site\/wp-content\/uploads\/2013\/11\/8171.jpg\" \/>\n\t<meta property=\"og:image:width\" content=\"350\" \/>\n\t<meta property=\"og:image:height\" content=\"300\" \/>\n<meta name=\"twitter:card\" content=\"summary_large_image\" \/>\n<meta name=\"twitter:creator\" content=\"@oidossucios\" \/>\n<script type=\"application\/ld+json\" class=\"yoast-schema-graph\">{\"@context\":\"https:\/\/schema.org\",\"@graph\":[{\"@type\":\"WebSite\",\"@id\":\"https:\/\/www.oidossucios.com\/site\/#website\",\"url\":\"https:\/\/www.oidossucios.com\/site\/\",\"name\":\"OidosSucios.Com\",\"description\":\"M\\u00fasica, conciertos, discos\",\"potentialAction\":[{\"@type\":\"SearchAction\",\"target\":\"https:\/\/www.oidossucios.com\/site\/?s={search_term_string}\",\"query-input\":\"required name=search_term_string\"}],\"inLanguage\":\"es\"},{\"@type\":\"ImageObject\",\"@id\":\"https:\/\/www.oidossucios.com\/site\/desorden-publico-de-gira-en-mexico\/#primaryimage\",\"inLanguage\":\"es\",\"url\":\"https:\/\/www.oidossucios.com\/site\/wp-content\/uploads\/2013\/11\/8171.jpg\",\"width\":350,\"height\":300},{\"@type\":\"WebPage\",\"@id\":\"https:\/\/www.oidossucios.com\/site\/desorden-publico-de-gira-en-mexico\/#webpage\",\"url\":\"https:\/\/www.oidossucios.com\/site\/desorden-publico-de-gira-en-mexico\/\",\"name\":\"Desorden P\\u00fablico de gira en M\\u00e9xico - OidosSucios.Com\",\"isPartOf\":{\"@id\":\"https:\/\/www.oidossucios.com\/site\/#website\"},\"primaryImageOfPage\":{\"@id\":\"https:\/\/www.oidossucios.com\/site\/desorden-publico-de-gira-en-mexico\/#primaryimage\"},\"datePublished\":\"2013-11-15T02:49:00+00:00\",\"dateModified\":\"2013-11-15T02:49:00+00:00\",\"author\":{\"@id\":\"https:\/\/www.oidossucios.com\/site\/#\/schema\/person\/24559eeb76bf83a63296fb072393a688\"},\"description\":\"Son cuatro las fechas confirmadas que la agrupaci\\u00f3n de ska, Desorden P\\u00fablico, tiene en diferentes ciudades de M\\u00e9xico, comenzando el 15 en San Mart\\u00edn de Las Pir\\u00e1mides.\",\"inLanguage\":\"es\",\"potentialAction\":[{\"@type\":\"ReadAction\",\"target\":[\"https:\/\/www.oidossucios.com\/site\/desorden-publico-de-gira-en-mexico\/\"]}]},{\"@type\":[\"Person\"],\"@id\":\"https:\/\/www.oidossucios.com\/site\/#\/schema\/person\/24559eeb76bf83a63296fb072393a688\",\"name\":\"Oidossucios\",\"image\":{\"@type\":\"ImageObject\",\"@id\":\"https:\/\/www.oidossucios.com\/site\/#personlogo\",\"inLanguage\":\"es\",\"url\":\"https:\/\/secure.gravatar.com\/avatar\/74fcb480f42f1a33e50a0b6e6369a3f907be2e43dc84fa5f76c66e9c22b4a5ab?s=96&d=mm&r=g\",\"caption\":\"Oidossucios\"},\"sameAs\":[\"https:\/\/twitter.com\/oidossucios\"]}]}<\/script>\n<!-- \/ Yoast SEO plugin. -->","jetpack_sharing_enabled":true,"_links":{"self":[{"href":"https:\/\/www.oidossucios.com\/site\/wp-json\/wp\/v2\/posts\/8171","targetHints":{"allow":["GET"]}}],"collection":[{"href":"https:\/\/www.oidossucios.com\/site\/wp-json\/wp\/v2\/posts"}],"about":[{"href":"https:\/\/www.oidossucios.com\/site\/wp-json\/wp\/v2\/types\/post"}],"author":[{"embeddable":true,"href":"https:\/\/www.oidossucios.com\/site\/wp-json\/wp\/v2\/users\/4"}],"replies":[{"embeddable":true,"href":"https:\/\/www.oidossucios.com\/site\/wp-json\/wp\/v2\/comments?post=8171"}],"version-history":[{"count":0,"href":"https:\/\/www.oidossucios.com\/site\/wp-json\/wp\/v2\/posts\/8171\/revisions"}],"wp:featuredmedia":[{"embeddable":true,"href":"https:\/\/www.oidossucios.com\/site\/wp-json\/wp\/v2\/media\/100008171"}],"wp:attachment":[{"href":"https:\/\/www.oidossucios.com\/site\/wp-json\/wp\/v2\/media?parent=8171"}],"wp:term":[{"taxonomy":"category","embeddable":true,"href":"https:\/\/www.oidossucios.com\/site\/wp-json\/wp\/v2\/categories?post=8171"},{"taxonomy":"post_tag","embeddable":true,"href":"https:\/\/www.oidossucios.com\/site\/wp-json\/wp\/v2\/tags?post=8171"}],"curies":[{"name":"wp","href":"https:\/\/api.w.org\/{rel}","templated":true}]}}