{"id":8181,"date":"2013-11-17T23:42:00","date_gmt":"2013-11-17T23:42:00","guid":{"rendered":"https:\/\/www.oidossucios.com\/site\/2013\/11\/17\/la-gira-2014-de-soundgarden-sera-sin-su-baterista-mat-cameron\/"},"modified":"2013-11-17T23:42:00","modified_gmt":"2013-11-17T23:42:00","slug":"la-gira-2014-de-soundgarden-sera-sin-su-baterista-mat-cameron","status":"publish","type":"post","link":"https:\/\/www.oidossucios.com\/site\/la-gira-2014-de-soundgarden-sera-sin-su-baterista-mat-cameron\/","title":{"rendered":"La gira 2014 de Soundgarden ser\u00e1 sin su baterista Mat Cameron"},"content":{"rendered":"<p>Un golpe bajo para los seguidores de Soundgarden, felices por su debut en parte de Latinoam\u00e9rica el pr\u00f3ximo a\u00f1o, ha sido dado hoy, ya que se confirma que uno de sus integrantes no participar\u00e1 de la gira.<\/p>\n<p>A trav\u00e9s de un comunicado en la p\u00e1gina oficial, el baterista Matt Cameron explica que no estar\u00e1 en la banda en ninguna de las fechas agendadas para el 2014. \u00bfEl motivo? &#8220;&#8230; compromisos previos a la promoci\u00f3n de <i>Lightning Bolt<\/i> con mis hermanos de Pearl Jam y el deseo de tener m\u00e1s tiempo en casa, con mi familia&#8221;.<\/p>\n<p>A\u00fan no se tiene informaci\u00f3n de alg\u00fan reemplazante, aunque se asegura que la b\u00fasqueda ya ha comenzado. \u00bfSignifica la salida de Cameron de la banda? Para nada, \u00e9l asegura que es temporal. Soundgarden es uno de los confirmados en los Lollapalooza de este Latinoam\u00e9rica: Chile, Argentina y Brasil.<\/p>\n<p>Fuente: www.rockaxis.com<![endif]--><!--[if gte mso 10]> <\/style>\n\n <![endif]--><\/p>\n","protected":false},"excerpt":{"rendered":"<p>Un golpe bajo para los seguidores de Soundgarden, felices por su debut en parte de Latinoam\u00e9rica el pr\u00f3ximo a\u00f1o, ha sido dado hoy, ya que se confirma que uno de sus integrantes no participar\u00e1 de la gira. A trav\u00e9s de un comunicado en la p\u00e1gina oficial, el baterista Matt Cameron explica que no estar\u00e1 en [&hellip;]<\/p>\n","protected":false},"author":4,"featured_media":0,"comment_status":"open","ping_status":"open","sticky":false,"template":"","format":"standard","meta":{"_jetpack_memberships_contains_paid_content":false,"footnotes":""},"categories":[142],"tags":[],"class_list":["post-8181","post","type-post","status-publish","format-standard","hentry","category-buzznews"],"jetpack_featured_media_url":"","yoast_head":"<!-- This site is optimized with the Yoast SEO plugin v14.0.4 - https:\/\/yoast.com\/wordpress\/plugins\/seo\/ -->\n<title>La gira 2014 de Soundgarden ser\u00e1 sin su baterista Mat Cameron - OidosSucios.Com<\/title>\n<meta name=\"robots\" content=\"index, follow\" \/>\n<meta name=\"googlebot\" content=\"index, follow, max-snippet:-1, max-image-preview:large, max-video-preview:-1\" \/>\n<meta name=\"bingbot\" content=\"index, follow, max-snippet:-1, max-image-preview:large, max-video-preview:-1\" \/>\n<link rel=\"canonical\" href=\"https:\/\/www.oidossucios.com\/site\/la-gira-2014-de-soundgarden-sera-sin-su-baterista-mat-cameron\/\" \/>\n<meta property=\"og:locale\" content=\"es_ES\" \/>\n<meta property=\"og:type\" content=\"article\" \/>\n<meta property=\"og:title\" content=\"La gira 2014 de Soundgarden ser\u00e1 sin su baterista Mat Cameron - OidosSucios.Com\" \/>\n<meta property=\"og:description\" content=\"Un golpe bajo para los seguidores de Soundgarden, felices por su debut en parte de Latinoam\u00e9rica el pr\u00f3ximo a\u00f1o, ha sido dado hoy, ya que se confirma que uno de sus integrantes no participar\u00e1 de la gira. A trav\u00e9s de un comunicado en la p\u00e1gina oficial, el baterista Matt Cameron explica que no estar\u00e1 en [&hellip;]\" \/>\n<meta property=\"og:url\" content=\"https:\/\/www.oidossucios.com\/site\/la-gira-2014-de-soundgarden-sera-sin-su-baterista-mat-cameron\/\" \/>\n<meta property=\"og:site_name\" content=\"OidosSucios.Com\" \/>\n<meta property=\"article:published_time\" content=\"2013-11-17T23:42:00+00:00\" \/>\n<meta name=\"twitter:card\" content=\"summary_large_image\" \/>\n<meta name=\"twitter:creator\" content=\"@oidossucios\" \/>\n<script type=\"application\/ld+json\" class=\"yoast-schema-graph\">{\"@context\":\"https:\/\/schema.org\",\"@graph\":[{\"@type\":\"WebSite\",\"@id\":\"https:\/\/www.oidossucios.com\/site\/#website\",\"url\":\"https:\/\/www.oidossucios.com\/site\/\",\"name\":\"OidosSucios.Com\",\"description\":\"M\\u00fasica, conciertos, discos\",\"potentialAction\":[{\"@type\":\"SearchAction\",\"target\":\"https:\/\/www.oidossucios.com\/site\/?s={search_term_string}\",\"query-input\":\"required name=search_term_string\"}],\"inLanguage\":\"es\"},{\"@type\":\"WebPage\",\"@id\":\"https:\/\/www.oidossucios.com\/site\/la-gira-2014-de-soundgarden-sera-sin-su-baterista-mat-cameron\/#webpage\",\"url\":\"https:\/\/www.oidossucios.com\/site\/la-gira-2014-de-soundgarden-sera-sin-su-baterista-mat-cameron\/\",\"name\":\"La gira 2014 de Soundgarden ser\\u00e1 sin su baterista Mat Cameron - OidosSucios.Com\",\"isPartOf\":{\"@id\":\"https:\/\/www.oidossucios.com\/site\/#website\"},\"datePublished\":\"2013-11-17T23:42:00+00:00\",\"dateModified\":\"2013-11-17T23:42:00+00:00\",\"author\":{\"@id\":\"https:\/\/www.oidossucios.com\/site\/#\/schema\/person\/24559eeb76bf83a63296fb072393a688\"},\"inLanguage\":\"es\",\"potentialAction\":[{\"@type\":\"ReadAction\",\"target\":[\"https:\/\/www.oidossucios.com\/site\/la-gira-2014-de-soundgarden-sera-sin-su-baterista-mat-cameron\/\"]}]},{\"@type\":[\"Person\"],\"@id\":\"https:\/\/www.oidossucios.com\/site\/#\/schema\/person\/24559eeb76bf83a63296fb072393a688\",\"name\":\"Oidossucios\",\"image\":{\"@type\":\"ImageObject\",\"@id\":\"https:\/\/www.oidossucios.com\/site\/#personlogo\",\"inLanguage\":\"es\",\"url\":\"https:\/\/secure.gravatar.com\/avatar\/74fcb480f42f1a33e50a0b6e6369a3f907be2e43dc84fa5f76c66e9c22b4a5ab?s=96&d=mm&r=g\",\"caption\":\"Oidossucios\"},\"sameAs\":[\"https:\/\/twitter.com\/oidossucios\"]}]}<\/script>\n<!-- \/ Yoast SEO plugin. -->","jetpack_sharing_enabled":true,"_links":{"self":[{"href":"https:\/\/www.oidossucios.com\/site\/wp-json\/wp\/v2\/posts\/8181","targetHints":{"allow":["GET"]}}],"collection":[{"href":"https:\/\/www.oidossucios.com\/site\/wp-json\/wp\/v2\/posts"}],"about":[{"href":"https:\/\/www.oidossucios.com\/site\/wp-json\/wp\/v2\/types\/post"}],"author":[{"embeddable":true,"href":"https:\/\/www.oidossucios.com\/site\/wp-json\/wp\/v2\/users\/4"}],"replies":[{"embeddable":true,"href":"https:\/\/www.oidossucios.com\/site\/wp-json\/wp\/v2\/comments?post=8181"}],"version-history":[{"count":0,"href":"https:\/\/www.oidossucios.com\/site\/wp-json\/wp\/v2\/posts\/8181\/revisions"}],"wp:attachment":[{"href":"https:\/\/www.oidossucios.com\/site\/wp-json\/wp\/v2\/media?parent=8181"}],"wp:term":[{"taxonomy":"category","embeddable":true,"href":"https:\/\/www.oidossucios.com\/site\/wp-json\/wp\/v2\/categories?post=8181"},{"taxonomy":"post_tag","embeddable":true,"href":"https:\/\/www.oidossucios.com\/site\/wp-json\/wp\/v2\/tags?post=8181"}],"curies":[{"name":"wp","href":"https:\/\/api.w.org\/{rel}","templated":true}]}}