{"id":8182,"date":"2013-11-17T23:44:00","date_gmt":"2013-11-17T23:44:00","guid":{"rendered":"https:\/\/www.oidossucios.com\/site\/2013\/11\/17\/the-flaming-lips-anuncia-album-de-covers-a-the-stone-roses\/"},"modified":"2013-11-17T23:44:00","modified_gmt":"2013-11-17T23:44:00","slug":"the-flaming-lips-anuncia-album-de-covers-a-the-stone-roses","status":"publish","type":"post","link":"https:\/\/www.oidossucios.com\/site\/the-flaming-lips-anuncia-album-de-covers-a-the-stone-roses\/","title":{"rendered":"The Flaming Lips anuncia \u00e1lbum de covers a The Stone Roses"},"content":{"rendered":"<p>La participaci\u00f3n de The Flaming Lips en el Black Friday del Record Store Day ir\u00e1 m\u00e1s all\u00e1 de la salida del <i>Peace Swords EP<\/i> y lo hecho junto a Tame Impala, sino que lanzar\u00e1 el tan anunciado compilado de covers a The Stone Roses.<\/p>\n<p>Fue en febrero cuando la banda anunci\u00f3 haber retrabajado el disco debut de los ingleses, para ahora confirmar a Rolling Stone que el \u00e1lbum contar\u00e1 con contribuciones de Poli\u00e7a en &#8220;She Bangs the Drums&#8221;, Jonathan Rado (Foxygen) en &#8220;This Is the One&#8221; y Spaceface para la canci\u00f3n &#8220;Fools Gold&#8221;, entre otros.<\/p>\n<p>Otra de las sorpresas que tienen planeadas para la mencionada fecha es la salida de una rana conteniendo el primer demo de The Flaming Lips. Sobre \u00e9ste, Wayne Coyne se\u00f1al\u00f3: &#8220;Lo terminamos apenas ayer y tendr\u00e1 un peque\u00f1o 7&#8243; incluido. Ese es nuestro primer demo, lo primer\u00edsimo que grabamos y que nunca ha sido lanzado. As\u00ed que eso es lo que obtendr\u00e1s en ese paquete. Esta ranita es una especie de grabadora en la que puedes manipular el sonido.&#8221;<\/p>\n<p>La versi\u00f3n de The Flaming Lips del disco debut de The Stone Roses saldr\u00e1 a la venta el pr\u00f3ximo 29 de noviembre.<\/p>\n<p>Fuente: www.warp.la<![endif]--><!--[if gte mso 10]> <\/style>\n\n <![endif]--><\/p>\n","protected":false},"excerpt":{"rendered":"<p>La participaci\u00f3n de The Flaming Lips en el Black Friday del Record Store Day ir\u00e1 m\u00e1s all\u00e1 de la salida del Peace Swords EP y lo hecho junto a Tame Impala, sino que lanzar\u00e1 el tan anunciado compilado de covers a The Stone Roses. Fue en febrero cuando la banda anunci\u00f3 haber retrabajado el disco [&hellip;]<\/p>\n","protected":false},"author":4,"featured_media":100008182,"comment_status":"open","ping_status":"open","sticky":false,"template":"","format":"standard","meta":{"_jetpack_memberships_contains_paid_content":false,"footnotes":""},"categories":[142],"tags":[],"class_list":["post-8182","post","type-post","status-publish","format-standard","has-post-thumbnail","hentry","category-buzznews"],"jetpack_featured_media_url":"https:\/\/www.oidossucios.com\/site\/wp-content\/uploads\/2013\/11\/8182.jpg","yoast_head":"<!-- This site is optimized with the Yoast SEO plugin v14.0.4 - https:\/\/yoast.com\/wordpress\/plugins\/seo\/ -->\n<title>The Flaming Lips anuncia \u00e1lbum de covers a The Stone Roses - OidosSucios.Com<\/title>\n<meta name=\"robots\" content=\"index, follow\" \/>\n<meta name=\"googlebot\" content=\"index, follow, max-snippet:-1, max-image-preview:large, max-video-preview:-1\" \/>\n<meta name=\"bingbot\" content=\"index, follow, max-snippet:-1, max-image-preview:large, max-video-preview:-1\" \/>\n<link rel=\"canonical\" href=\"https:\/\/www.oidossucios.com\/site\/the-flaming-lips-anuncia-album-de-covers-a-the-stone-roses\/\" \/>\n<meta property=\"og:locale\" content=\"es_ES\" \/>\n<meta property=\"og:type\" content=\"article\" \/>\n<meta property=\"og:title\" content=\"The Flaming Lips anuncia \u00e1lbum de covers a The Stone Roses - OidosSucios.Com\" \/>\n<meta property=\"og:description\" content=\"La participaci\u00f3n de The Flaming Lips en el Black Friday del Record Store Day ir\u00e1 m\u00e1s all\u00e1 de la salida del Peace Swords EP y lo hecho junto a Tame Impala, sino que lanzar\u00e1 el tan anunciado compilado de covers a The Stone Roses. Fue en febrero cuando la banda anunci\u00f3 haber retrabajado el disco [&hellip;]\" \/>\n<meta property=\"og:url\" content=\"https:\/\/www.oidossucios.com\/site\/the-flaming-lips-anuncia-album-de-covers-a-the-stone-roses\/\" \/>\n<meta property=\"og:site_name\" content=\"OidosSucios.Com\" \/>\n<meta property=\"article:published_time\" content=\"2013-11-17T23:44:00+00:00\" \/>\n<meta property=\"og:image\" content=\"https:\/\/www.oidossucios.com\/site\/wp-content\/uploads\/2013\/11\/8182.jpg\" \/>\n\t<meta property=\"og:image:width\" content=\"350\" \/>\n\t<meta property=\"og:image:height\" content=\"300\" \/>\n<meta name=\"twitter:card\" content=\"summary_large_image\" \/>\n<meta name=\"twitter:creator\" content=\"@oidossucios\" \/>\n<script type=\"application\/ld+json\" class=\"yoast-schema-graph\">{\"@context\":\"https:\/\/schema.org\",\"@graph\":[{\"@type\":\"WebSite\",\"@id\":\"https:\/\/www.oidossucios.com\/site\/#website\",\"url\":\"https:\/\/www.oidossucios.com\/site\/\",\"name\":\"OidosSucios.Com\",\"description\":\"M\\u00fasica, conciertos, discos\",\"potentialAction\":[{\"@type\":\"SearchAction\",\"target\":\"https:\/\/www.oidossucios.com\/site\/?s={search_term_string}\",\"query-input\":\"required name=search_term_string\"}],\"inLanguage\":\"es\"},{\"@type\":\"ImageObject\",\"@id\":\"https:\/\/www.oidossucios.com\/site\/the-flaming-lips-anuncia-album-de-covers-a-the-stone-roses\/#primaryimage\",\"inLanguage\":\"es\",\"url\":\"https:\/\/www.oidossucios.com\/site\/wp-content\/uploads\/2013\/11\/8182.jpg\",\"width\":350,\"height\":300},{\"@type\":\"WebPage\",\"@id\":\"https:\/\/www.oidossucios.com\/site\/the-flaming-lips-anuncia-album-de-covers-a-the-stone-roses\/#webpage\",\"url\":\"https:\/\/www.oidossucios.com\/site\/the-flaming-lips-anuncia-album-de-covers-a-the-stone-roses\/\",\"name\":\"The Flaming Lips anuncia \\u00e1lbum de covers a The Stone Roses - OidosSucios.Com\",\"isPartOf\":{\"@id\":\"https:\/\/www.oidossucios.com\/site\/#website\"},\"primaryImageOfPage\":{\"@id\":\"https:\/\/www.oidossucios.com\/site\/the-flaming-lips-anuncia-album-de-covers-a-the-stone-roses\/#primaryimage\"},\"datePublished\":\"2013-11-17T23:44:00+00:00\",\"dateModified\":\"2013-11-17T23:44:00+00:00\",\"author\":{\"@id\":\"https:\/\/www.oidossucios.com\/site\/#\/schema\/person\/24559eeb76bf83a63296fb072393a688\"},\"inLanguage\":\"es\",\"potentialAction\":[{\"@type\":\"ReadAction\",\"target\":[\"https:\/\/www.oidossucios.com\/site\/the-flaming-lips-anuncia-album-de-covers-a-the-stone-roses\/\"]}]},{\"@type\":[\"Person\"],\"@id\":\"https:\/\/www.oidossucios.com\/site\/#\/schema\/person\/24559eeb76bf83a63296fb072393a688\",\"name\":\"Oidossucios\",\"image\":{\"@type\":\"ImageObject\",\"@id\":\"https:\/\/www.oidossucios.com\/site\/#personlogo\",\"inLanguage\":\"es\",\"url\":\"https:\/\/secure.gravatar.com\/avatar\/74fcb480f42f1a33e50a0b6e6369a3f907be2e43dc84fa5f76c66e9c22b4a5ab?s=96&d=mm&r=g\",\"caption\":\"Oidossucios\"},\"sameAs\":[\"https:\/\/twitter.com\/oidossucios\"]}]}<\/script>\n<!-- \/ Yoast SEO plugin. -->","jetpack_sharing_enabled":true,"_links":{"self":[{"href":"https:\/\/www.oidossucios.com\/site\/wp-json\/wp\/v2\/posts\/8182","targetHints":{"allow":["GET"]}}],"collection":[{"href":"https:\/\/www.oidossucios.com\/site\/wp-json\/wp\/v2\/posts"}],"about":[{"href":"https:\/\/www.oidossucios.com\/site\/wp-json\/wp\/v2\/types\/post"}],"author":[{"embeddable":true,"href":"https:\/\/www.oidossucios.com\/site\/wp-json\/wp\/v2\/users\/4"}],"replies":[{"embeddable":true,"href":"https:\/\/www.oidossucios.com\/site\/wp-json\/wp\/v2\/comments?post=8182"}],"version-history":[{"count":0,"href":"https:\/\/www.oidossucios.com\/site\/wp-json\/wp\/v2\/posts\/8182\/revisions"}],"wp:featuredmedia":[{"embeddable":true,"href":"https:\/\/www.oidossucios.com\/site\/wp-json\/wp\/v2\/media\/100008182"}],"wp:attachment":[{"href":"https:\/\/www.oidossucios.com\/site\/wp-json\/wp\/v2\/media?parent=8182"}],"wp:term":[{"taxonomy":"category","embeddable":true,"href":"https:\/\/www.oidossucios.com\/site\/wp-json\/wp\/v2\/categories?post=8182"},{"taxonomy":"post_tag","embeddable":true,"href":"https:\/\/www.oidossucios.com\/site\/wp-json\/wp\/v2\/tags?post=8182"}],"curies":[{"name":"wp","href":"https:\/\/api.w.org\/{rel}","templated":true}]}}