{"id":8189,"date":"2013-11-19T03:17:00","date_gmt":"2013-11-19T03:17:00","guid":{"rendered":"https:\/\/www.oidossucios.com\/site\/2013\/11\/19\/la-ucv-rockeara-este-miercoles-con-la-primera-edicion-del-festival-rock-n-risas-azules\/"},"modified":"2013-11-19T03:17:00","modified_gmt":"2013-11-19T03:17:00","slug":"la-ucv-rockeara-este-miercoles-con-la-primera-edicion-del-festival-rock-n-risas-azules","status":"publish","type":"post","link":"https:\/\/www.oidossucios.com\/site\/la-ucv-rockeara-este-miercoles-con-la-primera-edicion-del-festival-rock-n-risas-azules\/","title":{"rendered":"La UCV rockear\u00e1 este mi\u00e9rcoles con la primera edici\u00f3n del Festival Rock N\u00b4 Risas Azules"},"content":{"rendered":"<p><![endif]-->La casa que vence la sombras se vuelve la casa del rock nacional y este mi\u00e9rcoles 20 de noviembre en los espacios del estacionamiento estructural del estadio de b\u00e9isbol de la Universidad Central de Venezuela de Caracas se llevar\u00e1 a cabo la primera edici\u00f3n del Festival Rock N\u00b4 Risas Azules de la UCV, creado para el disfrute de la poblaci\u00f3n estudiantil de este alma mater, pero tambi\u00e9n para todo el p\u00fablico que quiera deleitarse con una tarde llena del buen rock nacional.<\/p>\n<p>En esta primera edici\u00f3n se estar\u00e1n presentando: La Vesper, Wannamaker, Panorama Cero, Andrea Lacoste, Susan, Americania y Tomates Fritos. Con la participaci\u00f3n especial de Marjori Haddad, locutora en Fuera de Orden en La Mega, como Host del Festival.<\/p>\n<p>El evento es de entrada libre y comienza a las 12 del mediod\u00eda de este mi\u00e9rcoles 20 de noviembre.<\/p>\n<p>Para m\u00e1s informaci\u00f3n, la cuenta en Twitter del evento @RockRisasAzules<!--[if gte mso 10]> <\/style>\n\n <![endif]--><\/p>\n","protected":false},"excerpt":{"rendered":"<p>La casa que vence la sombras se vuelve la casa del rock nacional y este mi\u00e9rcoles 20 de noviembre en los espacios del estacionamiento estructural del estadio de b\u00e9isbol de la Universidad Central de Venezuela de Caracas se llevar\u00e1 a cabo la primera edici\u00f3n del Festival Rock N\u00b4 Risas Azules de la UCV, creado para [&hellip;]<\/p>\n","protected":false},"author":4,"featured_media":100008189,"comment_status":"open","ping_status":"open","sticky":false,"template":"","format":"standard","meta":{"_jetpack_memberships_contains_paid_content":false,"footnotes":""},"categories":[142],"tags":[],"class_list":["post-8189","post","type-post","status-publish","format-standard","has-post-thumbnail","hentry","category-buzznews"],"jetpack_featured_media_url":"https:\/\/www.oidossucios.com\/site\/wp-content\/uploads\/2013\/11\/8189.jpg","yoast_head":"<!-- This site is optimized with the Yoast SEO plugin v14.0.4 - https:\/\/yoast.com\/wordpress\/plugins\/seo\/ -->\n<title>La UCV rockear\u00e1 este mi\u00e9rcoles con la primera edici\u00f3n del Festival Rock N\u00b4 Risas Azules - OidosSucios.Com<\/title>\n<meta name=\"robots\" content=\"index, follow\" \/>\n<meta name=\"googlebot\" content=\"index, follow, max-snippet:-1, max-image-preview:large, max-video-preview:-1\" \/>\n<meta name=\"bingbot\" content=\"index, follow, max-snippet:-1, max-image-preview:large, max-video-preview:-1\" \/>\n<link rel=\"canonical\" href=\"https:\/\/www.oidossucios.com\/site\/la-ucv-rockeara-este-miercoles-con-la-primera-edicion-del-festival-rock-n-risas-azules\/\" \/>\n<meta property=\"og:locale\" content=\"es_ES\" \/>\n<meta property=\"og:type\" content=\"article\" \/>\n<meta property=\"og:title\" content=\"La UCV rockear\u00e1 este mi\u00e9rcoles con la primera edici\u00f3n del Festival Rock N\u00b4 Risas Azules - OidosSucios.Com\" \/>\n<meta property=\"og:description\" content=\"La casa que vence la sombras se vuelve la casa del rock nacional y este mi\u00e9rcoles 20 de noviembre en los espacios del estacionamiento estructural del estadio de b\u00e9isbol de la Universidad Central de Venezuela de Caracas se llevar\u00e1 a cabo la primera edici\u00f3n del Festival Rock N\u00b4 Risas Azules de la UCV, creado para [&hellip;]\" \/>\n<meta property=\"og:url\" content=\"https:\/\/www.oidossucios.com\/site\/la-ucv-rockeara-este-miercoles-con-la-primera-edicion-del-festival-rock-n-risas-azules\/\" \/>\n<meta property=\"og:site_name\" content=\"OidosSucios.Com\" \/>\n<meta property=\"article:published_time\" content=\"2013-11-19T03:17:00+00:00\" \/>\n<meta property=\"og:image\" content=\"https:\/\/www.oidossucios.com\/site\/wp-content\/uploads\/2013\/11\/8189.jpg\" \/>\n\t<meta property=\"og:image:width\" content=\"350\" \/>\n\t<meta property=\"og:image:height\" content=\"300\" \/>\n<meta name=\"twitter:card\" content=\"summary_large_image\" \/>\n<meta name=\"twitter:creator\" content=\"@oidossucios\" \/>\n<script type=\"application\/ld+json\" class=\"yoast-schema-graph\">{\"@context\":\"https:\/\/schema.org\",\"@graph\":[{\"@type\":\"WebSite\",\"@id\":\"https:\/\/www.oidossucios.com\/site\/#website\",\"url\":\"https:\/\/www.oidossucios.com\/site\/\",\"name\":\"OidosSucios.Com\",\"description\":\"M\\u00fasica, conciertos, discos\",\"potentialAction\":[{\"@type\":\"SearchAction\",\"target\":\"https:\/\/www.oidossucios.com\/site\/?s={search_term_string}\",\"query-input\":\"required name=search_term_string\"}],\"inLanguage\":\"es\"},{\"@type\":\"ImageObject\",\"@id\":\"https:\/\/www.oidossucios.com\/site\/la-ucv-rockeara-este-miercoles-con-la-primera-edicion-del-festival-rock-n-risas-azules\/#primaryimage\",\"inLanguage\":\"es\",\"url\":\"https:\/\/www.oidossucios.com\/site\/wp-content\/uploads\/2013\/11\/8189.jpg\",\"width\":350,\"height\":300},{\"@type\":\"WebPage\",\"@id\":\"https:\/\/www.oidossucios.com\/site\/la-ucv-rockeara-este-miercoles-con-la-primera-edicion-del-festival-rock-n-risas-azules\/#webpage\",\"url\":\"https:\/\/www.oidossucios.com\/site\/la-ucv-rockeara-este-miercoles-con-la-primera-edicion-del-festival-rock-n-risas-azules\/\",\"name\":\"La UCV rockear\\u00e1 este mi\\u00e9rcoles con la primera edici\\u00f3n del Festival Rock N\\u00b4 Risas Azules - OidosSucios.Com\",\"isPartOf\":{\"@id\":\"https:\/\/www.oidossucios.com\/site\/#website\"},\"primaryImageOfPage\":{\"@id\":\"https:\/\/www.oidossucios.com\/site\/la-ucv-rockeara-este-miercoles-con-la-primera-edicion-del-festival-rock-n-risas-azules\/#primaryimage\"},\"datePublished\":\"2013-11-19T03:17:00+00:00\",\"dateModified\":\"2013-11-19T03:17:00+00:00\",\"author\":{\"@id\":\"https:\/\/www.oidossucios.com\/site\/#\/schema\/person\/24559eeb76bf83a63296fb072393a688\"},\"inLanguage\":\"es\",\"potentialAction\":[{\"@type\":\"ReadAction\",\"target\":[\"https:\/\/www.oidossucios.com\/site\/la-ucv-rockeara-este-miercoles-con-la-primera-edicion-del-festival-rock-n-risas-azules\/\"]}]},{\"@type\":[\"Person\"],\"@id\":\"https:\/\/www.oidossucios.com\/site\/#\/schema\/person\/24559eeb76bf83a63296fb072393a688\",\"name\":\"Oidossucios\",\"image\":{\"@type\":\"ImageObject\",\"@id\":\"https:\/\/www.oidossucios.com\/site\/#personlogo\",\"inLanguage\":\"es\",\"url\":\"https:\/\/secure.gravatar.com\/avatar\/74fcb480f42f1a33e50a0b6e6369a3f907be2e43dc84fa5f76c66e9c22b4a5ab?s=96&d=mm&r=g\",\"caption\":\"Oidossucios\"},\"sameAs\":[\"https:\/\/twitter.com\/oidossucios\"]}]}<\/script>\n<!-- \/ Yoast SEO plugin. -->","jetpack_sharing_enabled":true,"_links":{"self":[{"href":"https:\/\/www.oidossucios.com\/site\/wp-json\/wp\/v2\/posts\/8189","targetHints":{"allow":["GET"]}}],"collection":[{"href":"https:\/\/www.oidossucios.com\/site\/wp-json\/wp\/v2\/posts"}],"about":[{"href":"https:\/\/www.oidossucios.com\/site\/wp-json\/wp\/v2\/types\/post"}],"author":[{"embeddable":true,"href":"https:\/\/www.oidossucios.com\/site\/wp-json\/wp\/v2\/users\/4"}],"replies":[{"embeddable":true,"href":"https:\/\/www.oidossucios.com\/site\/wp-json\/wp\/v2\/comments?post=8189"}],"version-history":[{"count":0,"href":"https:\/\/www.oidossucios.com\/site\/wp-json\/wp\/v2\/posts\/8189\/revisions"}],"wp:featuredmedia":[{"embeddable":true,"href":"https:\/\/www.oidossucios.com\/site\/wp-json\/wp\/v2\/media\/100008189"}],"wp:attachment":[{"href":"https:\/\/www.oidossucios.com\/site\/wp-json\/wp\/v2\/media?parent=8189"}],"wp:term":[{"taxonomy":"category","embeddable":true,"href":"https:\/\/www.oidossucios.com\/site\/wp-json\/wp\/v2\/categories?post=8189"},{"taxonomy":"post_tag","embeddable":true,"href":"https:\/\/www.oidossucios.com\/site\/wp-json\/wp\/v2\/tags?post=8189"}],"curies":[{"name":"wp","href":"https:\/\/api.w.org\/{rel}","templated":true}]}}