{"id":819,"date":"2003-07-14T13:52:00","date_gmt":"2003-07-14T13:52:00","guid":{"rendered":"https:\/\/www.oidossucios.com\/site\/2003\/07\/14\/murio-compay-segundo\/"},"modified":"2003-07-14T13:52:00","modified_gmt":"2003-07-14T13:52:00","slug":"murio-compay-segundo","status":"publish","type":"post","link":"https:\/\/www.oidossucios.com\/site\/murio-compay-segundo\/","title":{"rendered":"Muri\u00f3 Compay Segundo"},"content":{"rendered":"<p>El legendario m\u00fasico cubano Francisco Repilado, mejor conocido como Compay Segundo, muri\u00f3 esta ma\u00f1ana su casa de La Habana debido a una insuficiencia renal.<\/p>\n<p>El artista era considerado un \u00edcono en la m\u00fasica cubana desde hace varias d\u00e9cadas, pero su fama reci\u00e9n lleg\u00f3 fuera de fronteras en el ocaso de su vida, cuando en 1997 graba el disco &#8216;Bella Vista Social Club&#8217;, producido por el estadounidense Ry Cooder, y gana un Premio Grammy en 1998.<\/p>\n<p>Con el mismo t\u00edtulo de su disco, el cineasta alem\u00e1n Win Wenders filma luego un documental que promueve a Compay Segundo a los primeros planos del estrellato, en momentos que celebraba sus 89 a\u00f1os de vida.<\/p>\n<p>Creador de melod\u00edas como &#8216;Chan Chan&#8217; y &#8216;Macusa&#8217;, entre un centenar de composiciones, los sones entonados por este artista son requeridos a diario a los grupos orquestales que tocan en los hoteles de la isla, por los miles de turistas que ven reflejado en la m\u00fasica de Compay Segundo el son caracter\u00edstico de Cuba. Adem\u00e1s de sus m\u00e1s de 100 canciones, Compay Segundo lleg\u00f3 a las nuevas generaciones de m\u00fasicos un nuevo instrumento dise\u00f1ado por \u00e9l, al que llam\u00f3 &#8216;el arm\u00f3nico&#8217;, una mezcla de guitarra y tres, de cuatro cuerdas, con el que se acompa\u00f1aba para entonar sus reconocidas melod\u00edas.<\/p>\n<p>Su estado de salud se deterior\u00f3 r\u00e1pidamente en los \u00faltimos meses debido a una condici\u00f3n renal que desencaden\u00f3 un severo cuadro de contaminaci\u00f3n de la sangre, lo cual acab\u00f3 con su vida a la edad de 95 a\u00f1os.<\/p>\n","protected":false},"excerpt":{"rendered":"<p>El legendario integrante de Buena Vista Social Club falleci\u00f3 esta ma\u00f1ana en La Habana a causa de una insuficiencia renal.<\/p>\n","protected":false},"author":4,"featured_media":10000819,"comment_status":"open","ping_status":"open","sticky":false,"template":"","format":"standard","meta":{"_jetpack_memberships_contains_paid_content":false,"footnotes":""},"categories":[250],"tags":[296],"class_list":["post-819","post","type-post","status-publish","format-standard","has-post-thumbnail","hentry","category-noticias","tag-compay-segundo"],"jetpack_featured_media_url":"https:\/\/www.oidossucios.com\/site\/wp-content\/uploads\/2003\/07\/819.jpg","yoast_head":"<!-- This site is optimized with the Yoast SEO plugin v14.0.4 - https:\/\/yoast.com\/wordpress\/plugins\/seo\/ -->\n<title>Muri\u00f3 Compay Segundo - OidosSucios.Com<\/title>\n<meta name=\"description\" content=\"La Fundaci\u00f3n Nuevas Bandas oficializ\u00f3 la lista de participantes en el Nuevas Bandas 2003, que se llevar\u00e1 a cabo el pr\u00f3ximo mes de octubre.\" \/>\n<meta name=\"robots\" content=\"index, follow\" \/>\n<meta name=\"googlebot\" content=\"index, follow, max-snippet:-1, max-image-preview:large, max-video-preview:-1\" \/>\n<meta name=\"bingbot\" content=\"index, follow, max-snippet:-1, max-image-preview:large, max-video-preview:-1\" \/>\n<link rel=\"canonical\" href=\"https:\/\/www.oidossucios.com\/site\/murio-compay-segundo\/\" \/>\n<meta property=\"og:locale\" content=\"es_ES\" \/>\n<meta property=\"og:type\" content=\"article\" \/>\n<meta property=\"og:title\" content=\"Muri\u00f3 Compay Segundo - OidosSucios.Com\" \/>\n<meta property=\"og:description\" content=\"La Fundaci\u00f3n Nuevas Bandas oficializ\u00f3 la lista de participantes en el Nuevas Bandas 2003, que se llevar\u00e1 a cabo el pr\u00f3ximo mes de octubre.\" \/>\n<meta property=\"og:url\" content=\"https:\/\/www.oidossucios.com\/site\/murio-compay-segundo\/\" \/>\n<meta property=\"og:site_name\" content=\"OidosSucios.Com\" \/>\n<meta property=\"article:published_time\" content=\"2003-07-14T13:52:00+00:00\" \/>\n<meta property=\"og:image\" content=\"https:\/\/www.oidossucios.com\/site\/wp-content\/uploads\/2003\/07\/819.jpg\" \/>\n\t<meta property=\"og:image:width\" content=\"290\" \/>\n\t<meta property=\"og:image:height\" content=\"100\" \/>\n<meta name=\"twitter:card\" content=\"summary_large_image\" \/>\n<meta name=\"twitter:creator\" content=\"@oidossucios\" \/>\n<script type=\"application\/ld+json\" class=\"yoast-schema-graph\">{\"@context\":\"https:\/\/schema.org\",\"@graph\":[{\"@type\":\"WebSite\",\"@id\":\"https:\/\/www.oidossucios.com\/site\/#website\",\"url\":\"https:\/\/www.oidossucios.com\/site\/\",\"name\":\"OidosSucios.Com\",\"description\":\"M\\u00fasica, conciertos, discos\",\"potentialAction\":[{\"@type\":\"SearchAction\",\"target\":\"https:\/\/www.oidossucios.com\/site\/?s={search_term_string}\",\"query-input\":\"required name=search_term_string\"}],\"inLanguage\":\"es\"},{\"@type\":\"ImageObject\",\"@id\":\"https:\/\/www.oidossucios.com\/site\/murio-compay-segundo\/#primaryimage\",\"inLanguage\":\"es\",\"url\":\"https:\/\/www.oidossucios.com\/site\/wp-content\/uploads\/2003\/07\/819.jpg\",\"width\":290,\"height\":100},{\"@type\":\"WebPage\",\"@id\":\"https:\/\/www.oidossucios.com\/site\/murio-compay-segundo\/#webpage\",\"url\":\"https:\/\/www.oidossucios.com\/site\/murio-compay-segundo\/\",\"name\":\"Muri\\u00f3 Compay Segundo - OidosSucios.Com\",\"isPartOf\":{\"@id\":\"https:\/\/www.oidossucios.com\/site\/#website\"},\"primaryImageOfPage\":{\"@id\":\"https:\/\/www.oidossucios.com\/site\/murio-compay-segundo\/#primaryimage\"},\"datePublished\":\"2003-07-14T13:52:00+00:00\",\"dateModified\":\"2003-07-14T13:52:00+00:00\",\"author\":{\"@id\":\"https:\/\/www.oidossucios.com\/site\/#\/schema\/person\/24559eeb76bf83a63296fb072393a688\"},\"description\":\"La Fundaci\\u00f3n Nuevas Bandas oficializ\\u00f3 la lista de participantes en el Nuevas Bandas 2003, que se llevar\\u00e1 a cabo el pr\\u00f3ximo mes de octubre.\",\"inLanguage\":\"es\",\"potentialAction\":[{\"@type\":\"ReadAction\",\"target\":[\"https:\/\/www.oidossucios.com\/site\/murio-compay-segundo\/\"]}]},{\"@type\":[\"Person\"],\"@id\":\"https:\/\/www.oidossucios.com\/site\/#\/schema\/person\/24559eeb76bf83a63296fb072393a688\",\"name\":\"Oidossucios\",\"image\":{\"@type\":\"ImageObject\",\"@id\":\"https:\/\/www.oidossucios.com\/site\/#personlogo\",\"inLanguage\":\"es\",\"url\":\"https:\/\/secure.gravatar.com\/avatar\/74fcb480f42f1a33e50a0b6e6369a3f907be2e43dc84fa5f76c66e9c22b4a5ab?s=96&d=mm&r=g\",\"caption\":\"Oidossucios\"},\"sameAs\":[\"https:\/\/twitter.com\/oidossucios\"]}]}<\/script>\n<!-- \/ Yoast SEO plugin. -->","jetpack_sharing_enabled":true,"_links":{"self":[{"href":"https:\/\/www.oidossucios.com\/site\/wp-json\/wp\/v2\/posts\/819","targetHints":{"allow":["GET"]}}],"collection":[{"href":"https:\/\/www.oidossucios.com\/site\/wp-json\/wp\/v2\/posts"}],"about":[{"href":"https:\/\/www.oidossucios.com\/site\/wp-json\/wp\/v2\/types\/post"}],"author":[{"embeddable":true,"href":"https:\/\/www.oidossucios.com\/site\/wp-json\/wp\/v2\/users\/4"}],"replies":[{"embeddable":true,"href":"https:\/\/www.oidossucios.com\/site\/wp-json\/wp\/v2\/comments?post=819"}],"version-history":[{"count":0,"href":"https:\/\/www.oidossucios.com\/site\/wp-json\/wp\/v2\/posts\/819\/revisions"}],"wp:featuredmedia":[{"embeddable":true,"href":"https:\/\/www.oidossucios.com\/site\/wp-json\/wp\/v2\/media\/10000819"}],"wp:attachment":[{"href":"https:\/\/www.oidossucios.com\/site\/wp-json\/wp\/v2\/media?parent=819"}],"wp:term":[{"taxonomy":"category","embeddable":true,"href":"https:\/\/www.oidossucios.com\/site\/wp-json\/wp\/v2\/categories?post=819"},{"taxonomy":"post_tag","embeddable":true,"href":"https:\/\/www.oidossucios.com\/site\/wp-json\/wp\/v2\/tags?post=819"}],"curies":[{"name":"wp","href":"https:\/\/api.w.org\/{rel}","templated":true}]}}