{"id":8190,"date":"2013-11-19T03:30:00","date_gmt":"2013-11-19T03:30:00","guid":{"rendered":"https:\/\/www.oidossucios.com\/site\/2013\/11\/19\/yatu-retoma-su-carrera-como-solista\/"},"modified":"2013-11-19T03:30:00","modified_gmt":"2013-11-19T03:30:00","slug":"yatu-retoma-su-carrera-como-solista","status":"publish","type":"post","link":"https:\/\/www.oidossucios.com\/site\/yatu-retoma-su-carrera-como-solista\/","title":{"rendered":"Yatu retoma su carrera como solista"},"content":{"rendered":"<p><![endif]--> <\/p>\n<p>Yatu inicia presentaciones en vivo con su banda solista el pr\u00f3ximo 13 diciembre en la ciudad de Valencia y prepara una nueva producci\u00f3n discogr\u00e1fica para el 2014.<\/p>\n<p>Luego de una breve pausa en su carrera solista el cantautor venezolano Juan Bautista L\u00f3pez, conocido en el medio como Yatu y l\u00edder de la agrupaci\u00f3n La Seguridad Nacional, tiene todo listo para reanimar su proyecto en solitario con el cual ha editado cuatro producciones discogr\u00e1ficas hasta la fecha.<\/p>\n<p>El compositor de los cl\u00e1sicos &#8220;U\u00f1as Asesinas&#8221; y &#8220;Vampiro&#8221; entre otros, ha comentado que se encuentra trabajando en lo que ser\u00e1 el \u00e1lbum sucesor de <i>Inmortal<\/i> y que para este show estar\u00e1 presentando adelantos del nuevo material que planea editar en el 2014, junto a las canciones que integran su cat\u00e1logo solista en los discos: <i>A Conciencia<\/i> (2006), <i>Joroporoll<\/i> (2007), <i>La Condici\u00f3n de este Mundo<\/i> (2008) e <i>Inmortal<\/i> (2012).<\/p>\n<p>La cita es el 13 de diciembre en el Ba\u00f1o Pub Bar ubicado en la calle 139\u00aa del vi\u00f1edo en valencia, donde se vivir\u00e1 una noche de fiesta musical para los carabobe\u00f1os, cargada de verdadero rock &amp; roll 100% venezolano.<\/p>\n<p>La entrada tiene un costo de Bs.120 y se podr\u00e1 conseguir en las instalaciones del bar.<\/p>\n<p>M\u00e1s informaci\u00f3n:<\/p>\n<p>Yatumusic en Facebook<br \/>Twitter @_YATU<br \/>@Tatobox<a href=\"http:\/\/www.reverbnation.com\/yatu\"><br \/>http:\/\/www.reverbnation.com\/yatu<\/a><\/p>\n<p><!--[if gte mso 10]> <\/style>\n\n <![endif]--><\/p>\n","protected":false},"excerpt":{"rendered":"<p>Yatu inicia presentaciones en vivo con su banda solista el pr\u00f3ximo 13 diciembre en la ciudad de Valencia y prepara una nueva producci\u00f3n discogr\u00e1fica para el 2014. Luego de una breve pausa en su carrera solista el cantautor venezolano Juan Bautista L\u00f3pez, conocido en el medio como Yatu y l\u00edder de la agrupaci\u00f3n La Seguridad [&hellip;]<\/p>\n","protected":false},"author":4,"featured_media":100008190,"comment_status":"open","ping_status":"open","sticky":false,"template":"","format":"standard","meta":{"_jetpack_memberships_contains_paid_content":false,"footnotes":""},"categories":[142],"tags":[],"class_list":["post-8190","post","type-post","status-publish","format-standard","has-post-thumbnail","hentry","category-buzznews"],"jetpack_featured_media_url":"https:\/\/www.oidossucios.com\/site\/wp-content\/uploads\/2013\/11\/8190.jpg","yoast_head":"<!-- This site is optimized with the Yoast SEO plugin v14.0.4 - https:\/\/yoast.com\/wordpress\/plugins\/seo\/ -->\n<title>Yatu retoma su carrera como solista - OidosSucios.Com<\/title>\n<meta name=\"robots\" content=\"index, follow\" \/>\n<meta name=\"googlebot\" content=\"index, follow, max-snippet:-1, max-image-preview:large, max-video-preview:-1\" \/>\n<meta name=\"bingbot\" content=\"index, follow, max-snippet:-1, max-image-preview:large, max-video-preview:-1\" \/>\n<link rel=\"canonical\" href=\"https:\/\/www.oidossucios.com\/site\/yatu-retoma-su-carrera-como-solista\/\" \/>\n<meta property=\"og:locale\" content=\"es_ES\" \/>\n<meta property=\"og:type\" content=\"article\" \/>\n<meta property=\"og:title\" content=\"Yatu retoma su carrera como solista - OidosSucios.Com\" \/>\n<meta property=\"og:description\" content=\"Yatu inicia presentaciones en vivo con su banda solista el pr\u00f3ximo 13 diciembre en la ciudad de Valencia y prepara una nueva producci\u00f3n discogr\u00e1fica para el 2014. Luego de una breve pausa en su carrera solista el cantautor venezolano Juan Bautista L\u00f3pez, conocido en el medio como Yatu y l\u00edder de la agrupaci\u00f3n La Seguridad [&hellip;]\" \/>\n<meta property=\"og:url\" content=\"https:\/\/www.oidossucios.com\/site\/yatu-retoma-su-carrera-como-solista\/\" \/>\n<meta property=\"og:site_name\" content=\"OidosSucios.Com\" \/>\n<meta property=\"article:published_time\" content=\"2013-11-19T03:30:00+00:00\" \/>\n<meta property=\"og:image\" content=\"https:\/\/www.oidossucios.com\/site\/wp-content\/uploads\/2013\/11\/8190.jpg\" \/>\n\t<meta property=\"og:image:width\" content=\"350\" \/>\n\t<meta property=\"og:image:height\" content=\"300\" \/>\n<meta name=\"twitter:card\" content=\"summary_large_image\" \/>\n<meta name=\"twitter:creator\" content=\"@oidossucios\" \/>\n<script type=\"application\/ld+json\" class=\"yoast-schema-graph\">{\"@context\":\"https:\/\/schema.org\",\"@graph\":[{\"@type\":\"WebSite\",\"@id\":\"https:\/\/www.oidossucios.com\/site\/#website\",\"url\":\"https:\/\/www.oidossucios.com\/site\/\",\"name\":\"OidosSucios.Com\",\"description\":\"M\\u00fasica, conciertos, discos\",\"potentialAction\":[{\"@type\":\"SearchAction\",\"target\":\"https:\/\/www.oidossucios.com\/site\/?s={search_term_string}\",\"query-input\":\"required name=search_term_string\"}],\"inLanguage\":\"es\"},{\"@type\":\"ImageObject\",\"@id\":\"https:\/\/www.oidossucios.com\/site\/yatu-retoma-su-carrera-como-solista\/#primaryimage\",\"inLanguage\":\"es\",\"url\":\"https:\/\/www.oidossucios.com\/site\/wp-content\/uploads\/2013\/11\/8190.jpg\",\"width\":350,\"height\":300},{\"@type\":\"WebPage\",\"@id\":\"https:\/\/www.oidossucios.com\/site\/yatu-retoma-su-carrera-como-solista\/#webpage\",\"url\":\"https:\/\/www.oidossucios.com\/site\/yatu-retoma-su-carrera-como-solista\/\",\"name\":\"Yatu retoma su carrera como solista - OidosSucios.Com\",\"isPartOf\":{\"@id\":\"https:\/\/www.oidossucios.com\/site\/#website\"},\"primaryImageOfPage\":{\"@id\":\"https:\/\/www.oidossucios.com\/site\/yatu-retoma-su-carrera-como-solista\/#primaryimage\"},\"datePublished\":\"2013-11-19T03:30:00+00:00\",\"dateModified\":\"2013-11-19T03:30:00+00:00\",\"author\":{\"@id\":\"https:\/\/www.oidossucios.com\/site\/#\/schema\/person\/24559eeb76bf83a63296fb072393a688\"},\"inLanguage\":\"es\",\"potentialAction\":[{\"@type\":\"ReadAction\",\"target\":[\"https:\/\/www.oidossucios.com\/site\/yatu-retoma-su-carrera-como-solista\/\"]}]},{\"@type\":[\"Person\"],\"@id\":\"https:\/\/www.oidossucios.com\/site\/#\/schema\/person\/24559eeb76bf83a63296fb072393a688\",\"name\":\"Oidossucios\",\"image\":{\"@type\":\"ImageObject\",\"@id\":\"https:\/\/www.oidossucios.com\/site\/#personlogo\",\"inLanguage\":\"es\",\"url\":\"https:\/\/secure.gravatar.com\/avatar\/74fcb480f42f1a33e50a0b6e6369a3f907be2e43dc84fa5f76c66e9c22b4a5ab?s=96&d=mm&r=g\",\"caption\":\"Oidossucios\"},\"sameAs\":[\"https:\/\/twitter.com\/oidossucios\"]}]}<\/script>\n<!-- \/ Yoast SEO plugin. -->","jetpack_sharing_enabled":true,"_links":{"self":[{"href":"https:\/\/www.oidossucios.com\/site\/wp-json\/wp\/v2\/posts\/8190","targetHints":{"allow":["GET"]}}],"collection":[{"href":"https:\/\/www.oidossucios.com\/site\/wp-json\/wp\/v2\/posts"}],"about":[{"href":"https:\/\/www.oidossucios.com\/site\/wp-json\/wp\/v2\/types\/post"}],"author":[{"embeddable":true,"href":"https:\/\/www.oidossucios.com\/site\/wp-json\/wp\/v2\/users\/4"}],"replies":[{"embeddable":true,"href":"https:\/\/www.oidossucios.com\/site\/wp-json\/wp\/v2\/comments?post=8190"}],"version-history":[{"count":0,"href":"https:\/\/www.oidossucios.com\/site\/wp-json\/wp\/v2\/posts\/8190\/revisions"}],"wp:featuredmedia":[{"embeddable":true,"href":"https:\/\/www.oidossucios.com\/site\/wp-json\/wp\/v2\/media\/100008190"}],"wp:attachment":[{"href":"https:\/\/www.oidossucios.com\/site\/wp-json\/wp\/v2\/media?parent=8190"}],"wp:term":[{"taxonomy":"category","embeddable":true,"href":"https:\/\/www.oidossucios.com\/site\/wp-json\/wp\/v2\/categories?post=8190"},{"taxonomy":"post_tag","embeddable":true,"href":"https:\/\/www.oidossucios.com\/site\/wp-json\/wp\/v2\/tags?post=8190"}],"curies":[{"name":"wp","href":"https:\/\/api.w.org\/{rel}","templated":true}]}}