{"id":8191,"date":"2013-11-19T03:45:00","date_gmt":"2013-11-19T03:45:00","guid":{"rendered":"https:\/\/www.oidossucios.com\/site\/2013\/11\/19\/richie-sambora-habla-de-su-ruptura-con-bon-jovi\/"},"modified":"2013-11-19T03:45:00","modified_gmt":"2013-11-19T03:45:00","slug":"richie-sambora-habla-de-su-ruptura-con-bon-jovi","status":"publish","type":"post","link":"https:\/\/www.oidossucios.com\/site\/richie-sambora-habla-de-su-ruptura-con-bon-jovi\/","title":{"rendered":"Richie Sambora habla de su ruptura con Bon Jovi"},"content":{"rendered":"<p>Por <\/p>\n<p><![endif]-->Tras el desplante de Richie Sambora a Bon Jovi en mitad de la gira de este a\u00f1o, que priv\u00f3 al p\u00fablico &nbsp;de ver al guitarrista tocando con la banda en su gira 2014, poco se sab\u00eda de los motivos del m\u00fasico para alejarse del grupo. Hasta ahora: en unas declaraciones a The Today Show Australia, Sambora ha reconocido que necesitaba pasar tiempo con su hija Ava y que &#8220;deber\u00edan haber tenido m\u00e1s tiempo entre gira y gira&#8221;.<\/p>\n<p>El guitarrista, que afirma que &#8220;no ten\u00eda ni idea de lo que iba a suceder&#8221; cuando dej\u00f3 al grupo, insiste en que est\u00e1 &#8220;bastante seguro&#8221; de que volver\u00e1 con Bon Jovi &#8220;a su debido tiempo&#8221;,&nbsp; y que su separaci\u00f3n temporal &#8220;no va a ser el final de la banda ni nada parecido&#8221;.<\/p>\n<p>Fuente: www.rollingstone.es<!--[if gte mso 10]> <\/style>\n\n <![endif]--><\/p>\n","protected":false},"excerpt":{"rendered":"<p>El guitarrista de la banda explica por qu\u00e9 dej\u00f3 el grupo y conf\u00eda en que sea solo de forma temporal. <\/p>\n","protected":false},"author":4,"featured_media":100008191,"comment_status":"open","ping_status":"open","sticky":false,"template":"","format":"standard","meta":{"_jetpack_memberships_contains_paid_content":false,"footnotes":""},"categories":[685],"tags":[],"class_list":["post-8191","post","type-post","status-publish","format-standard","has-post-thumbnail","hentry","category-ultima"],"jetpack_featured_media_url":"https:\/\/www.oidossucios.com\/site\/wp-content\/uploads\/2013\/11\/8191.jpg","yoast_head":"<!-- This site is optimized with the Yoast SEO plugin v14.0.4 - https:\/\/yoast.com\/wordpress\/plugins\/seo\/ -->\n<title>Richie Sambora habla de su ruptura con Bon Jovi - OidosSucios.Com<\/title>\n<meta name=\"description\" content=\"El guitarrista de la banda explica por qu\u00e9 dej\u00f3 el grupo y conf\u00eda en que sea solo de forma temporal.\" \/>\n<meta name=\"robots\" content=\"index, follow\" \/>\n<meta name=\"googlebot\" content=\"index, follow, max-snippet:-1, max-image-preview:large, max-video-preview:-1\" \/>\n<meta name=\"bingbot\" content=\"index, follow, max-snippet:-1, max-image-preview:large, max-video-preview:-1\" \/>\n<link rel=\"canonical\" href=\"https:\/\/www.oidossucios.com\/site\/richie-sambora-habla-de-su-ruptura-con-bon-jovi\/\" \/>\n<meta property=\"og:locale\" content=\"es_ES\" \/>\n<meta property=\"og:type\" content=\"article\" \/>\n<meta property=\"og:title\" content=\"Richie Sambora habla de su ruptura con Bon Jovi - OidosSucios.Com\" \/>\n<meta property=\"og:description\" content=\"El guitarrista de la banda explica por qu\u00e9 dej\u00f3 el grupo y conf\u00eda en que sea solo de forma temporal.\" \/>\n<meta property=\"og:url\" content=\"https:\/\/www.oidossucios.com\/site\/richie-sambora-habla-de-su-ruptura-con-bon-jovi\/\" \/>\n<meta property=\"og:site_name\" content=\"OidosSucios.Com\" \/>\n<meta property=\"article:published_time\" content=\"2013-11-19T03:45:00+00:00\" \/>\n<meta property=\"og:image\" content=\"https:\/\/www.oidossucios.com\/site\/wp-content\/uploads\/2013\/11\/8191.jpg\" \/>\n\t<meta property=\"og:image:width\" content=\"350\" \/>\n\t<meta property=\"og:image:height\" content=\"300\" \/>\n<meta name=\"twitter:card\" content=\"summary_large_image\" \/>\n<meta name=\"twitter:creator\" content=\"@oidossucios\" \/>\n<script type=\"application\/ld+json\" class=\"yoast-schema-graph\">{\"@context\":\"https:\/\/schema.org\",\"@graph\":[{\"@type\":\"WebSite\",\"@id\":\"https:\/\/www.oidossucios.com\/site\/#website\",\"url\":\"https:\/\/www.oidossucios.com\/site\/\",\"name\":\"OidosSucios.Com\",\"description\":\"M\\u00fasica, conciertos, discos\",\"potentialAction\":[{\"@type\":\"SearchAction\",\"target\":\"https:\/\/www.oidossucios.com\/site\/?s={search_term_string}\",\"query-input\":\"required name=search_term_string\"}],\"inLanguage\":\"es\"},{\"@type\":\"ImageObject\",\"@id\":\"https:\/\/www.oidossucios.com\/site\/richie-sambora-habla-de-su-ruptura-con-bon-jovi\/#primaryimage\",\"inLanguage\":\"es\",\"url\":\"https:\/\/www.oidossucios.com\/site\/wp-content\/uploads\/2013\/11\/8191.jpg\",\"width\":350,\"height\":300},{\"@type\":\"WebPage\",\"@id\":\"https:\/\/www.oidossucios.com\/site\/richie-sambora-habla-de-su-ruptura-con-bon-jovi\/#webpage\",\"url\":\"https:\/\/www.oidossucios.com\/site\/richie-sambora-habla-de-su-ruptura-con-bon-jovi\/\",\"name\":\"Richie Sambora habla de su ruptura con Bon Jovi - OidosSucios.Com\",\"isPartOf\":{\"@id\":\"https:\/\/www.oidossucios.com\/site\/#website\"},\"primaryImageOfPage\":{\"@id\":\"https:\/\/www.oidossucios.com\/site\/richie-sambora-habla-de-su-ruptura-con-bon-jovi\/#primaryimage\"},\"datePublished\":\"2013-11-19T03:45:00+00:00\",\"dateModified\":\"2013-11-19T03:45:00+00:00\",\"author\":{\"@id\":\"https:\/\/www.oidossucios.com\/site\/#\/schema\/person\/24559eeb76bf83a63296fb072393a688\"},\"description\":\"El guitarrista de la banda explica por qu\\u00e9 dej\\u00f3 el grupo y conf\\u00eda en que sea solo de forma temporal.\",\"inLanguage\":\"es\",\"potentialAction\":[{\"@type\":\"ReadAction\",\"target\":[\"https:\/\/www.oidossucios.com\/site\/richie-sambora-habla-de-su-ruptura-con-bon-jovi\/\"]}]},{\"@type\":[\"Person\"],\"@id\":\"https:\/\/www.oidossucios.com\/site\/#\/schema\/person\/24559eeb76bf83a63296fb072393a688\",\"name\":\"Oidossucios\",\"image\":{\"@type\":\"ImageObject\",\"@id\":\"https:\/\/www.oidossucios.com\/site\/#personlogo\",\"inLanguage\":\"es\",\"url\":\"https:\/\/secure.gravatar.com\/avatar\/74fcb480f42f1a33e50a0b6e6369a3f907be2e43dc84fa5f76c66e9c22b4a5ab?s=96&d=mm&r=g\",\"caption\":\"Oidossucios\"},\"sameAs\":[\"https:\/\/twitter.com\/oidossucios\"]}]}<\/script>\n<!-- \/ Yoast SEO plugin. -->","jetpack_sharing_enabled":true,"_links":{"self":[{"href":"https:\/\/www.oidossucios.com\/site\/wp-json\/wp\/v2\/posts\/8191","targetHints":{"allow":["GET"]}}],"collection":[{"href":"https:\/\/www.oidossucios.com\/site\/wp-json\/wp\/v2\/posts"}],"about":[{"href":"https:\/\/www.oidossucios.com\/site\/wp-json\/wp\/v2\/types\/post"}],"author":[{"embeddable":true,"href":"https:\/\/www.oidossucios.com\/site\/wp-json\/wp\/v2\/users\/4"}],"replies":[{"embeddable":true,"href":"https:\/\/www.oidossucios.com\/site\/wp-json\/wp\/v2\/comments?post=8191"}],"version-history":[{"count":0,"href":"https:\/\/www.oidossucios.com\/site\/wp-json\/wp\/v2\/posts\/8191\/revisions"}],"wp:featuredmedia":[{"embeddable":true,"href":"https:\/\/www.oidossucios.com\/site\/wp-json\/wp\/v2\/media\/100008191"}],"wp:attachment":[{"href":"https:\/\/www.oidossucios.com\/site\/wp-json\/wp\/v2\/media?parent=8191"}],"wp:term":[{"taxonomy":"category","embeddable":true,"href":"https:\/\/www.oidossucios.com\/site\/wp-json\/wp\/v2\/categories?post=8191"},{"taxonomy":"post_tag","embeddable":true,"href":"https:\/\/www.oidossucios.com\/site\/wp-json\/wp\/v2\/tags?post=8191"}],"curies":[{"name":"wp","href":"https:\/\/api.w.org\/{rel}","templated":true}]}}