{"id":8197,"date":"2013-11-20T03:57:00","date_gmt":"2013-11-20T03:57:00","guid":{"rendered":"https:\/\/www.oidossucios.com\/site\/2013\/11\/20\/outkast-se-reunira-en-2014\/"},"modified":"2013-11-20T03:57:00","modified_gmt":"2013-11-20T03:57:00","slug":"outkast-se-reunira-en-2014","status":"publish","type":"post","link":"https:\/\/www.oidossucios.com\/site\/outkast-se-reunira-en-2014\/","title":{"rendered":"Outkast se reunir\u00e1 en 2014"},"content":{"rendered":"<p>Uno de los d\u00faos de rap m\u00e1s prol\u00edferos de la historia se reunir\u00e1 el pr\u00f3ximo a\u00f1o; Andre 3000 y Big Boi compartir\u00e1n micr\u00f3fonos como Outkast por primera vez en m\u00e1s de seis a\u00f1os.<\/p>\n<p>Los primeros reportes de <a href=\"http:\/\/www.billboard.com\/articles\/news\/5793313\/outkast-to-reunite-for-coachella-2014\">Billboard<\/a>se\u00f1alaban que la reuni\u00f3n se podr\u00eda dar en el festival Coachella -ya caracter\u00edstico por ser testigo de varias en a\u00f1os anteriores- y ser\u00eda solo el inicio de varias apariciones en festivales a lo largo de 2014, a\u00f1o que marca el 20\u00ba aniversario del primer \u00e1lbum de Outkast.<a href=\"http:\/\/revolt.tv\/\"><\/p>\n<p>Revolt<\/a> dio por hecho la reuni\u00f3n:<\/p>\n<p>&#8220;<b>Outkast se reunir\u00e1 en 2014 para presentaciones a lo largo de EE.UU.<\/b><\/p>\n<p>Los shows marcar\u00e1n las primeras apariciones del d\u00fao sobre un escenario desde 2004, con fuentes revelando a REVOLT que esperen al grupo de Atlanta en m\u00faltiples festivales de rock el pr\u00f3ximo a\u00f1o. Aunque los detalles son escasos (la naturaleza secreta de los miembros mantiene a nuestras fuentes con los labios cerrados), nos dicen que la reuni\u00f3n ser\u00e1 solamente en un escenario en vivo, sin planes de un \u00e1lbum nuevo, por ahora&#8221;.<\/p>\n<p>El sitio finalmente menciona que la primera reuni\u00f3n podr\u00eda ser en el CounterPoint Festival en abril, y despu\u00e9s Coachella.<\/p>\n<p>Fuente: www.warp.la<![endif]--><!--[if gte mso 10]> <\/style>\n\n <![endif]--><\/p>\n","protected":false},"excerpt":{"rendered":"<p>Uno de los d\u00faos de rap m\u00e1s prol\u00edferos de la historia se reunir\u00e1 el pr\u00f3ximo a\u00f1o; Andre 3000 y Big Boi compartir\u00e1n micr\u00f3fonos como Outkast por primera vez en m\u00e1s de seis a\u00f1os. Los primeros reportes de Billboardse\u00f1alaban que la reuni\u00f3n se podr\u00eda dar en el festival Coachella -ya caracter\u00edstico por ser testigo de varias [&hellip;]<\/p>\n","protected":false},"author":4,"featured_media":0,"comment_status":"open","ping_status":"open","sticky":false,"template":"","format":"standard","meta":{"_jetpack_memberships_contains_paid_content":false,"footnotes":""},"categories":[142],"tags":[],"class_list":["post-8197","post","type-post","status-publish","format-standard","hentry","category-buzznews"],"jetpack_featured_media_url":"","yoast_head":"<!-- This site is optimized with the Yoast SEO plugin v14.0.4 - https:\/\/yoast.com\/wordpress\/plugins\/seo\/ -->\n<title>Outkast se reunir\u00e1 en 2014 - OidosSucios.Com<\/title>\n<meta name=\"robots\" content=\"index, follow\" \/>\n<meta name=\"googlebot\" content=\"index, follow, max-snippet:-1, max-image-preview:large, max-video-preview:-1\" \/>\n<meta name=\"bingbot\" content=\"index, follow, max-snippet:-1, max-image-preview:large, max-video-preview:-1\" \/>\n<link rel=\"canonical\" href=\"https:\/\/www.oidossucios.com\/site\/outkast-se-reunira-en-2014\/\" \/>\n<meta property=\"og:locale\" content=\"es_ES\" \/>\n<meta property=\"og:type\" content=\"article\" \/>\n<meta property=\"og:title\" content=\"Outkast se reunir\u00e1 en 2014 - OidosSucios.Com\" \/>\n<meta property=\"og:description\" content=\"Uno de los d\u00faos de rap m\u00e1s prol\u00edferos de la historia se reunir\u00e1 el pr\u00f3ximo a\u00f1o; Andre 3000 y Big Boi compartir\u00e1n micr\u00f3fonos como Outkast por primera vez en m\u00e1s de seis a\u00f1os. Los primeros reportes de Billboardse\u00f1alaban que la reuni\u00f3n se podr\u00eda dar en el festival Coachella -ya caracter\u00edstico por ser testigo de varias [&hellip;]\" \/>\n<meta property=\"og:url\" content=\"https:\/\/www.oidossucios.com\/site\/outkast-se-reunira-en-2014\/\" \/>\n<meta property=\"og:site_name\" content=\"OidosSucios.Com\" \/>\n<meta property=\"article:published_time\" content=\"2013-11-20T03:57:00+00:00\" \/>\n<meta name=\"twitter:card\" content=\"summary_large_image\" \/>\n<meta name=\"twitter:creator\" content=\"@oidossucios\" \/>\n<script type=\"application\/ld+json\" class=\"yoast-schema-graph\">{\"@context\":\"https:\/\/schema.org\",\"@graph\":[{\"@type\":\"WebSite\",\"@id\":\"https:\/\/www.oidossucios.com\/site\/#website\",\"url\":\"https:\/\/www.oidossucios.com\/site\/\",\"name\":\"OidosSucios.Com\",\"description\":\"M\\u00fasica, conciertos, discos\",\"potentialAction\":[{\"@type\":\"SearchAction\",\"target\":\"https:\/\/www.oidossucios.com\/site\/?s={search_term_string}\",\"query-input\":\"required name=search_term_string\"}],\"inLanguage\":\"es\"},{\"@type\":\"WebPage\",\"@id\":\"https:\/\/www.oidossucios.com\/site\/outkast-se-reunira-en-2014\/#webpage\",\"url\":\"https:\/\/www.oidossucios.com\/site\/outkast-se-reunira-en-2014\/\",\"name\":\"Outkast se reunir\\u00e1 en 2014 - OidosSucios.Com\",\"isPartOf\":{\"@id\":\"https:\/\/www.oidossucios.com\/site\/#website\"},\"datePublished\":\"2013-11-20T03:57:00+00:00\",\"dateModified\":\"2013-11-20T03:57:00+00:00\",\"author\":{\"@id\":\"https:\/\/www.oidossucios.com\/site\/#\/schema\/person\/24559eeb76bf83a63296fb072393a688\"},\"inLanguage\":\"es\",\"potentialAction\":[{\"@type\":\"ReadAction\",\"target\":[\"https:\/\/www.oidossucios.com\/site\/outkast-se-reunira-en-2014\/\"]}]},{\"@type\":[\"Person\"],\"@id\":\"https:\/\/www.oidossucios.com\/site\/#\/schema\/person\/24559eeb76bf83a63296fb072393a688\",\"name\":\"Oidossucios\",\"image\":{\"@type\":\"ImageObject\",\"@id\":\"https:\/\/www.oidossucios.com\/site\/#personlogo\",\"inLanguage\":\"es\",\"url\":\"https:\/\/secure.gravatar.com\/avatar\/74fcb480f42f1a33e50a0b6e6369a3f907be2e43dc84fa5f76c66e9c22b4a5ab?s=96&d=mm&r=g\",\"caption\":\"Oidossucios\"},\"sameAs\":[\"https:\/\/twitter.com\/oidossucios\"]}]}<\/script>\n<!-- \/ Yoast SEO plugin. -->","jetpack_sharing_enabled":true,"_links":{"self":[{"href":"https:\/\/www.oidossucios.com\/site\/wp-json\/wp\/v2\/posts\/8197","targetHints":{"allow":["GET"]}}],"collection":[{"href":"https:\/\/www.oidossucios.com\/site\/wp-json\/wp\/v2\/posts"}],"about":[{"href":"https:\/\/www.oidossucios.com\/site\/wp-json\/wp\/v2\/types\/post"}],"author":[{"embeddable":true,"href":"https:\/\/www.oidossucios.com\/site\/wp-json\/wp\/v2\/users\/4"}],"replies":[{"embeddable":true,"href":"https:\/\/www.oidossucios.com\/site\/wp-json\/wp\/v2\/comments?post=8197"}],"version-history":[{"count":0,"href":"https:\/\/www.oidossucios.com\/site\/wp-json\/wp\/v2\/posts\/8197\/revisions"}],"wp:attachment":[{"href":"https:\/\/www.oidossucios.com\/site\/wp-json\/wp\/v2\/media?parent=8197"}],"wp:term":[{"taxonomy":"category","embeddable":true,"href":"https:\/\/www.oidossucios.com\/site\/wp-json\/wp\/v2\/categories?post=8197"},{"taxonomy":"post_tag","embeddable":true,"href":"https:\/\/www.oidossucios.com\/site\/wp-json\/wp\/v2\/tags?post=8197"}],"curies":[{"name":"wp","href":"https:\/\/api.w.org\/{rel}","templated":true}]}}