{"id":8199,"date":"2013-11-20T04:04:00","date_gmt":"2013-11-20T04:04:00","guid":{"rendered":"https:\/\/www.oidossucios.com\/site\/2013\/11\/20\/cafe-tacvba-comparte-trailer-de-el-objeto-antes-llamado-disco-la-pelicula\/"},"modified":"2013-11-20T04:04:00","modified_gmt":"2013-11-20T04:04:00","slug":"cafe-tacvba-comparte-trailer-de-el-objeto-antes-llamado-disco-la-pelicula","status":"publish","type":"post","link":"https:\/\/www.oidossucios.com\/site\/cafe-tacvba-comparte-trailer-de-el-objeto-antes-llamado-disco-la-pelicula\/","title":{"rendered":"Caf\u00e9 Tacvba comparte tr\u00e1iler de &#8220;El Objeto Antes Llamado Disco: La Pel\u00edcula&#8221;"},"content":{"rendered":"<p>En el marco del Festival de Cine de Baja California la banda capitalina Caf\u00e9 Tacvba present\u00f3 de manera oficial el filme titulado <i>El Objeto Antes Llamado Disco: La Pel\u00edcula<\/i>, cinta que documenta y retrata la creaci\u00f3n del trabajo m\u00e1s reciente de la agrupaci\u00f3n mexicana.<\/p>\n<p>Esta pel\u00edcula puede describirse como una pel\u00edcula-\u00e1lbum, ya que combina la parte musical con los ideales de cada miembro y culmina en un retrato verdaderamente \u00edntimo del proceso creativo de Caf\u00e9 Tacvba.<\/p>\n<p>En palabras de Rub\u00e9n Albarran: &#8220;Nuestro trabajo qued\u00f3 retratado de una forma fiel, Gregory tiene la capacidad de ser &#8220;invisible&#8221;, nunca nos sentimos observados&#8221;.<\/p>\n<p>La pel\u00edcula fue producida por Plural Films y dirigida por el brit\u00e1nico Gregory Allen, quien recientemente participo en la pel\u00edcula mexicana <i>Hecho en M\u00e9xico<\/i>.<\/p>\n<p>Fuente: www.warp.la<![endif]--><!--[if gte mso 10]> <\/style>\n\n <![endif]--><\/p>\n","protected":false},"excerpt":{"rendered":"<p>En el marco del Festival de Cine de Baja California la banda capitalina Caf\u00e9 Tacvba present\u00f3 de manera oficial el filme titulado El Objeto Antes Llamado Disco: La Pel\u00edcula, cinta que documenta y retrata la creaci\u00f3n del trabajo m\u00e1s reciente de la agrupaci\u00f3n mexicana. Esta pel\u00edcula puede describirse como una pel\u00edcula-\u00e1lbum, ya que combina la [&hellip;]<\/p>\n","protected":false},"author":4,"featured_media":0,"comment_status":"open","ping_status":"open","sticky":false,"template":"","format":"standard","meta":{"_jetpack_memberships_contains_paid_content":false,"footnotes":""},"categories":[142],"tags":[],"class_list":["post-8199","post","type-post","status-publish","format-standard","hentry","category-buzznews"],"jetpack_featured_media_url":"","yoast_head":"<!-- This site is optimized with the Yoast SEO plugin v14.0.4 - https:\/\/yoast.com\/wordpress\/plugins\/seo\/ -->\n<title>Caf\u00e9 Tacvba comparte tr\u00e1iler de &quot;El Objeto Antes Llamado Disco: La Pel\u00edcula&quot; - OidosSucios.Com<\/title>\n<meta name=\"robots\" content=\"index, follow\" \/>\n<meta name=\"googlebot\" content=\"index, follow, max-snippet:-1, max-image-preview:large, max-video-preview:-1\" \/>\n<meta name=\"bingbot\" content=\"index, follow, max-snippet:-1, max-image-preview:large, max-video-preview:-1\" \/>\n<link rel=\"canonical\" href=\"https:\/\/www.oidossucios.com\/site\/cafe-tacvba-comparte-trailer-de-el-objeto-antes-llamado-disco-la-pelicula\/\" \/>\n<meta property=\"og:locale\" content=\"es_ES\" \/>\n<meta property=\"og:type\" content=\"article\" \/>\n<meta property=\"og:title\" content=\"Caf\u00e9 Tacvba comparte tr\u00e1iler de &quot;El Objeto Antes Llamado Disco: La Pel\u00edcula&quot; - OidosSucios.Com\" \/>\n<meta property=\"og:description\" content=\"En el marco del Festival de Cine de Baja California la banda capitalina Caf\u00e9 Tacvba present\u00f3 de manera oficial el filme titulado El Objeto Antes Llamado Disco: La Pel\u00edcula, cinta que documenta y retrata la creaci\u00f3n del trabajo m\u00e1s reciente de la agrupaci\u00f3n mexicana. Esta pel\u00edcula puede describirse como una pel\u00edcula-\u00e1lbum, ya que combina la [&hellip;]\" \/>\n<meta property=\"og:url\" content=\"https:\/\/www.oidossucios.com\/site\/cafe-tacvba-comparte-trailer-de-el-objeto-antes-llamado-disco-la-pelicula\/\" \/>\n<meta property=\"og:site_name\" content=\"OidosSucios.Com\" \/>\n<meta property=\"article:published_time\" content=\"2013-11-20T04:04:00+00:00\" \/>\n<meta name=\"twitter:card\" content=\"summary_large_image\" \/>\n<meta name=\"twitter:creator\" content=\"@oidossucios\" \/>\n<script type=\"application\/ld+json\" class=\"yoast-schema-graph\">{\"@context\":\"https:\/\/schema.org\",\"@graph\":[{\"@type\":\"WebSite\",\"@id\":\"https:\/\/www.oidossucios.com\/site\/#website\",\"url\":\"https:\/\/www.oidossucios.com\/site\/\",\"name\":\"OidosSucios.Com\",\"description\":\"M\\u00fasica, conciertos, discos\",\"potentialAction\":[{\"@type\":\"SearchAction\",\"target\":\"https:\/\/www.oidossucios.com\/site\/?s={search_term_string}\",\"query-input\":\"required name=search_term_string\"}],\"inLanguage\":\"es\"},{\"@type\":\"WebPage\",\"@id\":\"https:\/\/www.oidossucios.com\/site\/cafe-tacvba-comparte-trailer-de-el-objeto-antes-llamado-disco-la-pelicula\/#webpage\",\"url\":\"https:\/\/www.oidossucios.com\/site\/cafe-tacvba-comparte-trailer-de-el-objeto-antes-llamado-disco-la-pelicula\/\",\"name\":\"Caf\\u00e9 Tacvba comparte tr\\u00e1iler de \\\"El Objeto Antes Llamado Disco: La Pel\\u00edcula\\\" - OidosSucios.Com\",\"isPartOf\":{\"@id\":\"https:\/\/www.oidossucios.com\/site\/#website\"},\"datePublished\":\"2013-11-20T04:04:00+00:00\",\"dateModified\":\"2013-11-20T04:04:00+00:00\",\"author\":{\"@id\":\"https:\/\/www.oidossucios.com\/site\/#\/schema\/person\/24559eeb76bf83a63296fb072393a688\"},\"inLanguage\":\"es\",\"potentialAction\":[{\"@type\":\"ReadAction\",\"target\":[\"https:\/\/www.oidossucios.com\/site\/cafe-tacvba-comparte-trailer-de-el-objeto-antes-llamado-disco-la-pelicula\/\"]}]},{\"@type\":[\"Person\"],\"@id\":\"https:\/\/www.oidossucios.com\/site\/#\/schema\/person\/24559eeb76bf83a63296fb072393a688\",\"name\":\"Oidossucios\",\"image\":{\"@type\":\"ImageObject\",\"@id\":\"https:\/\/www.oidossucios.com\/site\/#personlogo\",\"inLanguage\":\"es\",\"url\":\"https:\/\/secure.gravatar.com\/avatar\/74fcb480f42f1a33e50a0b6e6369a3f907be2e43dc84fa5f76c66e9c22b4a5ab?s=96&d=mm&r=g\",\"caption\":\"Oidossucios\"},\"sameAs\":[\"https:\/\/twitter.com\/oidossucios\"]}]}<\/script>\n<!-- \/ Yoast SEO plugin. -->","jetpack_sharing_enabled":true,"_links":{"self":[{"href":"https:\/\/www.oidossucios.com\/site\/wp-json\/wp\/v2\/posts\/8199","targetHints":{"allow":["GET"]}}],"collection":[{"href":"https:\/\/www.oidossucios.com\/site\/wp-json\/wp\/v2\/posts"}],"about":[{"href":"https:\/\/www.oidossucios.com\/site\/wp-json\/wp\/v2\/types\/post"}],"author":[{"embeddable":true,"href":"https:\/\/www.oidossucios.com\/site\/wp-json\/wp\/v2\/users\/4"}],"replies":[{"embeddable":true,"href":"https:\/\/www.oidossucios.com\/site\/wp-json\/wp\/v2\/comments?post=8199"}],"version-history":[{"count":0,"href":"https:\/\/www.oidossucios.com\/site\/wp-json\/wp\/v2\/posts\/8199\/revisions"}],"wp:attachment":[{"href":"https:\/\/www.oidossucios.com\/site\/wp-json\/wp\/v2\/media?parent=8199"}],"wp:term":[{"taxonomy":"category","embeddable":true,"href":"https:\/\/www.oidossucios.com\/site\/wp-json\/wp\/v2\/categories?post=8199"},{"taxonomy":"post_tag","embeddable":true,"href":"https:\/\/www.oidossucios.com\/site\/wp-json\/wp\/v2\/tags?post=8199"}],"curies":[{"name":"wp","href":"https:\/\/api.w.org\/{rel}","templated":true}]}}