{"id":8205,"date":"2013-11-21T03:40:00","date_gmt":"2013-11-21T03:40:00","guid":{"rendered":"https:\/\/www.oidossucios.com\/site\/2013\/11\/21\/black-sabbath-publica-primer-adelanto-de-su-dvd-en-vivo\/"},"modified":"2013-11-21T03:40:00","modified_gmt":"2013-11-21T03:40:00","slug":"black-sabbath-publica-primer-adelanto-de-su-dvd-en-vivo","status":"publish","type":"post","link":"https:\/\/www.oidossucios.com\/site\/black-sabbath-publica-primer-adelanto-de-su-dvd-en-vivo\/","title":{"rendered":"Black Sabbath publica primer adelanto de su DVD en vivo"},"content":{"rendered":"<p>A poco m\u00e1s de una semana se encuentra la fecha de lanzamiento del testimonio en vivo m\u00e1s reciente de Black Sabbath, que acaba de lanzar un peque\u00f1o adelanto para mantener la atenci\u00f3n y expectativa.<\/p>\n<p>La banda, que nos visit\u00f3 en octubre pasado, ofreciendo un multitudinario y brillante show en el Estadio Monumental, nos presenta en esta ocasi\u00f3n un extracto del cl\u00e1sico &#8220;Paranoid&#8221;, track inclu\u00eddo en &#8220;Black Sabbath: Live\u0085 Gathered in their Masses&#8221;, trabajo audiovisual que revive los conciertos que los ingleses dieron en Australia, el 29 de abril y 1 de mayo de este a\u00f1o. Saldr\u00e1 a la venta el 26 de noviembre.<\/p>\n<p>Fuente: www.rockaxis.com<![endif]--><!--[if gte mso 10]> <\/style>\n\n <![endif]--><\/p>\n","protected":false},"excerpt":{"rendered":"<p>A poco m\u00e1s de una semana se encuentra la fecha de lanzamiento del testimonio en vivo m\u00e1s reciente de Black Sabbath, que acaba de lanzar un peque\u00f1o adelanto para mantener la atenci\u00f3n y expectativa. La banda, que nos visit\u00f3 en octubre pasado, ofreciendo un multitudinario y brillante show en el Estadio Monumental, nos presenta en [&hellip;]<\/p>\n","protected":false},"author":4,"featured_media":0,"comment_status":"open","ping_status":"open","sticky":false,"template":"","format":"standard","meta":{"_jetpack_memberships_contains_paid_content":false,"footnotes":""},"categories":[142],"tags":[],"class_list":["post-8205","post","type-post","status-publish","format-standard","hentry","category-buzznews"],"jetpack_featured_media_url":"","yoast_head":"<!-- This site is optimized with the Yoast SEO plugin v14.0.4 - https:\/\/yoast.com\/wordpress\/plugins\/seo\/ -->\n<title>Black Sabbath publica primer adelanto de su DVD en vivo - OidosSucios.Com<\/title>\n<meta name=\"robots\" content=\"index, follow\" \/>\n<meta name=\"googlebot\" content=\"index, follow, max-snippet:-1, max-image-preview:large, max-video-preview:-1\" \/>\n<meta name=\"bingbot\" content=\"index, follow, max-snippet:-1, max-image-preview:large, max-video-preview:-1\" \/>\n<link rel=\"canonical\" href=\"https:\/\/www.oidossucios.com\/site\/black-sabbath-publica-primer-adelanto-de-su-dvd-en-vivo\/\" \/>\n<meta property=\"og:locale\" content=\"es_ES\" \/>\n<meta property=\"og:type\" content=\"article\" \/>\n<meta property=\"og:title\" content=\"Black Sabbath publica primer adelanto de su DVD en vivo - OidosSucios.Com\" \/>\n<meta property=\"og:description\" content=\"A poco m\u00e1s de una semana se encuentra la fecha de lanzamiento del testimonio en vivo m\u00e1s reciente de Black Sabbath, que acaba de lanzar un peque\u00f1o adelanto para mantener la atenci\u00f3n y expectativa. La banda, que nos visit\u00f3 en octubre pasado, ofreciendo un multitudinario y brillante show en el Estadio Monumental, nos presenta en [&hellip;]\" \/>\n<meta property=\"og:url\" content=\"https:\/\/www.oidossucios.com\/site\/black-sabbath-publica-primer-adelanto-de-su-dvd-en-vivo\/\" \/>\n<meta property=\"og:site_name\" content=\"OidosSucios.Com\" \/>\n<meta property=\"article:published_time\" content=\"2013-11-21T03:40:00+00:00\" \/>\n<meta name=\"twitter:card\" content=\"summary_large_image\" \/>\n<meta name=\"twitter:creator\" content=\"@oidossucios\" \/>\n<script type=\"application\/ld+json\" class=\"yoast-schema-graph\">{\"@context\":\"https:\/\/schema.org\",\"@graph\":[{\"@type\":\"WebSite\",\"@id\":\"https:\/\/www.oidossucios.com\/site\/#website\",\"url\":\"https:\/\/www.oidossucios.com\/site\/\",\"name\":\"OidosSucios.Com\",\"description\":\"M\\u00fasica, conciertos, discos\",\"potentialAction\":[{\"@type\":\"SearchAction\",\"target\":\"https:\/\/www.oidossucios.com\/site\/?s={search_term_string}\",\"query-input\":\"required name=search_term_string\"}],\"inLanguage\":\"es\"},{\"@type\":\"WebPage\",\"@id\":\"https:\/\/www.oidossucios.com\/site\/black-sabbath-publica-primer-adelanto-de-su-dvd-en-vivo\/#webpage\",\"url\":\"https:\/\/www.oidossucios.com\/site\/black-sabbath-publica-primer-adelanto-de-su-dvd-en-vivo\/\",\"name\":\"Black Sabbath publica primer adelanto de su DVD en vivo - OidosSucios.Com\",\"isPartOf\":{\"@id\":\"https:\/\/www.oidossucios.com\/site\/#website\"},\"datePublished\":\"2013-11-21T03:40:00+00:00\",\"dateModified\":\"2013-11-21T03:40:00+00:00\",\"author\":{\"@id\":\"https:\/\/www.oidossucios.com\/site\/#\/schema\/person\/24559eeb76bf83a63296fb072393a688\"},\"inLanguage\":\"es\",\"potentialAction\":[{\"@type\":\"ReadAction\",\"target\":[\"https:\/\/www.oidossucios.com\/site\/black-sabbath-publica-primer-adelanto-de-su-dvd-en-vivo\/\"]}]},{\"@type\":[\"Person\"],\"@id\":\"https:\/\/www.oidossucios.com\/site\/#\/schema\/person\/24559eeb76bf83a63296fb072393a688\",\"name\":\"Oidossucios\",\"image\":{\"@type\":\"ImageObject\",\"@id\":\"https:\/\/www.oidossucios.com\/site\/#personlogo\",\"inLanguage\":\"es\",\"url\":\"https:\/\/secure.gravatar.com\/avatar\/74fcb480f42f1a33e50a0b6e6369a3f907be2e43dc84fa5f76c66e9c22b4a5ab?s=96&d=mm&r=g\",\"caption\":\"Oidossucios\"},\"sameAs\":[\"https:\/\/twitter.com\/oidossucios\"]}]}<\/script>\n<!-- \/ Yoast SEO plugin. -->","jetpack_sharing_enabled":true,"_links":{"self":[{"href":"https:\/\/www.oidossucios.com\/site\/wp-json\/wp\/v2\/posts\/8205","targetHints":{"allow":["GET"]}}],"collection":[{"href":"https:\/\/www.oidossucios.com\/site\/wp-json\/wp\/v2\/posts"}],"about":[{"href":"https:\/\/www.oidossucios.com\/site\/wp-json\/wp\/v2\/types\/post"}],"author":[{"embeddable":true,"href":"https:\/\/www.oidossucios.com\/site\/wp-json\/wp\/v2\/users\/4"}],"replies":[{"embeddable":true,"href":"https:\/\/www.oidossucios.com\/site\/wp-json\/wp\/v2\/comments?post=8205"}],"version-history":[{"count":0,"href":"https:\/\/www.oidossucios.com\/site\/wp-json\/wp\/v2\/posts\/8205\/revisions"}],"wp:attachment":[{"href":"https:\/\/www.oidossucios.com\/site\/wp-json\/wp\/v2\/media?parent=8205"}],"wp:term":[{"taxonomy":"category","embeddable":true,"href":"https:\/\/www.oidossucios.com\/site\/wp-json\/wp\/v2\/categories?post=8205"},{"taxonomy":"post_tag","embeddable":true,"href":"https:\/\/www.oidossucios.com\/site\/wp-json\/wp\/v2\/tags?post=8205"}],"curies":[{"name":"wp","href":"https:\/\/api.w.org\/{rel}","templated":true}]}}