{"id":8207,"date":"2013-11-21T03:48:00","date_gmt":"2013-11-21T03:48:00","guid":{"rendered":"https:\/\/www.oidossucios.com\/site\/2013\/11\/21\/mira-el-primer-video-de-de-la-tierra-sepultura-a-n-i-m-a-l-fabulosos-cadillacs-y-mana\/"},"modified":"2013-11-21T03:48:00","modified_gmt":"2013-11-21T03:48:00","slug":"mira-el-primer-video-de-de-la-tierra-sepultura-a-n-i-m-a-l-fabulosos-cadillacs-y-mana","status":"publish","type":"post","link":"https:\/\/www.oidossucios.com\/site\/mira-el-primer-video-de-de-la-tierra-sepultura-a-n-i-m-a-l-fabulosos-cadillacs-y-mana\/","title":{"rendered":"Mira el primer video de De La Tierra (Sepultura, A.N.I.M.A.L., Fabulosos Cadillacs y Man\u00e1)"},"content":{"rendered":"<p>De La Tierra, la s\u00faper banda latina formada por Andreas Kisser (Sepultura), Andr\u00e9s Gim\u00e9nez (A.N.I.M.A.L.), Sr. Flavio (Los Fabulosos Cadillacs) y Alex Gonz\u00e1lez (Man\u00e1), ha lanzado hoy el primer clip de su carrera, correspondiente al tema &#8220;Maldita Historia&#8221;.<\/p>\n<p>Adem\u00e1s, Roadrunner Records y Warner Music Latina anunciaron que el disco debut del cuarteto ser\u00e1 lanzado en enero de 2014. El \u00e1lbum \u0096 que contar\u00e1 con 11 canciones cantadas en espa\u00f1ol y portugu\u00e9s \u0096 fue grabado y mezclado por Stanley Soares (Mot\u00f6rhead, Sepultura) en Sao Paulo, Guadalajara, Buenos Aires y Los \u00c1ngeles y fue producido por el mismo conjunto.<\/p>\n<p>De acuerdo a Alex Gonz\u00e1lez &#8220;En &#8220;De la Tierra&#8221; hay algunos momentos en los que sientes que el mundo se acerca al fin y otros en los que el cielo parece muy abierto, dejando que la luz brille&#8221;, para continuar indicando que &#8220;Es metal r\u00e1pido, poderoso, explosivo, con montones de adrenalina. Tendr\u00e1s oscuridad y luz, hay melod\u00eda y tambi\u00e9n un mont\u00f3n de potencia&#8221;.<\/p>\n<p>Fuente: www.rockaxis.com<![endif]--><!--[if gte mso 10]> <\/style>\n\n <![endif]--><\/p>\n","protected":false},"excerpt":{"rendered":"<p>De La Tierra, la s\u00faper banda latina formada por Andreas Kisser (Sepultura), Andr\u00e9s Gim\u00e9nez (A.N.I.M.A.L.), Sr. Flavio (Los Fabulosos Cadillacs) y Alex Gonz\u00e1lez (Man\u00e1), ha lanzado hoy el primer clip de su carrera, correspondiente al tema &#8220;Maldita Historia&#8221;. Adem\u00e1s, Roadrunner Records y Warner Music Latina anunciaron que el disco debut del cuarteto ser\u00e1 lanzado en [&hellip;]<\/p>\n","protected":false},"author":4,"featured_media":0,"comment_status":"open","ping_status":"open","sticky":false,"template":"","format":"standard","meta":{"_jetpack_memberships_contains_paid_content":false,"footnotes":""},"categories":[142],"tags":[],"class_list":["post-8207","post","type-post","status-publish","format-standard","hentry","category-buzznews"],"jetpack_featured_media_url":"","yoast_head":"<!-- This site is optimized with the Yoast SEO plugin v14.0.4 - https:\/\/yoast.com\/wordpress\/plugins\/seo\/ -->\n<title>Mira el primer video de De La Tierra (Sepultura, A.N.I.M.A.L., Fabulosos Cadillacs y Man\u00e1) - OidosSucios.Com<\/title>\n<meta name=\"robots\" content=\"index, follow\" \/>\n<meta name=\"googlebot\" content=\"index, follow, max-snippet:-1, max-image-preview:large, max-video-preview:-1\" \/>\n<meta name=\"bingbot\" content=\"index, follow, max-snippet:-1, max-image-preview:large, max-video-preview:-1\" \/>\n<link rel=\"canonical\" href=\"https:\/\/www.oidossucios.com\/site\/mira-el-primer-video-de-de-la-tierra-sepultura-a-n-i-m-a-l-fabulosos-cadillacs-y-mana\/\" \/>\n<meta property=\"og:locale\" content=\"es_ES\" \/>\n<meta property=\"og:type\" content=\"article\" \/>\n<meta property=\"og:title\" content=\"Mira el primer video de De La Tierra (Sepultura, A.N.I.M.A.L., Fabulosos Cadillacs y Man\u00e1) - OidosSucios.Com\" \/>\n<meta property=\"og:description\" content=\"De La Tierra, la s\u00faper banda latina formada por Andreas Kisser (Sepultura), Andr\u00e9s Gim\u00e9nez (A.N.I.M.A.L.), Sr. Flavio (Los Fabulosos Cadillacs) y Alex Gonz\u00e1lez (Man\u00e1), ha lanzado hoy el primer clip de su carrera, correspondiente al tema &#8220;Maldita Historia&#8221;. Adem\u00e1s, Roadrunner Records y Warner Music Latina anunciaron que el disco debut del cuarteto ser\u00e1 lanzado en [&hellip;]\" \/>\n<meta property=\"og:url\" content=\"https:\/\/www.oidossucios.com\/site\/mira-el-primer-video-de-de-la-tierra-sepultura-a-n-i-m-a-l-fabulosos-cadillacs-y-mana\/\" \/>\n<meta property=\"og:site_name\" content=\"OidosSucios.Com\" \/>\n<meta property=\"article:published_time\" content=\"2013-11-21T03:48:00+00:00\" \/>\n<meta name=\"twitter:card\" content=\"summary_large_image\" \/>\n<meta name=\"twitter:creator\" content=\"@oidossucios\" \/>\n<script type=\"application\/ld+json\" class=\"yoast-schema-graph\">{\"@context\":\"https:\/\/schema.org\",\"@graph\":[{\"@type\":\"WebSite\",\"@id\":\"https:\/\/www.oidossucios.com\/site\/#website\",\"url\":\"https:\/\/www.oidossucios.com\/site\/\",\"name\":\"OidosSucios.Com\",\"description\":\"M\\u00fasica, conciertos, discos\",\"potentialAction\":[{\"@type\":\"SearchAction\",\"target\":\"https:\/\/www.oidossucios.com\/site\/?s={search_term_string}\",\"query-input\":\"required name=search_term_string\"}],\"inLanguage\":\"es\"},{\"@type\":\"WebPage\",\"@id\":\"https:\/\/www.oidossucios.com\/site\/mira-el-primer-video-de-de-la-tierra-sepultura-a-n-i-m-a-l-fabulosos-cadillacs-y-mana\/#webpage\",\"url\":\"https:\/\/www.oidossucios.com\/site\/mira-el-primer-video-de-de-la-tierra-sepultura-a-n-i-m-a-l-fabulosos-cadillacs-y-mana\/\",\"name\":\"Mira el primer video de De La Tierra (Sepultura, A.N.I.M.A.L., Fabulosos Cadillacs y Man\\u00e1) - OidosSucios.Com\",\"isPartOf\":{\"@id\":\"https:\/\/www.oidossucios.com\/site\/#website\"},\"datePublished\":\"2013-11-21T03:48:00+00:00\",\"dateModified\":\"2013-11-21T03:48:00+00:00\",\"author\":{\"@id\":\"https:\/\/www.oidossucios.com\/site\/#\/schema\/person\/24559eeb76bf83a63296fb072393a688\"},\"inLanguage\":\"es\",\"potentialAction\":[{\"@type\":\"ReadAction\",\"target\":[\"https:\/\/www.oidossucios.com\/site\/mira-el-primer-video-de-de-la-tierra-sepultura-a-n-i-m-a-l-fabulosos-cadillacs-y-mana\/\"]}]},{\"@type\":[\"Person\"],\"@id\":\"https:\/\/www.oidossucios.com\/site\/#\/schema\/person\/24559eeb76bf83a63296fb072393a688\",\"name\":\"Oidossucios\",\"image\":{\"@type\":\"ImageObject\",\"@id\":\"https:\/\/www.oidossucios.com\/site\/#personlogo\",\"inLanguage\":\"es\",\"url\":\"https:\/\/secure.gravatar.com\/avatar\/74fcb480f42f1a33e50a0b6e6369a3f907be2e43dc84fa5f76c66e9c22b4a5ab?s=96&d=mm&r=g\",\"caption\":\"Oidossucios\"},\"sameAs\":[\"https:\/\/twitter.com\/oidossucios\"]}]}<\/script>\n<!-- \/ Yoast SEO plugin. -->","jetpack_sharing_enabled":true,"_links":{"self":[{"href":"https:\/\/www.oidossucios.com\/site\/wp-json\/wp\/v2\/posts\/8207","targetHints":{"allow":["GET"]}}],"collection":[{"href":"https:\/\/www.oidossucios.com\/site\/wp-json\/wp\/v2\/posts"}],"about":[{"href":"https:\/\/www.oidossucios.com\/site\/wp-json\/wp\/v2\/types\/post"}],"author":[{"embeddable":true,"href":"https:\/\/www.oidossucios.com\/site\/wp-json\/wp\/v2\/users\/4"}],"replies":[{"embeddable":true,"href":"https:\/\/www.oidossucios.com\/site\/wp-json\/wp\/v2\/comments?post=8207"}],"version-history":[{"count":0,"href":"https:\/\/www.oidossucios.com\/site\/wp-json\/wp\/v2\/posts\/8207\/revisions"}],"wp:attachment":[{"href":"https:\/\/www.oidossucios.com\/site\/wp-json\/wp\/v2\/media?parent=8207"}],"wp:term":[{"taxonomy":"category","embeddable":true,"href":"https:\/\/www.oidossucios.com\/site\/wp-json\/wp\/v2\/categories?post=8207"},{"taxonomy":"post_tag","embeddable":true,"href":"https:\/\/www.oidossucios.com\/site\/wp-json\/wp\/v2\/tags?post=8207"}],"curies":[{"name":"wp","href":"https:\/\/api.w.org\/{rel}","templated":true}]}}