{"id":8215,"date":"2013-11-25T03:38:00","date_gmt":"2013-11-25T03:38:00","guid":{"rendered":"https:\/\/www.oidossucios.com\/site\/2013\/11\/25\/los-mentas-se-presentaran-en-brasil\/"},"modified":"2013-11-25T03:38:00","modified_gmt":"2013-11-25T03:38:00","slug":"los-mentas-se-presentaran-en-brasil","status":"publish","type":"post","link":"https:\/\/www.oidossucios.com\/site\/los-mentas-se-presentaran-en-brasil\/","title":{"rendered":"Los Mentas se presentar\u00e1n en Brasil"},"content":{"rendered":"<p>Los Mentas visitaron Brasil hace dos a\u00f1os con una sorprendente aceptaci\u00f3n por parte del p\u00fablico, y el a\u00f1o pasado todo el pa\u00eds amaz\u00f3nico bail\u00f3 al ritmo de &#8220;Bistec&#8221;; gracias a esto recibieron \u0096nuevamente- la invitaci\u00f3n para representar a Venezuela en el Festival El Mapa De Todos.<\/p>\n<p>Juan Olmedillo, H\u00e9ctor &#8220;El Lucas&#8221; Paredes, Richard &#8220;El Chicha&#8221; Blanco y Luis &#8220;Droopy&#8221; Pulido estar\u00e1n este 28 de noviembre en Porto Alegre celebrando los quince a\u00f1os de la banda con un set que promete hacer bailar hasta al m\u00e1s sordo del lugar.<\/p>\n<p>Esto es un nuevo paso de consolidaci\u00f3n de Los Mentas en un mercado musical tan dif\u00edcil como el brasilero.<\/p>\n<p>Para saber m\u00e1s del festival pueden seguirlos a trav\u00e9s de http:\/\/twitter.com\/el_mapadetodos y <a href=\"http:\/\/elmapadetodos.com.br\/\">http:\/\/elmapadetodos.com.br<\/a>.<![endif]--><!--[if gte mso 10]> <\/style>\n\n <![endif]--><\/p>\n","protected":false},"excerpt":{"rendered":"<p>Los Mentas visitaron Brasil hace dos a\u00f1os con una sorprendente aceptaci\u00f3n por parte del p\u00fablico, y el a\u00f1o pasado todo el pa\u00eds amaz\u00f3nico bail\u00f3 al ritmo de &#8220;Bistec&#8221;; gracias a esto recibieron \u0096nuevamente- la invitaci\u00f3n para representar a Venezuela en el Festival El Mapa De Todos. Juan Olmedillo, H\u00e9ctor &#8220;El Lucas&#8221; Paredes, Richard &#8220;El Chicha&#8221; [&hellip;]<\/p>\n","protected":false},"author":4,"featured_media":0,"comment_status":"open","ping_status":"open","sticky":false,"template":"","format":"standard","meta":{"_jetpack_memberships_contains_paid_content":false,"footnotes":""},"categories":[142],"tags":[],"class_list":["post-8215","post","type-post","status-publish","format-standard","hentry","category-buzznews"],"jetpack_featured_media_url":"","yoast_head":"<!-- This site is optimized with the Yoast SEO plugin v14.0.4 - https:\/\/yoast.com\/wordpress\/plugins\/seo\/ -->\n<title>Los Mentas se presentar\u00e1n en Brasil - OidosSucios.Com<\/title>\n<meta name=\"robots\" content=\"index, follow\" \/>\n<meta name=\"googlebot\" content=\"index, follow, max-snippet:-1, max-image-preview:large, max-video-preview:-1\" \/>\n<meta name=\"bingbot\" content=\"index, follow, max-snippet:-1, max-image-preview:large, max-video-preview:-1\" \/>\n<link rel=\"canonical\" href=\"https:\/\/www.oidossucios.com\/site\/los-mentas-se-presentaran-en-brasil\/\" \/>\n<meta property=\"og:locale\" content=\"es_ES\" \/>\n<meta property=\"og:type\" content=\"article\" \/>\n<meta property=\"og:title\" content=\"Los Mentas se presentar\u00e1n en Brasil - OidosSucios.Com\" \/>\n<meta property=\"og:description\" content=\"Los Mentas visitaron Brasil hace dos a\u00f1os con una sorprendente aceptaci\u00f3n por parte del p\u00fablico, y el a\u00f1o pasado todo el pa\u00eds amaz\u00f3nico bail\u00f3 al ritmo de &#8220;Bistec&#8221;; gracias a esto recibieron \u0096nuevamente- la invitaci\u00f3n para representar a Venezuela en el Festival El Mapa De Todos. Juan Olmedillo, H\u00e9ctor &#8220;El Lucas&#8221; Paredes, Richard &#8220;El Chicha&#8221; [&hellip;]\" \/>\n<meta property=\"og:url\" content=\"https:\/\/www.oidossucios.com\/site\/los-mentas-se-presentaran-en-brasil\/\" \/>\n<meta property=\"og:site_name\" content=\"OidosSucios.Com\" \/>\n<meta property=\"article:published_time\" content=\"2013-11-25T03:38:00+00:00\" \/>\n<meta name=\"twitter:card\" content=\"summary_large_image\" \/>\n<meta name=\"twitter:creator\" content=\"@oidossucios\" \/>\n<script type=\"application\/ld+json\" class=\"yoast-schema-graph\">{\"@context\":\"https:\/\/schema.org\",\"@graph\":[{\"@type\":\"WebSite\",\"@id\":\"https:\/\/www.oidossucios.com\/site\/#website\",\"url\":\"https:\/\/www.oidossucios.com\/site\/\",\"name\":\"OidosSucios.Com\",\"description\":\"M\\u00fasica, conciertos, discos\",\"potentialAction\":[{\"@type\":\"SearchAction\",\"target\":\"https:\/\/www.oidossucios.com\/site\/?s={search_term_string}\",\"query-input\":\"required name=search_term_string\"}],\"inLanguage\":\"es\"},{\"@type\":\"WebPage\",\"@id\":\"https:\/\/www.oidossucios.com\/site\/los-mentas-se-presentaran-en-brasil\/#webpage\",\"url\":\"https:\/\/www.oidossucios.com\/site\/los-mentas-se-presentaran-en-brasil\/\",\"name\":\"Los Mentas se presentar\\u00e1n en Brasil - OidosSucios.Com\",\"isPartOf\":{\"@id\":\"https:\/\/www.oidossucios.com\/site\/#website\"},\"datePublished\":\"2013-11-25T03:38:00+00:00\",\"dateModified\":\"2013-11-25T03:38:00+00:00\",\"author\":{\"@id\":\"https:\/\/www.oidossucios.com\/site\/#\/schema\/person\/24559eeb76bf83a63296fb072393a688\"},\"inLanguage\":\"es\",\"potentialAction\":[{\"@type\":\"ReadAction\",\"target\":[\"https:\/\/www.oidossucios.com\/site\/los-mentas-se-presentaran-en-brasil\/\"]}]},{\"@type\":[\"Person\"],\"@id\":\"https:\/\/www.oidossucios.com\/site\/#\/schema\/person\/24559eeb76bf83a63296fb072393a688\",\"name\":\"Oidossucios\",\"image\":{\"@type\":\"ImageObject\",\"@id\":\"https:\/\/www.oidossucios.com\/site\/#personlogo\",\"inLanguage\":\"es\",\"url\":\"https:\/\/secure.gravatar.com\/avatar\/74fcb480f42f1a33e50a0b6e6369a3f907be2e43dc84fa5f76c66e9c22b4a5ab?s=96&d=mm&r=g\",\"caption\":\"Oidossucios\"},\"sameAs\":[\"https:\/\/twitter.com\/oidossucios\"]}]}<\/script>\n<!-- \/ Yoast SEO plugin. -->","jetpack_sharing_enabled":true,"_links":{"self":[{"href":"https:\/\/www.oidossucios.com\/site\/wp-json\/wp\/v2\/posts\/8215","targetHints":{"allow":["GET"]}}],"collection":[{"href":"https:\/\/www.oidossucios.com\/site\/wp-json\/wp\/v2\/posts"}],"about":[{"href":"https:\/\/www.oidossucios.com\/site\/wp-json\/wp\/v2\/types\/post"}],"author":[{"embeddable":true,"href":"https:\/\/www.oidossucios.com\/site\/wp-json\/wp\/v2\/users\/4"}],"replies":[{"embeddable":true,"href":"https:\/\/www.oidossucios.com\/site\/wp-json\/wp\/v2\/comments?post=8215"}],"version-history":[{"count":0,"href":"https:\/\/www.oidossucios.com\/site\/wp-json\/wp\/v2\/posts\/8215\/revisions"}],"wp:attachment":[{"href":"https:\/\/www.oidossucios.com\/site\/wp-json\/wp\/v2\/media?parent=8215"}],"wp:term":[{"taxonomy":"category","embeddable":true,"href":"https:\/\/www.oidossucios.com\/site\/wp-json\/wp\/v2\/categories?post=8215"},{"taxonomy":"post_tag","embeddable":true,"href":"https:\/\/www.oidossucios.com\/site\/wp-json\/wp\/v2\/tags?post=8215"}],"curies":[{"name":"wp","href":"https:\/\/api.w.org\/{rel}","templated":true}]}}