{"id":8248,"date":"2013-12-02T01:40:00","date_gmt":"2013-12-02T01:40:00","guid":{"rendered":"https:\/\/www.oidossucios.com\/site\/2013\/12\/02\/metallica-regresaria-a-sudamerica-en-2014\/"},"modified":"2013-12-02T01:40:00","modified_gmt":"2013-12-02T01:40:00","slug":"metallica-regresaria-a-sudamerica-en-2014","status":"publish","type":"post","link":"https:\/\/www.oidossucios.com\/site\/metallica-regresaria-a-sudamerica-en-2014\/","title":{"rendered":"Metallica regresar\u00eda a Sudam\u00e9rica en 2014"},"content":{"rendered":"<p>Una buena noticia para este fin de semana tienen los seguidores de Metallica, puesto que el conjunto planea volver a Sudam\u00e9rica durante el primer trimestre del pr\u00f3ximo a\u00f1o.<\/p>\n<p>La informaci\u00f3n fue entregada por Radio Futuro, expresando que el cuarteto estadounidense visitar\u00eda esta parte del mundo durante el mes de marzo. En esta ocasi\u00f3n, los pa\u00edses que tendr\u00edan a los cuatro jinetes del Apocalipsis ser\u00edan Argentina y Chile. En nuestro pa\u00eds, la cita se realizar\u00eda en el Estadio Nacional.<\/p>\n<p>Estaremos atentos a cualquier confirmaci\u00f3n de un eventual cuarto concierto de la banda. Recuerda que Metallica ir\u00e1 a la Ant\u00e1rtica este 8 de diciembre.<\/p>\n<p>Fuente: www.rockaxis.com<br \/><![endif]--><!--[if gte mso 10]> <\/style>\n\n <![endif]--><\/p>\n","protected":false},"excerpt":{"rendered":"<p>Una buena noticia para este fin de semana tienen los seguidores de Metallica, puesto que el conjunto planea volver a Sudam\u00e9rica durante el primer trimestre del pr\u00f3ximo a\u00f1o. La informaci\u00f3n fue entregada por Radio Futuro, expresando que el cuarteto estadounidense visitar\u00eda esta parte del mundo durante el mes de marzo. En esta ocasi\u00f3n, los pa\u00edses [&hellip;]<\/p>\n","protected":false},"author":4,"featured_media":100008248,"comment_status":"open","ping_status":"open","sticky":false,"template":"","format":"standard","meta":{"_jetpack_memberships_contains_paid_content":false,"footnotes":""},"categories":[142],"tags":[],"class_list":["post-8248","post","type-post","status-publish","format-standard","has-post-thumbnail","hentry","category-buzznews"],"jetpack_featured_media_url":"https:\/\/www.oidossucios.com\/site\/wp-content\/uploads\/2013\/12\/8248.jpg","yoast_head":"<!-- This site is optimized with the Yoast SEO plugin v14.0.4 - https:\/\/yoast.com\/wordpress\/plugins\/seo\/ -->\n<title>Metallica regresar\u00eda a Sudam\u00e9rica en 2014 - OidosSucios.Com<\/title>\n<meta name=\"robots\" content=\"index, follow\" \/>\n<meta name=\"googlebot\" content=\"index, follow, max-snippet:-1, max-image-preview:large, max-video-preview:-1\" \/>\n<meta name=\"bingbot\" content=\"index, follow, max-snippet:-1, max-image-preview:large, max-video-preview:-1\" \/>\n<link rel=\"canonical\" href=\"https:\/\/www.oidossucios.com\/site\/metallica-regresaria-a-sudamerica-en-2014\/\" \/>\n<meta property=\"og:locale\" content=\"es_ES\" \/>\n<meta property=\"og:type\" content=\"article\" \/>\n<meta property=\"og:title\" content=\"Metallica regresar\u00eda a Sudam\u00e9rica en 2014 - OidosSucios.Com\" \/>\n<meta property=\"og:description\" content=\"Una buena noticia para este fin de semana tienen los seguidores de Metallica, puesto que el conjunto planea volver a Sudam\u00e9rica durante el primer trimestre del pr\u00f3ximo a\u00f1o. La informaci\u00f3n fue entregada por Radio Futuro, expresando que el cuarteto estadounidense visitar\u00eda esta parte del mundo durante el mes de marzo. En esta ocasi\u00f3n, los pa\u00edses [&hellip;]\" \/>\n<meta property=\"og:url\" content=\"https:\/\/www.oidossucios.com\/site\/metallica-regresaria-a-sudamerica-en-2014\/\" \/>\n<meta property=\"og:site_name\" content=\"OidosSucios.Com\" \/>\n<meta property=\"article:published_time\" content=\"2013-12-02T01:40:00+00:00\" \/>\n<meta property=\"og:image\" content=\"https:\/\/www.oidossucios.com\/site\/wp-content\/uploads\/2013\/12\/8248.jpg\" \/>\n\t<meta property=\"og:image:width\" content=\"350\" \/>\n\t<meta property=\"og:image:height\" content=\"300\" \/>\n<meta name=\"twitter:card\" content=\"summary_large_image\" \/>\n<meta name=\"twitter:creator\" content=\"@oidossucios\" \/>\n<script type=\"application\/ld+json\" class=\"yoast-schema-graph\">{\"@context\":\"https:\/\/schema.org\",\"@graph\":[{\"@type\":\"WebSite\",\"@id\":\"https:\/\/www.oidossucios.com\/site\/#website\",\"url\":\"https:\/\/www.oidossucios.com\/site\/\",\"name\":\"OidosSucios.Com\",\"description\":\"M\\u00fasica, conciertos, discos\",\"potentialAction\":[{\"@type\":\"SearchAction\",\"target\":\"https:\/\/www.oidossucios.com\/site\/?s={search_term_string}\",\"query-input\":\"required name=search_term_string\"}],\"inLanguage\":\"es\"},{\"@type\":\"ImageObject\",\"@id\":\"https:\/\/www.oidossucios.com\/site\/metallica-regresaria-a-sudamerica-en-2014\/#primaryimage\",\"inLanguage\":\"es\",\"url\":\"https:\/\/www.oidossucios.com\/site\/wp-content\/uploads\/2013\/12\/8248.jpg\",\"width\":350,\"height\":300},{\"@type\":\"WebPage\",\"@id\":\"https:\/\/www.oidossucios.com\/site\/metallica-regresaria-a-sudamerica-en-2014\/#webpage\",\"url\":\"https:\/\/www.oidossucios.com\/site\/metallica-regresaria-a-sudamerica-en-2014\/\",\"name\":\"Metallica regresar\\u00eda a Sudam\\u00e9rica en 2014 - OidosSucios.Com\",\"isPartOf\":{\"@id\":\"https:\/\/www.oidossucios.com\/site\/#website\"},\"primaryImageOfPage\":{\"@id\":\"https:\/\/www.oidossucios.com\/site\/metallica-regresaria-a-sudamerica-en-2014\/#primaryimage\"},\"datePublished\":\"2013-12-02T01:40:00+00:00\",\"dateModified\":\"2013-12-02T01:40:00+00:00\",\"author\":{\"@id\":\"https:\/\/www.oidossucios.com\/site\/#\/schema\/person\/24559eeb76bf83a63296fb072393a688\"},\"inLanguage\":\"es\",\"potentialAction\":[{\"@type\":\"ReadAction\",\"target\":[\"https:\/\/www.oidossucios.com\/site\/metallica-regresaria-a-sudamerica-en-2014\/\"]}]},{\"@type\":[\"Person\"],\"@id\":\"https:\/\/www.oidossucios.com\/site\/#\/schema\/person\/24559eeb76bf83a63296fb072393a688\",\"name\":\"Oidossucios\",\"image\":{\"@type\":\"ImageObject\",\"@id\":\"https:\/\/www.oidossucios.com\/site\/#personlogo\",\"inLanguage\":\"es\",\"url\":\"https:\/\/secure.gravatar.com\/avatar\/74fcb480f42f1a33e50a0b6e6369a3f907be2e43dc84fa5f76c66e9c22b4a5ab?s=96&d=mm&r=g\",\"caption\":\"Oidossucios\"},\"sameAs\":[\"https:\/\/twitter.com\/oidossucios\"]}]}<\/script>\n<!-- \/ Yoast SEO plugin. -->","jetpack_sharing_enabled":true,"_links":{"self":[{"href":"https:\/\/www.oidossucios.com\/site\/wp-json\/wp\/v2\/posts\/8248","targetHints":{"allow":["GET"]}}],"collection":[{"href":"https:\/\/www.oidossucios.com\/site\/wp-json\/wp\/v2\/posts"}],"about":[{"href":"https:\/\/www.oidossucios.com\/site\/wp-json\/wp\/v2\/types\/post"}],"author":[{"embeddable":true,"href":"https:\/\/www.oidossucios.com\/site\/wp-json\/wp\/v2\/users\/4"}],"replies":[{"embeddable":true,"href":"https:\/\/www.oidossucios.com\/site\/wp-json\/wp\/v2\/comments?post=8248"}],"version-history":[{"count":0,"href":"https:\/\/www.oidossucios.com\/site\/wp-json\/wp\/v2\/posts\/8248\/revisions"}],"wp:featuredmedia":[{"embeddable":true,"href":"https:\/\/www.oidossucios.com\/site\/wp-json\/wp\/v2\/media\/100008248"}],"wp:attachment":[{"href":"https:\/\/www.oidossucios.com\/site\/wp-json\/wp\/v2\/media?parent=8248"}],"wp:term":[{"taxonomy":"category","embeddable":true,"href":"https:\/\/www.oidossucios.com\/site\/wp-json\/wp\/v2\/categories?post=8248"},{"taxonomy":"post_tag","embeddable":true,"href":"https:\/\/www.oidossucios.com\/site\/wp-json\/wp\/v2\/tags?post=8248"}],"curies":[{"name":"wp","href":"https:\/\/api.w.org\/{rel}","templated":true}]}}