{"id":8255,"date":"2013-12-04T03:02:00","date_gmt":"2013-12-04T03:02:00","guid":{"rendered":"https:\/\/www.oidossucios.com\/site\/2013\/12\/04\/steve-vai-conto-la-historia-de-la-luz-en-el-anfiteatro-del-sambil\/"},"modified":"2013-12-04T03:02:00","modified_gmt":"2013-12-04T03:02:00","slug":"steve-vai-conto-la-historia-de-la-luz-en-el-anfiteatro-del-sambil","status":"publish","type":"post","link":"https:\/\/www.oidossucios.com\/site\/steve-vai-conto-la-historia-de-la-luz-en-el-anfiteatro-del-sambil\/","title":{"rendered":"Steve Vai cont\u00f3 &#8220;La Historia de la Luz&#8221; en el Anfiteatro del Sambil"},"content":{"rendered":"<p>Por Andrea Daly<\/p>\n<p>Fotos:&nbsp;Jhon Scarso \/&nbsp;<a target=\"_blank\" href=\"http:\/\/scarso.net\/\" rel=\"noopener noreferrer\"><b>SCARSO.NET<\/b><\/a><\/p>\n<p>El virtuoso y reconocido guitarrista norteamericano, Steve Vai, se present\u00f3, por primera vez en Venezuela, el pasado primero de diciembre en el Anfiteatro del Centro Comercial El Sambil, como parte de su tour &#8220;The Story Of Light&#8221; que promociona el m\u00e1s reciente \u00e1lbum del artista.<\/p>\n<p>A las 7:30 p.m. dio inicio el show, sin presentaci\u00f3n ni palabras de inicio, con el barquisimetano Felix Martin, reconocido por el dise\u00f1o de una guitarra de 14 cuerdas. Luego de interpretar un tema y querer saludar al p\u00fablico, se encontr\u00f3 con una audiencia que a gritos coment\u00f3 que la guitarra no se escuchaba y tampoco la voz del artista venezolano.<\/p>\n<p>Luego de solventar las fallas, Martin agreg\u00f3 que llevaba 2 a\u00f1os fuera del pa\u00eds y esta presentaci\u00f3n era la primera en Venezuela. Junto a Jorge Rojas en el bajo y Mario Rodr\u00edguez en la bater\u00eda, fueron el preludio a la presentaci\u00f3n de uno de los mejores guitarristas que existe actualmente.<\/p>\n<p>Ya para las 8:00 p.m., Mart\u00edn hab\u00eda bajado de tarima y los quince minutos necesarios para afinar detalles en tarima aumentaban la emoci\u00f3n del p\u00fablico. Un par de notas fue lo que se escuch\u00f3 y la audiencia aplaudi\u00f3, se levant\u00f3 de sus asientos.<\/p>\n<p>En el background de la tarima, se encontraba la portada del \u00e1lbum <i>The Story Of Light<\/i>. La mitad de un rostro contorneado, con cabello marr\u00f3n y unas flores rosadas. Al comenzar el show, el ojo del rostro reflej\u00f3 una luz que apunt\u00f3 al artista el cual apareci\u00f3 entre mucho humo y, sin mediar palabras, comenz\u00f3 a tocar su instrumento.<\/p>\n<p>Steve Vai, quien subi\u00f3 al escenario con un sobretodo negro y un sombrero de igual color que ten\u00eda una florecita roja, solo necesit\u00f3 un par de notas para que el p\u00fablico se levantara y aplaudiera. Un performance que incluy\u00f3 paseos por tarima, bailes y caras c\u00f3micas mientras llegaba a las mejores notas de sus temas.<\/p>\n<p>Luego de &#8220;Rancing The World&#8221;, el reconocido neoyorquino dedic\u00f3 unas palabras a los fans, a los cuales les coment\u00f3 &#8220;Veo que algunos est\u00e1n sentados, otros levantados. Est\u00e1 bien porque vamos a tocar por como 6 horas&#8221;, el p\u00fablico respondi\u00f3 con aplausos, a lo que Steve agreg\u00f3 &#8220;Vamos a ver si se sienten iguales en 4 o 5 horas&#8221;.<\/p>\n<p>Uno de los primeros (y de los muchos) cambios de guitarra que realiz\u00f3 fue por una guitarra con leds azules con la que interpret\u00f3 &#8220;Velorium&#8221;, &#8220;Building The Church&#8221;, &#8220;Tender Surrender&#8221; y &#8220;Gravity Storm&#8221;.<\/p>\n<p>Posteriormente, Steve deja la tarima y la cede a Dave Weiner, guitarrista que lo acompa\u00f1\u00f3 durante todo el concierto y tambi\u00e9n se encuentra promocionando un nuevo \u00e1lbum, quien realiz\u00f3 un solo con una guitarra ac\u00fastica que se gan\u00f3 los aplausos de los asistentes.<\/p>\n<p>Luego de un cambio de ropa, Steve apareci\u00f3 en tarima con un chaleco negro y una camisa para interpretar &#8220;Weeping China Doll&#8221;, &#8220;Answers&#8221; y &#8220;The Animal&#8221;.<\/p>\n<p>&#8220;\u00bfEst\u00e1n pas\u00e1ndola bien?&#8221;, pregunt\u00f3 a lo que el p\u00fablico, vigorosamente, respondi\u00f3 que s\u00ed, &#8220;nosotros tambi\u00e9n, muchas gracias&#8221;, agreg\u00f3. Y parece que a Steve le gust\u00f3 el lugar donde se hospedaba ya que coment\u00f3 que estaba en la piscina y pod\u00eda ver la playa y elogi\u00f3 a Venezuela comentando que &#8220;Est\u00e1n viviendo en un para\u00edso, \u00bfsab\u00edan?&#8221;.<\/p>\n<p>Despu\u00e9s de algunos temas donde bail\u00f3 en la tarima, hizo muecas mientras tocaba y mostr\u00f3 esa sensaci\u00f3n de que est\u00e1 disfrutando el show tanto (o m\u00e1s) que la audiencia.<\/p>\n<p>Cedi\u00f3 nuevamente la tarima a uno de sus m\u00fasicos, esta vez a Jeremy Colson (baterista) quien realiz\u00f3 un solo de bater\u00eda que se gan\u00f3 el aplauso del p\u00fablico.<\/p>\n<p>Cuando Vai sube a la tarima para interpretar &#8220;The Ultra Zone&#8221; con un tercer cambio de ropa, fue recibido con un p\u00fablico asombrado por su traje, ya que adopt\u00f3 el modo robot y se llen\u00f3 un traje de luces led, al igual que su guitarra y en sus dedos. Personalmente pens\u00e9 que debi\u00f3 ser complicado tocar tan aparatosamente, pero no. Steve Vai interpret\u00f3 sus notas con una facilidad que uno se queda loco.<\/p>\n<p>Luego de la parte rob\u00f3tica de la noche, volvi\u00f3 a un traje sencillo negro y agradeci\u00f3 nuevamente a la audiencia. &#8220;Vamos a hacer una nueva canci\u00f3n, aqu\u00ed con ustedes, para que vean que no es dif\u00edcil&#8221;, dijo.<\/p>\n<p>Vai seleccion\u00f3 a tres personas del p\u00fablico, Carlos, Juan y una chica a la cual no se le entendi\u00f3 el nombre. Tanto fue as\u00ed que Vai le coment\u00f3 &#8220;puedo llamarte Susan?&#8221; y la mujer le dijo que no, por lo que siguieron intentando pronunciar el nombre.<\/p>\n<p>La idea era que cada uno diera un ritmo a uno de los m\u00fasicos. Carlos a la bater\u00eda (quien fue aplaudido por Vai ya que parec\u00eda hacerlo bien), Juan al bajo (a lo que Vai coment\u00f3 &#8220;Me gusta&#8221;) y la chica estuvo presente para una que otra broma del artista pero el encargado de hacer el ritmo de la guitarra de Vai fue Carlos nuevamente. Como nota personal, creo que Vai se molest\u00f3 porque no le dej\u00f3 llamarle Susan.<\/p>\n<p>El punto es que, luego de crear un ritmo &#8220;funky&#8221; que son\u00f3 bastante bien, le demostraron al p\u00fablico que no es dif\u00edcil crear un nuevo tema.<\/p>\n<p>Luego de par de temas, el guitarrista cerr\u00f3 con &#8220;For The Love Of God&#8221;, agradeci\u00f3 al p\u00fablico y bajo de la tarima. Una audiencia que gritaba m\u00e1s llev\u00f3 a Vai nuevamente al escenario para un tema m\u00e1s, cerrando definitivamente con &#8220;Tarus Bulba&#8221;.<\/p>\n<p>El concierto de Steve Vai en Venezuela estuvo marcado por muecas, bailes y unos m\u00fasicos que llenaron la noche de notas limpias y un performance excelente. La personalidad extrovertida de Vai le permite dar un show que llena las expectativas y divierte a los asistentes. El concierto fue gracias a Profit Producciones, que coloc\u00f3 una tarima sencilla y unas pantallas laterales que solo dec\u00edan &#8220;Steve Vai&#8221;, ya que no reprodujeron el concierto. En un estimado se podr\u00eda hablar de 1500 personas que asistieron.<![endif]--><!--[if gte mso 10]> <\/style>\n\n <![endif]--><!--nextpage--><img decoding=\"async\" class=\"aligncenter size-medium wp-image-111117510\" src=\"https:\/\/www.oidossucios.com\/site\/wp-content\/uploads\/2020\/02\/7510.jpg\" alt=\"Steve Vai cont\u00f3 \"La Historia de la Luz\" en el Anfiteatro del Sambil\"  \/><!--nextpage--><img decoding=\"async\" class=\"aligncenter size-medium wp-image-111117511\" src=\"https:\/\/www.oidossucios.com\/site\/wp-content\/uploads\/2020\/02\/7511.jpg\" alt=\"Steve Vai cont\u00f3 \"La Historia de la Luz\" en el Anfiteatro del Sambil\"  \/><!--nextpage--><img decoding=\"async\" class=\"aligncenter size-medium wp-image-111117512\" src=\"https:\/\/www.oidossucios.com\/site\/wp-content\/uploads\/2020\/02\/7512.jpg\" alt=\"Steve Vai cont\u00f3 \"La Historia de la Luz\" en el Anfiteatro del Sambil\"  \/><!--nextpage--><img decoding=\"async\" class=\"aligncenter size-medium wp-image-111117513\" src=\"https:\/\/www.oidossucios.com\/site\/wp-content\/uploads\/2020\/02\/7513.jpg\" alt=\"Steve Vai cont\u00f3 \"La Historia de la Luz\" en el Anfiteatro del Sambil\"  \/><!--nextpage--><img decoding=\"async\" class=\"aligncenter size-medium wp-image-111117514\" src=\"https:\/\/www.oidossucios.com\/site\/wp-content\/uploads\/2020\/02\/7514.jpg\" alt=\"Steve Vai cont\u00f3 \"La Historia de la Luz\" en el Anfiteatro del Sambil\"  \/><!--nextpage--><img decoding=\"async\" class=\"aligncenter size-medium wp-image-111117515\" src=\"https:\/\/www.oidossucios.com\/site\/wp-content\/uploads\/2020\/02\/7515.jpg\" alt=\"Steve Vai cont\u00f3 \"La Historia de la Luz\" en el Anfiteatro del Sambil\"  \/><!--nextpage--><img decoding=\"async\" class=\"aligncenter size-medium wp-image-111117516\" src=\"https:\/\/www.oidossucios.com\/site\/wp-content\/uploads\/2020\/02\/7516.jpg\" alt=\"Steve Vai cont\u00f3 \"La Historia de la Luz\" en el Anfiteatro del Sambil\"  \/><!--nextpage--><img decoding=\"async\" class=\"aligncenter size-medium wp-image-111117517\" src=\"https:\/\/www.oidossucios.com\/site\/wp-content\/uploads\/2020\/02\/7517.jpg\" alt=\"Steve Vai cont\u00f3 \"La Historia de la Luz\" en el Anfiteatro del Sambil\"  \/><!--nextpage--><img decoding=\"async\" class=\"aligncenter size-medium wp-image-111117518\" src=\"https:\/\/www.oidossucios.com\/site\/wp-content\/uploads\/2020\/02\/7518.jpg\" alt=\"Steve Vai cont\u00f3 \"La Historia de la Luz\" en el Anfiteatro del Sambil\"  \/><!--nextpage--><img decoding=\"async\" class=\"aligncenter size-medium wp-image-111117519\" src=\"https:\/\/www.oidos\nsucios.com\/site\/wp-content\/uploads\/2020\/02\/7519.jpg\" alt=\"Steve Vai cont\u00f3 \"La Historia de la Luz\" en el Anfiteatro del Sambil\"  \/><!--nextpage--><img decoding=\"async\" class=\"aligncenter size-medium wp-image-111117520\" src=\"https:\/\/www.oidossucios.com\/site\/wp-content\/uploads\/2020\/02\/7520.jpg\" alt=\"Steve Vai cont\u00f3 \"La Historia de la Luz\" en el Anfiteatro del Sambil\"  \/><!--nextpage--><img decoding=\"async\" class=\"aligncenter size-medium wp-image-111117521\" src=\"https:\/\/www.oidossucios.com\/site\/wp-content\/uploads\/2020\/02\/7521.jpg\" alt=\"Steve Vai cont\u00f3 \"La Historia de la Luz\" en el Anfiteatro del Sambil\"  \/><!--nextpage--><img decoding=\"async\" class=\"aligncenter size-medium wp-image-111117522\" src=\"https:\/\/www.oidossucios.com\/site\/wp-content\/uploads\/2020\/02\/7522.jpg\" alt=\"Steve Vai cont\u00f3 \"La Historia de la Luz\" en el Anfiteatro del Sambil\"  \/><!--nextpage--><img decoding=\"async\" class=\"aligncenter size-medium wp-image-111117523\" src=\"https:\/\/www.oidossucios.com\/site\/wp-content\/uploads\/2020\/02\/7523.jpg\" alt=\"Steve Vai cont\u00f3 \"La Historia de la Luz\" en el Anfiteatro del Sambil\"  \/><!--nextpage--><img decoding=\"async\" class=\"aligncenter size-medium wp-image-111117524\" src=\"https:\/\/www.oidossucios.com\/site\/wp-content\/uploads\/2020\/02\/7524.jpg\" alt=\"Steve Vai cont\u00f3 \"La Historia de la Luz\" en el Anfiteatro del Sambil\"  \/><!--nextpage--><img decoding=\"async\" class=\"aligncenter size-medium wp-image-111117525\" src=\"https:\/\/www.oidossucios.com\/site\/wp-content\/uploads\/2020\/02\/7525.jpg\" alt=\"Steve Vai cont\u00f3 \"La Historia de la Luz\" en el Anfiteatro del Sambil\"  \/><!--nextpage--><img decoding=\"async\" class=\"aligncenter size-medium wp-image-111117526\" src=\"https:\/\/www.oidossucios.com\/site\/wp-content\/uploads\/2020\/02\/7526.jpg\" alt=\"Steve Vai cont\u00f3 \"La Historia de la Luz\" en el Anfiteatro del Sambil\"  \/><!--nextpage--><img decoding=\"async\" class=\"aligncenter size-medium wp-image-111117527\" src=\"https:\/\/www.oidossucios.com\/site\/wp-content\/uploads\/2020\/02\/7527.jpg\" alt=\"Steve Vai cont\u00f3 \"La Historia de la Luz\" en el Anfiteatro del Sambil\"  \/><!--nextpage--><img decoding=\"async\" class=\"aligncenter size-medium wp-image-111117528\" src=\"https:\/\/www.oidossucios.com\/site\/wp-content\/uploads\/2020\/02\/7528.jpg\" alt=\"Steve Vai cont\u00f3 \"La Historia de la Luz\" en el Anfiteatro del Sambil\"  \/><!--nextpage--><img decoding=\"async\" class=\"aligncenter size-medium wp-image-111117529\" src=\"https:\/\/www.oidossucios.com\/site\/wp-content\/uploads\/2020\/02\/7529.jpg\" alt=\"Steve Vai cont\u00f3 \"La Historia de la Luz\" en el Anfiteatro del Sambil\"  \/><!--nextpage--><img decoding=\"async\" class=\"aligncenter size-medium wp-image-111117530\" src=\"https:\/\/www.oidossucios.com\/site\/wp-content\/uploads\/2020\/02\/7530.jpg\" alt=\"Steve Vai cont\u00f3 \"La Historia de la Luz\" en el Anfiteatro del Sambil\"  \/><!--nextpage--><img decoding=\"async\" class=\"aligncenter size-medium wp-image-111117531\" src=\"https:\/\/www.oidossucios.com\/site\/wp-content\/uploads\/2020\/02\/7531.jpg\" alt=\"Steve Vai cont\u00f3 \"La Historia de la Luz\" en el Anfiteatro del Sambil\"  \/><!--nextpage--><img decoding=\"async\" class=\"aligncenter size-medium wp-image-111117532\" src=\"https:\/\/www.oidossucios.com\/site\/wp-content\/uploads\/2020\/02\/7532.jpg\" alt=\"Steve Vai cont\u00f3 \"La Historia de la Luz\" en el Anfiteatro del Sambil\"  \/><!--nextpage--><img decoding=\"async\" class=\"aligncenter size-medium wp-image-111117533\" src=\"https:\/\/www.oidossucios.com\/site\/wp-content\/uploads\/2020\/02\/7533.jpg\" alt=\"Steve Vai cont\u00f3 \"La Historia de la Luz\" en el Anfiteatro del Sambil\"  \/><!--nextpage--><img decoding=\"async\" class=\"aligncenter size-medium wp-image-111117534\" src=\"https:\/\/www.oidossucios.com\/site\/wp-content\/uploads\/2020\/02\/7534.jpg\" alt=\"Steve Vai cont\u00f3 \"La Historia de la Luz\" en el Anfiteatro del Sambil\"  \/><!--nextpage--><img decoding=\"async\" class=\"aligncenter size-medium wp-image-111117535\" src=\"https:\/\/www.oidossucios.com\/site\/wp-content\/uploads\/2020\/02\/7535.jpg\" alt=\"Steve Vai cont\u00f3 \"La Historia de la Luz\" en el Anfiteatro del Sambil\"  \/><!--nextpage--><img decoding=\"async\" class=\"aligncenter size-medium wp-image-111117536\" src=\"https:\/\/www.oidossucios.com\/site\/wp-content\/uploads\/2020\/02\/7536.jpg\" alt=\"Steve Vai cont\u00f3 \"La Historia de la Luz\" en el Anfiteatro del Sambil\"  \/><!--nextpage--><img decoding=\"async\" class=\"aligncenter size-medium wp-image-111117537\" src=\"https:\/\/www.oidossucios.com\/site\/wp-content\/uploads\/2020\/02\/7537.jpg\" alt=\"Steve Vai cont\u00f3 \"La Historia de la Luz\" en el Anfiteatro del Sambil\"  \/><!--nextpage--><img decoding=\"async\" class=\"aligncenter size-medium wp-image-111117538\" src=\"https:\/\/www.oidossucios.com\/site\/wp-content\/uploads\/2020\/02\/7538.jpg\" alt=\"Steve Vai cont\u00f3 \"La Historia de la Luz\" en el Anfiteatro del Sambil\"  \/><!--nextpage--><img decoding=\"async\" class=\"aligncenter size-medium wp-image-111117539\" src=\"https:\/\/www.oidossucios.com\/site\/wp-content\/uploads\/2020\/02\/7539.jpg\" alt=\"Steve Vai cont\u00f3 \"La Historia de la Luz\" en el Anfiteatro del Sambil\"  \/><!--nextpage--><img decoding=\"async\" class=\"aligncenter size-medium wp-image-111117540\" src=\"https:\/\/www.oidossucios.com\/site\/wp-content\/uploads\/2020\/02\/7540.jpg\" alt=\"Steve Vai cont\u00f3 \"La Historia de la Luz\" en el Anfiteatro del Sambil\"  \/><!--nextpage--><img decoding=\"async\" class=\"aligncenter size-medium wp-image-111117541\" src=\"https:\/\/www.oidossucios.com\/site\/wp-content\/uploads\/2020\/02\/7541.jpg\" alt=\"Steve Vai cont\u00f3 \"La Historia de la Luz\" en el Anfiteatro del Sambil\"  \/><!--nextpage--><img decoding=\"async\" class=\"aligncenter size-medium wp-image-111117542\" src=\"https:\/\/www.oidossucios.com\/site\/wp-content\/uploads\/2020\/02\/7542.jpg\" alt=\"Steve Vai cont\u00f3 \"La Historia de la Luz\" en el Anfiteatro del Sambil\"  \/><!--nextpage--><img decoding=\"async\" class=\"aligncenter size-medium wp-image-111117543\" src=\"https:\/\/www.oidossucios.com\/site\/wp-content\/uploads\/2020\/02\/7543.jpg\" alt=\"Steve Vai cont\u00f3 \"La Historia de la Luz\" en el Anfiteatro del Sambil\"  \/><!--nextpage--><img decoding=\"async\" class=\"aligncenter size-medium wp-image-111117544\" src=\"https:\/\/www.oidossucios.com\/site\/wp-content\/uploads\/2020\/02\/7544.jpg\" alt=\"Steve Vai cont\u00f3 \"La Historia de la Luz\" en el Anfiteatro del Sambil\"  \/><!--nextpage--><img decoding=\"async\" class=\"aligncenter size-medium wp-image-111117545\" src=\"https:\/\/www.oidossucios.com\/site\/wp-content\/uploads\/2020\/02\/7545.jpg\" alt=\"Steve Vai cont\u00f3 \"La Historia de la Luz\" en el Anfiteatro del Sambil\"  \/><!--nextpage--><img decoding=\"async\" class=\"aligncenter size-medium wp-image-111117546\" src=\"https:\/\/www.oidossucios.com\/site\/wp-content\/uploads\/2020\/02\/7546.jpg\" alt=\"Steve Vai cont\u00f3 \"La Historia de la Luz\" en el Anfiteatro del Sambil\"  \/><!--nextpage--><img decoding=\"async\" class=\"aligncenter size-medium wp-image-111117547\" src=\"https:\/\/www.oidossucios.com\/site\/wp-content\/uploads\/2020\/02\/7547.jpg\" alt=\"Steve Vai cont\u00f3 \"La Historia de la Luz\" en el Anfiteatro del Sambil\"  \/><!--nextpage--><img decoding=\"async\" class=\"aligncenter size-medium wp-image-111117548\" src=\"https:\/\/www.oidossucios.com\/site\/wp-content\/uploads\/2020\/02\/7548.jpg\" alt=\"Steve Vai cont\u00f3 \"La Historia de la Luz\" en el Anfiteatro del Sambil\"  \/><!--nextpage--><img decoding=\"async\" class=\"aligncenter size-medium wp-image-111117549\" src=\"https:\/\/www.oidossucios.com\/site\/wp-content\/uploads\/2020\/02\/7549.jpg\" alt=\"Steve Vai cont\u00f3 \"La Historia de la Luz\" en el Anfiteatro del Sambil\"  \/><!--nextpage--><img decoding=\"async\" class=\"aligncenter size-medium wp-image-111117550\" src=\"https:\/\/www.oidossucios.com\/site\/wp-content\/uploads\/2020\/02\/7550.jpg\" alt=\"Steve Vai cont\u00f3 \"La Historia de la Luz\" en el Anfiteatro del Sambil\"  \/><!--nextpage--><img decoding=\"async\" class=\"aligncenter size-medium wp-image-111117551\" src=\"https:\/\/www.oidossucios.com\/site\/wp-content\/uploads\/2020\/02\/7551.jpg\" alt=\"Steve Vai cont\u00f3 \"La Historia de la Luz\" en el Anfiteatro del Sambil\"  \/><!--nextpage--><img decoding=\"async\" class=\"aligncenter size-medium wp-image-111117552\" src=\"https:\/\/www.oidossucios.com\/site\/wp-content\/uploads\/2020\/02\/7552.jpg\" alt=\"Steve Vai cont\u00f3 \"La Historia de la Luz\" en el Anfiteatro del Sambil\"  \/><!--nextpage--><img decoding=\"async\" class=\"aligncenter size-medium wp-image-111117553\" src=\"https:\/\/www.oidossucios.com\/site\/wp-content\/uploads\/2020\/02\/7553.jpg\" alt=\"Steve Vai cont\u00f3 \"La Historia de la Luz\" en el Anfiteatro del Sambil\"  \/><!--nextpage--><img decoding=\"async\" class=\"aligncenter size-medium wp-image-111117554\" src=\"https:\/\/www.oidossucios.com\/site\/wp-content\/uploads\/2020\/02\/7554.jpg\" alt=\"Steve Vai cont\u00f3 \"La Historia de la Luz\" en el Anfiteatro del Sambil\"  \/><!--nextpage--><img decoding=\"async\" class=\"aligncenter size-medium wp-image-111117555\" src=\"https:\/\/www.oidossucios.com\/site\/wp-content\/uploads\/2020\/02\/7555.jpg\" alt=\"Steve Vai cont\u00f3 \"La Historia de la Luz\" en el Anfiteatro del Sambil\"\n  \/><!--nextpage--><img decoding=\"async\" class=\"aligncenter size-medium wp-image-111117556\" src=\"https:\/\/www.oidossucios.com\/site\/wp-content\/uploads\/2020\/02\/7556.jpg\" alt=\"Steve Vai cont\u00f3 \"La Historia de la Luz\" en el Anfiteatro del Sambil\"  \/><!--nextpage--><img decoding=\"async\" class=\"aligncenter size-medium wp-image-111117557\" src=\"https:\/\/www.oidossucios.com\/site\/wp-content\/uploads\/2020\/02\/7557.jpg\" alt=\"Steve Vai cont\u00f3 \"La Historia de la Luz\" en el Anfiteatro del Sambil\"  \/><!--nextpage--><img decoding=\"async\" class=\"aligncenter size-medium wp-image-111117558\" src=\"https:\/\/www.oidossucios.com\/site\/wp-content\/uploads\/2020\/02\/7558.jpg\" alt=\"Steve Vai cont\u00f3 \"La Historia de la Luz\" en el Anfiteatro del Sambil\"  \/><!--nextpage--><img decoding=\"async\" class=\"aligncenter size-medium wp-image-111117559\" src=\"https:\/\/www.oidossucios.com\/site\/wp-content\/uploads\/2020\/02\/7559.jpg\" alt=\"Steve Vai cont\u00f3 \"La Historia de la Luz\" en el Anfiteatro del Sambil\"  \/><!--nextpage--><img decoding=\"async\" class=\"aligncenter size-medium wp-image-111117560\" src=\"https:\/\/www.oidossucios.com\/site\/wp-content\/uploads\/2020\/02\/7560.jpg\" alt=\"Steve Vai cont\u00f3 \"La Historia de la Luz\" en el Anfiteatro del Sambil\"  \/><!--nextpage--><img decoding=\"async\" class=\"aligncenter size-medium wp-image-111117561\" src=\"https:\/\/www.oidossucios.com\/site\/wp-content\/uploads\/2020\/02\/7561.jpg\" alt=\"Steve Vai cont\u00f3 \"La Historia de la Luz\" en el Anfiteatro del Sambil\"  \/><!--nextpage--><img decoding=\"async\" class=\"aligncenter size-medium wp-image-111117562\" src=\"https:\/\/www.oidossucios.com\/site\/wp-content\/uploads\/2020\/02\/7562.jpg\" alt=\"Steve Vai cont\u00f3 \"La Historia de la Luz\" en el Anfiteatro del Sambil\"  \/><!--nextpage--><img decoding=\"async\" class=\"aligncenter size-medium wp-image-111117563\" src=\"https:\/\/www.oidossucios.com\/site\/wp-content\/uploads\/2020\/02\/7563.jpg\" alt=\"Steve Vai cont\u00f3 \"La Historia de la Luz\" en el Anfiteatro del Sambil\"  \/><!--nextpage--><img decoding=\"async\" class=\"aligncenter size-medium wp-image-111117564\" src=\"https:\/\/www.oidossucios.com\/site\/wp-content\/uploads\/2020\/02\/7564.jpg\" alt=\"Steve Vai cont\u00f3 \"La Historia de la Luz\" en el Anfiteatro del Sambil\"  \/><!--nextpage--><img decoding=\"async\" class=\"aligncenter size-medium wp-image-111117565\" src=\"https:\/\/www.oidossucios.com\/site\/wp-content\/uploads\/2020\/02\/7565.jpg\" alt=\"Steve Vai cont\u00f3 \"La Historia de la Luz\" en el Anfiteatro del Sambil\"  \/><!--nextpage--><img decoding=\"async\" class=\"aligncenter size-medium wp-image-111117566\" src=\"https:\/\/www.oidossucios.com\/site\/wp-content\/uploads\/2020\/02\/7566.jpg\" alt=\"Steve Vai cont\u00f3 \"La Historia de la Luz\" en el Anfiteatro del Sambil\"  \/><!--nextpage--><img decoding=\"async\" class=\"aligncenter size-medium wp-image-111117567\" src=\"https:\/\/www.oidossucios.com\/site\/wp-content\/uploads\/2020\/02\/7567.jpg\" alt=\"Steve Vai cont\u00f3 \"La Historia de la Luz\" en el Anfiteatro del Sambil\"  \/><!--nextpage--><img decoding=\"async\" class=\"aligncenter size-medium wp-image-111117568\" src=\"https:\/\/www.oidossucios.com\/site\/wp-content\/uploads\/2020\/02\/7568.jpg\" alt=\"Steve Vai cont\u00f3 \"La Historia de la Luz\" en el Anfiteatro del Sambil\"  \/><!--nextpage--><img decoding=\"async\" class=\"aligncenter size-medium wp-image-111117569\" src=\"https:\/\/www.oidossucios.com\/site\/wp-content\/uploads\/2020\/02\/7569.jpg\" alt=\"Steve Vai cont\u00f3 \"La Historia de la Luz\" en el Anfiteatro del Sambil\"  \/><a href='https:\/\/www.oidossucios.com\/site\/steve-vai-conto-la-historia-de-la-luz-en-el-anfiteatro-del-sambil\/2\/'\n                        onclick='if (tpsInstance) { tpsInstance.setNext(); return false; }'\n                        rel='next'\n                        style=''\n                        class=''>Ver galer\u00eda<\/a>]]><\/p>\n","protected":false},"excerpt":{"rendered":"<p>El virtuoso y reconocido guitarrista, Steve Vai, se present\u00f3, por primera vez en Venezuela, en el Anfiteatro del Centro Comercial El Sambil, como parte de su tour &#8220;The Story Of Light&#8221; que promociona el m\u00e1s reciente \u00e1lbum del artista.<\/p>\n","protected":false},"author":4,"featured_media":100008255,"comment_status":"open","ping_status":"open","sticky":false,"template":"","format":"standard","meta":{"_jetpack_memberships_contains_paid_content":false,"footnotes":""},"categories":[203],"tags":[705],"class_list":["post-8255","post","type-post","status-publish","format-standard","has-post-thumbnail","hentry","category-eventos","tag-kalinadaly"],"jetpack_featured_media_url":"https:\/\/www.oidossucios.com\/site\/wp-content\/uploads\/2013\/12\/8255.jpg","yoast_head":"<!-- This site is optimized with the Yoast SEO plugin v14.0.4 - https:\/\/yoast.com\/wordpress\/plugins\/seo\/ -->\n<title>Steve Vai cont\u00f3 &quot;La Historia de la Luz&quot; en el Anfiteatro del Sambil - OidosSucios.Com<\/title>\n<meta name=\"description\" content=\"El virtuoso y reconocido guitarrista, Steve Vai, se present\u00f3, por primera vez en Venezuela, en el Anfiteatro del Centro Comercial El Sambil, como parte de su tour &quot;The Story Of Light&quot; que promociona el m\u00e1s reciente \u00e1lbum del artista.\" \/>\n<meta name=\"robots\" content=\"index, follow\" \/>\n<meta name=\"googlebot\" content=\"index, follow, max-snippet:-1, max-image-preview:large, max-video-preview:-1\" \/>\n<meta name=\"bingbot\" content=\"index, follow, max-snippet:-1, max-image-preview:large, max-video-preview:-1\" \/>\n<link rel=\"canonical\" href=\"https:\/\/www.oidossucios.com\/site\/steve-vai-conto-la-historia-de-la-luz-en-el-anfiteatro-del-sambil\/\" \/>\n<link rel=\"next\" href=\"https:\/\/www.oidossucios.com\/site\/steve-vai-conto-la-historia-de-la-luz-en-el-anfiteatro-del-sambil\/2\/\" \/>\n<meta property=\"og:locale\" content=\"es_ES\" \/>\n<meta property=\"og:type\" content=\"article\" \/>\n<meta property=\"og:title\" content=\"Steve Vai cont\u00f3 &quot;La Historia de la Luz&quot; en el Anfiteatro del Sambil - OidosSucios.Com\" \/>\n<meta property=\"og:description\" content=\"El virtuoso y reconocido guitarrista, Steve Vai, se present\u00f3, por primera vez en Venezuela, en el Anfiteatro del Centro Comercial El Sambil, como parte de su tour &quot;The Story Of Light&quot; que promociona el m\u00e1s reciente \u00e1lbum del artista.\" \/>\n<meta property=\"og:url\" content=\"https:\/\/www.oidossucios.com\/site\/steve-vai-conto-la-historia-de-la-luz-en-el-anfiteatro-del-sambil\/\" \/>\n<meta property=\"og:site_name\" content=\"OidosSucios.Com\" \/>\n<meta property=\"article:published_time\" content=\"2013-12-04T03:02:00+00:00\" \/>\n<meta property=\"og:image\" content=\"https:\/\/www.oidossucios.com\/site\/wp-content\/uploads\/2013\/12\/8255.jpg\" \/>\n\t<meta property=\"og:image:width\" content=\"350\" \/>\n\t<meta property=\"og:image:height\" content=\"300\" \/>\n<meta name=\"twitter:card\" content=\"summary_large_image\" \/>\n<meta name=\"twitter:creator\" content=\"@oidossucios\" \/>\n<script type=\"application\/ld+json\" class=\"yoast-schema-graph\">{\"@context\":\"https:\/\/schema.org\",\"@graph\":[{\"@type\":\"WebSite\",\"@id\":\"https:\/\/www.oidossucios.com\/site\/#website\",\"url\":\"https:\/\/www.oidossucios.com\/site\/\",\"name\":\"OidosSucios.Com\",\"description\":\"M\\u00fasica, conciertos, discos\",\"potentialAction\":[{\"@type\":\"SearchAction\",\"target\":\"https:\/\/www.oidossucios.com\/site\/?s={search_term_string}\",\"query-input\":\"required name=search_term_string\"}],\"inLanguage\":\"es\"},{\"@type\":\"ImageObject\",\"@id\":\"https:\/\/www.oidossucios.com\/site\/steve-vai-conto-la-historia-de-la-luz-en-el-anfiteatro-del-sambil\/#primaryimage\",\"inLanguage\":\"es\",\"url\":\"https:\/\/www.oidossucios.com\/site\/wp-content\/uploads\/2013\/12\/8255.jpg\",\"width\":350,\"height\":300},{\"@type\":\"WebPage\",\"@id\":\"https:\/\/www.oidossucios.com\/site\/steve-vai-conto-la-historia-de-la-luz-en-el-anfiteatro-del-sambil\/#webpage\",\"url\":\"https:\/\/www.oidossucios.com\/site\/steve-vai-conto-la-historia-de-la-luz-en-el-anfiteatro-del-sambil\/\",\"name\":\"Steve Vai cont\\u00f3 \\\"La Historia de la Luz\\\" en el Anfiteatro del Sambil - OidosSucios.Com\",\"isPartOf\":{\"@id\":\"https:\/\/www.oidossucios.com\/site\/#website\"},\"primaryImageOfPage\":{\"@id\":\"https:\/\/www.oidossucios.com\/site\/steve-vai-conto-la-historia-de-la-luz-en-el-anfiteatro-del-sambil\/#primaryimage\"},\"datePublished\":\"2013-12-04T03:02:00+00:00\",\"dateModified\":\"2013-12-04T03:02:00+00:00\",\"author\":{\"@id\":\"https:\/\/www.oidossucios.com\/site\/#\/schema\/person\/24559eeb76bf83a63296fb072393a688\"},\"description\":\"El virtuoso y reconocido guitarrista, Steve Vai, se present\\u00f3, por primera vez en Venezuela, en el Anfiteatro del Centro Comercial El Sambil, como parte de su tour \\\"The Story Of Light\\\" que promociona el m\\u00e1s reciente \\u00e1lbum del artista.\",\"inLanguage\":\"es\",\"potentialAction\":[{\"@type\":\"ReadAction\",\"target\":[\"https:\/\/www.oidossucios.com\/site\/steve-vai-conto-la-historia-de-la-luz-en-el-anfiteatro-del-sambil\/\"]}]},{\"@type\":[\"Person\"],\"@id\":\"https:\/\/www.oidossucios.com\/site\/#\/schema\/person\/24559eeb76bf83a63296fb072393a688\",\"name\":\"Oidossucios\",\"image\":{\"@type\":\"ImageObject\",\"@id\":\"https:\/\/www.oidossucios.com\/site\/#personlogo\",\"inLanguage\":\"es\",\"url\":\"https:\/\/secure.gravatar.com\/avatar\/74fcb480f42f1a33e50a0b6e6369a3f907be2e43dc84fa5f76c66e9c22b4a5ab?s=96&d=mm&r=g\",\"caption\":\"Oidossucios\"},\"sameAs\":[\"https:\/\/twitter.com\/oidossucios\"]}]}<\/script>\n<!-- \/ Yoast SEO plugin. -->","jetpack_sharing_enabled":true,"_links":{"self":[{"href":"https:\/\/www.oidossucios.com\/site\/wp-json\/wp\/v2\/posts\/8255","targetHints":{"allow":["GET"]}}],"collection":[{"href":"https:\/\/www.oidossucios.com\/site\/wp-json\/wp\/v2\/posts"}],"about":[{"href":"https:\/\/www.oidossucios.com\/site\/wp-json\/wp\/v2\/types\/post"}],"author":[{"embeddable":true,"href":"https:\/\/www.oidossucios.com\/site\/wp-json\/wp\/v2\/users\/4"}],"replies":[{"embeddable":true,"href":"https:\/\/www.oidossucios.com\/site\/wp-json\/wp\/v2\/comments?post=8255"}],"version-history":[{"count":0,"href":"https:\/\/www.oidossucios.com\/site\/wp-json\/wp\/v2\/posts\/8255\/revisions"}],"wp:featuredmedia":[{"embeddable":true,"href":"https:\/\/www.oidossucios.com\/site\/wp-json\/wp\/v2\/media\/100008255"}],"wp:attachment":[{"href":"https:\/\/www.oidossucios.com\/site\/wp-json\/wp\/v2\/media?parent=8255"}],"wp:term":[{"taxonomy":"category","embeddable":true,"href":"https:\/\/www.oidossucios.com\/site\/wp-json\/wp\/v2\/categories?post=8255"},{"taxonomy":"post_tag","embeddable":true,"href":"https:\/\/www.oidossucios.com\/site\/wp-json\/wp\/v2\/tags?post=8255"}],"curies":[{"name":"wp","href":"https:\/\/api.w.org\/{rel}","templated":true}]}}