{"id":8258,"date":"2013-12-04T03:55:00","date_gmt":"2013-12-04T03:55:00","guid":{"rendered":"https:\/\/www.oidossucios.com\/site\/2013\/12\/04\/masseratti-2lts-se-presenta-en-valencia-este-proximo-19-de-diciembre\/"},"modified":"2013-12-04T03:55:00","modified_gmt":"2013-12-04T03:55:00","slug":"masseratti-2lts-se-presenta-en-valencia-este-proximo-19-de-diciembre","status":"publish","type":"post","link":"https:\/\/www.oidossucios.com\/site\/masseratti-2lts-se-presenta-en-valencia-este-proximo-19-de-diciembre\/","title":{"rendered":"Masseratti 2lts se presenta en Valencia este pr\u00f3ximo 19 de Diciembre"},"content":{"rendered":"<p>Luego de 10 a\u00f1os y 9 discos a sus espaldas, la banda de electr\u00f3nica venezolana Masseratti 2lts regres\u00f3 a Venezuela en el mes de Noviembre para emprender su acostumbrada gira. Con un recorrido exitoso en distintas ciudades de nuestro pa\u00eds, Masseratti 2lts llega a Valencia para contagiar a toda la ciudad de su m\u00fasica.<\/p>\n<p>La banda liderada por los gemelos Armando y Fernando G\u00f3mez, prepararon para todos sus seguidores una Gira sensorial, llena de videos, electrotecnia y m\u00fasicos en escena, todo esto junto, hace de los show de Masseratti 2lts un encuentro \u00fanico.<\/p>\n<p>Su propuesta musical es un collage experimental que engloba todas las partes de la electr\u00f3nica contempor\u00e1nea, llegando a rozar en ocasiones el pop m\u00e1s acelerado. Su propuesta visual sirve de gu\u00eda para convertirnos en c\u00f3mplices constantes del momento. Un proyecto para ver y escuchar.<\/p>\n<p>Aunado a esto, contar\u00e1n con la brillante participaci\u00f3n de los m\u00fasicos permanentes&nbsp; de la banda: Nana Cadavieco (Voz), Diego \u00c1lvarez (Percusi\u00f3n) y Jos\u00e9 &#8220;El Maestro&#8221; Rodr\u00edguez (Metales).<\/p>\n<p>Dado el \u00e9xito de su \u00faltimo show en Caracas, donde agotaron las entradas d\u00edas previos al show, la banda anunci\u00f3 recientemente una nueva fecha en la capital, d\u00e1ndole la oportunidad para asistir, una vez m\u00e1s, a todos los fans que manifestaron por redes sociales su deseo de bailar y disfrutar junto a Masseratti 2lts.<\/p>\n<p>La fecha del show en Valencia&nbsp; \/&nbsp; Noveno.Disco de Masseratti 2 lts:<\/p>\n<p>-Jueves 19 de Diciembre en Hogar Hispano<br \/>-1ra preventa: Br. 450 &#8211; Br.750 VIP<\/p>\n<p>Entradas a la venta desde el jueves 29 de Nov. en:<br \/>Poppa Helader\u00eca<br \/>Gimnasio 02<br \/>Bass Pro Shops (C.C Cristal)<br \/>Taka Sushi<br \/>Piaroa (C.C Pizza)<a href=\"http:\/\/www.ticketmundo.com\/\"><br \/>www.ticketmundo.com<\/a><![endif]--><!--[if gte mso 10]> <\/style>\n\n <![endif]--><\/p>\n","protected":false},"excerpt":{"rendered":"<p>Luego de 10 a\u00f1os y 9 discos a sus espaldas, la banda de electr\u00f3nica venezolana Masseratti 2lts regres\u00f3 a Venezuela en el mes de Noviembre para emprender su acostumbrada gira. Con un recorrido exitoso en distintas ciudades de nuestro pa\u00eds, Masseratti 2lts llega a Valencia para contagiar a toda la ciudad de su m\u00fasica. La [&hellip;]<\/p>\n","protected":false},"author":4,"featured_media":100008258,"comment_status":"open","ping_status":"open","sticky":false,"template":"","format":"standard","meta":{"_jetpack_memberships_contains_paid_content":false,"footnotes":""},"categories":[142],"tags":[],"class_list":["post-8258","post","type-post","status-publish","format-standard","has-post-thumbnail","hentry","category-buzznews"],"jetpack_featured_media_url":"https:\/\/www.oidossucios.com\/site\/wp-content\/uploads\/2013\/12\/8258.jpg","yoast_head":"<!-- This site is optimized with the Yoast SEO plugin v14.0.4 - https:\/\/yoast.com\/wordpress\/plugins\/seo\/ -->\n<title>Masseratti 2lts se presenta en Valencia este pr\u00f3ximo 19 de Diciembre - OidosSucios.Com<\/title>\n<meta name=\"robots\" content=\"index, follow\" \/>\n<meta name=\"googlebot\" content=\"index, follow, max-snippet:-1, max-image-preview:large, max-video-preview:-1\" \/>\n<meta name=\"bingbot\" content=\"index, follow, max-snippet:-1, max-image-preview:large, max-video-preview:-1\" \/>\n<link rel=\"canonical\" href=\"https:\/\/www.oidossucios.com\/site\/masseratti-2lts-se-presenta-en-valencia-este-proximo-19-de-diciembre\/\" \/>\n<meta property=\"og:locale\" content=\"es_ES\" \/>\n<meta property=\"og:type\" content=\"article\" \/>\n<meta property=\"og:title\" content=\"Masseratti 2lts se presenta en Valencia este pr\u00f3ximo 19 de Diciembre - OidosSucios.Com\" \/>\n<meta property=\"og:description\" content=\"Luego de 10 a\u00f1os y 9 discos a sus espaldas, la banda de electr\u00f3nica venezolana Masseratti 2lts regres\u00f3 a Venezuela en el mes de Noviembre para emprender su acostumbrada gira. Con un recorrido exitoso en distintas ciudades de nuestro pa\u00eds, Masseratti 2lts llega a Valencia para contagiar a toda la ciudad de su m\u00fasica. La [&hellip;]\" \/>\n<meta property=\"og:url\" content=\"https:\/\/www.oidossucios.com\/site\/masseratti-2lts-se-presenta-en-valencia-este-proximo-19-de-diciembre\/\" \/>\n<meta property=\"og:site_name\" content=\"OidosSucios.Com\" \/>\n<meta property=\"article:published_time\" content=\"2013-12-04T03:55:00+00:00\" \/>\n<meta property=\"og:image\" content=\"https:\/\/www.oidossucios.com\/site\/wp-content\/uploads\/2013\/12\/8258.jpg\" \/>\n\t<meta property=\"og:image:width\" content=\"350\" \/>\n\t<meta property=\"og:image:height\" content=\"300\" \/>\n<meta name=\"twitter:card\" content=\"summary_large_image\" \/>\n<meta name=\"twitter:creator\" content=\"@oidossucios\" \/>\n<script type=\"application\/ld+json\" class=\"yoast-schema-graph\">{\"@context\":\"https:\/\/schema.org\",\"@graph\":[{\"@type\":\"WebSite\",\"@id\":\"https:\/\/www.oidossucios.com\/site\/#website\",\"url\":\"https:\/\/www.oidossucios.com\/site\/\",\"name\":\"OidosSucios.Com\",\"description\":\"M\\u00fasica, conciertos, discos\",\"potentialAction\":[{\"@type\":\"SearchAction\",\"target\":\"https:\/\/www.oidossucios.com\/site\/?s={search_term_string}\",\"query-input\":\"required name=search_term_string\"}],\"inLanguage\":\"es\"},{\"@type\":\"ImageObject\",\"@id\":\"https:\/\/www.oidossucios.com\/site\/masseratti-2lts-se-presenta-en-valencia-este-proximo-19-de-diciembre\/#primaryimage\",\"inLanguage\":\"es\",\"url\":\"https:\/\/www.oidossucios.com\/site\/wp-content\/uploads\/2013\/12\/8258.jpg\",\"width\":350,\"height\":300},{\"@type\":\"WebPage\",\"@id\":\"https:\/\/www.oidossucios.com\/site\/masseratti-2lts-se-presenta-en-valencia-este-proximo-19-de-diciembre\/#webpage\",\"url\":\"https:\/\/www.oidossucios.com\/site\/masseratti-2lts-se-presenta-en-valencia-este-proximo-19-de-diciembre\/\",\"name\":\"Masseratti 2lts se presenta en Valencia este pr\\u00f3ximo 19 de Diciembre - OidosSucios.Com\",\"isPartOf\":{\"@id\":\"https:\/\/www.oidossucios.com\/site\/#website\"},\"primaryImageOfPage\":{\"@id\":\"https:\/\/www.oidossucios.com\/site\/masseratti-2lts-se-presenta-en-valencia-este-proximo-19-de-diciembre\/#primaryimage\"},\"datePublished\":\"2013-12-04T03:55:00+00:00\",\"dateModified\":\"2013-12-04T03:55:00+00:00\",\"author\":{\"@id\":\"https:\/\/www.oidossucios.com\/site\/#\/schema\/person\/24559eeb76bf83a63296fb072393a688\"},\"inLanguage\":\"es\",\"potentialAction\":[{\"@type\":\"ReadAction\",\"target\":[\"https:\/\/www.oidossucios.com\/site\/masseratti-2lts-se-presenta-en-valencia-este-proximo-19-de-diciembre\/\"]}]},{\"@type\":[\"Person\"],\"@id\":\"https:\/\/www.oidossucios.com\/site\/#\/schema\/person\/24559eeb76bf83a63296fb072393a688\",\"name\":\"Oidossucios\",\"image\":{\"@type\":\"ImageObject\",\"@id\":\"https:\/\/www.oidossucios.com\/site\/#personlogo\",\"inLanguage\":\"es\",\"url\":\"https:\/\/secure.gravatar.com\/avatar\/74fcb480f42f1a33e50a0b6e6369a3f907be2e43dc84fa5f76c66e9c22b4a5ab?s=96&d=mm&r=g\",\"caption\":\"Oidossucios\"},\"sameAs\":[\"https:\/\/twitter.com\/oidossucios\"]}]}<\/script>\n<!-- \/ Yoast SEO plugin. -->","jetpack_sharing_enabled":true,"_links":{"self":[{"href":"https:\/\/www.oidossucios.com\/site\/wp-json\/wp\/v2\/posts\/8258","targetHints":{"allow":["GET"]}}],"collection":[{"href":"https:\/\/www.oidossucios.com\/site\/wp-json\/wp\/v2\/posts"}],"about":[{"href":"https:\/\/www.oidossucios.com\/site\/wp-json\/wp\/v2\/types\/post"}],"author":[{"embeddable":true,"href":"https:\/\/www.oidossucios.com\/site\/wp-json\/wp\/v2\/users\/4"}],"replies":[{"embeddable":true,"href":"https:\/\/www.oidossucios.com\/site\/wp-json\/wp\/v2\/comments?post=8258"}],"version-history":[{"count":0,"href":"https:\/\/www.oidossucios.com\/site\/wp-json\/wp\/v2\/posts\/8258\/revisions"}],"wp:featuredmedia":[{"embeddable":true,"href":"https:\/\/www.oidossucios.com\/site\/wp-json\/wp\/v2\/media\/100008258"}],"wp:attachment":[{"href":"https:\/\/www.oidossucios.com\/site\/wp-json\/wp\/v2\/media?parent=8258"}],"wp:term":[{"taxonomy":"category","embeddable":true,"href":"https:\/\/www.oidossucios.com\/site\/wp-json\/wp\/v2\/categories?post=8258"},{"taxonomy":"post_tag","embeddable":true,"href":"https:\/\/www.oidossucios.com\/site\/wp-json\/wp\/v2\/tags?post=8258"}],"curies":[{"name":"wp","href":"https:\/\/api.w.org\/{rel}","templated":true}]}}