{"id":8259,"date":"2013-12-04T04:00:00","date_gmt":"2013-12-04T04:00:00","guid":{"rendered":"https:\/\/www.oidossucios.com\/site\/2013\/12\/04\/concierto-quinto-aniversario-de-ladosis\/"},"modified":"2013-12-04T04:00:00","modified_gmt":"2013-12-04T04:00:00","slug":"concierto-quinto-aniversario-de-ladosis","status":"publish","type":"post","link":"https:\/\/www.oidossucios.com\/site\/concierto-quinto-aniversario-de-ladosis\/","title":{"rendered":"Concierto quinto aniversario de LaDosis"},"content":{"rendered":"<p>La revista musical LaDosis celebra su quinto aniversario el lanzamiento de la edici\u00f3n #30, con la presentaci\u00f3n en doble funci\u00f3n de Los Hermanos Naturales y La Vida Boh\u00e8me.&nbsp; La portada y art\u00edculo central de la edici\u00f3n 5to aniversario est\u00e1 dedicada a mujeres venezolanas que han irrumpido en la m\u00fasica durante ese siglo 21.<\/p>\n<p>La ocasi\u00f3n ser\u00e1 triplemente especial ya que La Vida Boh\u00e8me estar\u00e1 celebrando el Grammy Latino por Mejor \u00c1lbum de Rock 2013 tocando al completo el disco premiado, <i>Ser\u00e1.<\/i><\/p>\n<p>A lo largo de 5 a\u00f1os Ladosis ha presentado a 80 bandas y artistas de todo tipo, apoyando y difundiendo el amplio y rico espectro musical del pa\u00eds.<\/p>\n<p>Horarios: 3 y 6 p.m.<br \/>Teatro de Chacao.<br \/>Domingo 15 de diciembre<br \/>Precio de cada funci\u00f3n: 500 Bs. + I.V.A.<\/p>\n<p>Entradas a la venta en taquillas de Teatro y por <a href=\"http:\/\/www.ticketmundo.com\/\">www.ticketmundo.com<\/p>\n<p><\/a>El costo de las revistas es de Bs. 30<\/p>\n<p>Sobre los invitados:<b><\/p>\n<p>Los Hermanos Naturales<\/b><\/p>\n<p>El tr\u00edo conformado por Andr\u00e9s Barrios (clarinete, voz), Daniel Pacheco (guitarra, voz) y Armando Lovera (percusi\u00f3n, voz) lleva varios a\u00f1os deleitando a p\u00fablico de todas las edades y gustos musicales con una propuesta desbordante de fino humor y una mezcla de diversos ritmos latinoamericanos (cumbia, merengue caraque\u00f1o, joropo, bolero, choro\u0085) as\u00ed como swing, ragtime y polka. Sus dos discos, Traspatio y Sin aditivos qu\u00edmicos, son la perfecta muestra de imaginaci\u00f3n, frescura y honestidad. Hace 5 a\u00f1os inauguraron los conciertos de Ladosis.<b><\/p>\n<p>La Vida Boh\u00e8me<\/b><\/p>\n<p>Uno de los m\u00e1s afortunados fen\u00f3menos del rock y la m\u00fasica pop venezolana es el cuarteto conformado por Henry D\u00b4Arthenay, Daniel De Sousa, Rafael P\u00e9rez Medina y Sebasti\u00e1n Ayala. En 2008 ganan el Festival Nuevas Bandas y comienza su imparable crecimiento que alcanza su primer cenit con la publicaci\u00f3n de su disco debut, Nuestra (2010) y un per\u00edodo de coloridos y contundentes conciertos, movilizando cada vez m\u00e1s gente a trav\u00e9s de un inteligente manejo de las redes sociales. El segundo disco, Ser\u00e1, fue lanzado este a\u00f1o y representa una notable evoluci\u00f3n en todos los aspectos, lo que ha sido reconocido con el Grammy Latino como Mejor \u00c1lbum de Rock. Con nuevas influencias gracias a su relaci\u00f3n con el proyecto Rock and MAU, La Vida Boh\u00e8me luce ahora una imagen de banda madura y con mucho por hacer.<b><\/p>\n<p>Sobre LADOSIS<\/b><\/p>\n<p>A lo largo de 5 a\u00f1os y 30 ediciones hemos dado cobertura a lo m\u00e1s relevante de lo ocurrido con la m\u00fasica en Venezuela, as\u00ed como a muchos de los m\u00fasicos venezolanos que se encuentran fuera de nuestras fronteras. Eso, sin olvidar el panorama internacional que consideramos pertinente destacar. Las p\u00e1ginas de Ladosis han cobijado a propuestas de todo tipo (rock en muchas de sus vertientes, jazz, hip hop, electr\u00f3nica, m\u00fasica tradicional urbana, fusi\u00f3n, pop&#8230;), tanto de artistas emergentes como consagrados. Hemos rese\u00f1ado centenas de conciertos y festivales, grandes y peque\u00f1os, de artistas nacionales e internacionales, de los que casi ning\u00fan otro medio se ocupa. As\u00ed mismo, hemos presentado en nuestros conciertos a 80 agrupaciones y artistas que cubren un amplio abanico de estilos y que documentan el excelente momento musical que vivimos en el pa\u00eds.<![endif]--><!--[if gte mso 10]> <\/style>\n\n <![endif]--><\/p>\n","protected":false},"excerpt":{"rendered":"<p>La revista musical LaDosis celebra su quinto aniversario el lanzamiento de la edici\u00f3n #30, con la presentaci\u00f3n en doble funci\u00f3n de Los Hermanos Naturales y La Vida Boh\u00e8me.&nbsp; La portada y art\u00edculo central de la edici\u00f3n 5to aniversario est\u00e1 dedicada a mujeres venezolanas que han irrumpido en la m\u00fasica durante ese siglo 21. La ocasi\u00f3n [&hellip;]<\/p>\n","protected":false},"author":4,"featured_media":100008259,"comment_status":"open","ping_status":"open","sticky":false,"template":"","format":"standard","meta":{"_jetpack_memberships_contains_paid_content":false,"footnotes":""},"categories":[142],"tags":[],"class_list":["post-8259","post","type-post","status-publish","format-standard","has-post-thumbnail","hentry","category-buzznews"],"jetpack_featured_media_url":"https:\/\/www.oidossucios.com\/site\/wp-content\/uploads\/2013\/12\/8259.jpg","yoast_head":"<!-- This site is optimized with the Yoast SEO plugin v14.0.4 - https:\/\/yoast.com\/wordpress\/plugins\/seo\/ -->\n<title>Concierto quinto aniversario de LaDosis - OidosSucios.Com<\/title>\n<meta name=\"robots\" content=\"index, follow\" \/>\n<meta name=\"googlebot\" content=\"index, follow, max-snippet:-1, max-image-preview:large, max-video-preview:-1\" \/>\n<meta name=\"bingbot\" content=\"index, follow, max-snippet:-1, max-image-preview:large, max-video-preview:-1\" \/>\n<link rel=\"canonical\" href=\"https:\/\/www.oidossucios.com\/site\/concierto-quinto-aniversario-de-ladosis\/\" \/>\n<meta property=\"og:locale\" content=\"es_ES\" \/>\n<meta property=\"og:type\" content=\"article\" \/>\n<meta property=\"og:title\" content=\"Concierto quinto aniversario de LaDosis - OidosSucios.Com\" \/>\n<meta property=\"og:description\" content=\"La revista musical LaDosis celebra su quinto aniversario el lanzamiento de la edici\u00f3n #30, con la presentaci\u00f3n en doble funci\u00f3n de Los Hermanos Naturales y La Vida Boh\u00e8me.&nbsp; La portada y art\u00edculo central de la edici\u00f3n 5to aniversario est\u00e1 dedicada a mujeres venezolanas que han irrumpido en la m\u00fasica durante ese siglo 21. La ocasi\u00f3n [&hellip;]\" \/>\n<meta property=\"og:url\" content=\"https:\/\/www.oidossucios.com\/site\/concierto-quinto-aniversario-de-ladosis\/\" \/>\n<meta property=\"og:site_name\" content=\"OidosSucios.Com\" \/>\n<meta property=\"article:published_time\" content=\"2013-12-04T04:00:00+00:00\" \/>\n<meta property=\"og:image\" content=\"https:\/\/www.oidossucios.com\/site\/wp-content\/uploads\/2013\/12\/8259.jpg\" \/>\n\t<meta property=\"og:image:width\" content=\"350\" \/>\n\t<meta property=\"og:image:height\" content=\"300\" \/>\n<meta name=\"twitter:card\" content=\"summary_large_image\" \/>\n<meta name=\"twitter:creator\" content=\"@oidossucios\" \/>\n<script type=\"application\/ld+json\" class=\"yoast-schema-graph\">{\"@context\":\"https:\/\/schema.org\",\"@graph\":[{\"@type\":\"WebSite\",\"@id\":\"https:\/\/www.oidossucios.com\/site\/#website\",\"url\":\"https:\/\/www.oidossucios.com\/site\/\",\"name\":\"OidosSucios.Com\",\"description\":\"M\\u00fasica, conciertos, discos\",\"potentialAction\":[{\"@type\":\"SearchAction\",\"target\":\"https:\/\/www.oidossucios.com\/site\/?s={search_term_string}\",\"query-input\":\"required name=search_term_string\"}],\"inLanguage\":\"es\"},{\"@type\":\"ImageObject\",\"@id\":\"https:\/\/www.oidossucios.com\/site\/concierto-quinto-aniversario-de-ladosis\/#primaryimage\",\"inLanguage\":\"es\",\"url\":\"https:\/\/www.oidossucios.com\/site\/wp-content\/uploads\/2013\/12\/8259.jpg\",\"width\":350,\"height\":300},{\"@type\":\"WebPage\",\"@id\":\"https:\/\/www.oidossucios.com\/site\/concierto-quinto-aniversario-de-ladosis\/#webpage\",\"url\":\"https:\/\/www.oidossucios.com\/site\/concierto-quinto-aniversario-de-ladosis\/\",\"name\":\"Concierto quinto aniversario de LaDosis - OidosSucios.Com\",\"isPartOf\":{\"@id\":\"https:\/\/www.oidossucios.com\/site\/#website\"},\"primaryImageOfPage\":{\"@id\":\"https:\/\/www.oidossucios.com\/site\/concierto-quinto-aniversario-de-ladosis\/#primaryimage\"},\"datePublished\":\"2013-12-04T04:00:00+00:00\",\"dateModified\":\"2013-12-04T04:00:00+00:00\",\"author\":{\"@id\":\"https:\/\/www.oidossucios.com\/site\/#\/schema\/person\/24559eeb76bf83a63296fb072393a688\"},\"inLanguage\":\"es\",\"potentialAction\":[{\"@type\":\"ReadAction\",\"target\":[\"https:\/\/www.oidossucios.com\/site\/concierto-quinto-aniversario-de-ladosis\/\"]}]},{\"@type\":[\"Person\"],\"@id\":\"https:\/\/www.oidossucios.com\/site\/#\/schema\/person\/24559eeb76bf83a63296fb072393a688\",\"name\":\"Oidossucios\",\"image\":{\"@type\":\"ImageObject\",\"@id\":\"https:\/\/www.oidossucios.com\/site\/#personlogo\",\"inLanguage\":\"es\",\"url\":\"https:\/\/secure.gravatar.com\/avatar\/74fcb480f42f1a33e50a0b6e6369a3f907be2e43dc84fa5f76c66e9c22b4a5ab?s=96&d=mm&r=g\",\"caption\":\"Oidossucios\"},\"sameAs\":[\"https:\/\/twitter.com\/oidossucios\"]}]}<\/script>\n<!-- \/ Yoast SEO plugin. -->","jetpack_sharing_enabled":true,"_links":{"self":[{"href":"https:\/\/www.oidossucios.com\/site\/wp-json\/wp\/v2\/posts\/8259","targetHints":{"allow":["GET"]}}],"collection":[{"href":"https:\/\/www.oidossucios.com\/site\/wp-json\/wp\/v2\/posts"}],"about":[{"href":"https:\/\/www.oidossucios.com\/site\/wp-json\/wp\/v2\/types\/post"}],"author":[{"embeddable":true,"href":"https:\/\/www.oidossucios.com\/site\/wp-json\/wp\/v2\/users\/4"}],"replies":[{"embeddable":true,"href":"https:\/\/www.oidossucios.com\/site\/wp-json\/wp\/v2\/comments?post=8259"}],"version-history":[{"count":0,"href":"https:\/\/www.oidossucios.com\/site\/wp-json\/wp\/v2\/posts\/8259\/revisions"}],"wp:featuredmedia":[{"embeddable":true,"href":"https:\/\/www.oidossucios.com\/site\/wp-json\/wp\/v2\/media\/100008259"}],"wp:attachment":[{"href":"https:\/\/www.oidossucios.com\/site\/wp-json\/wp\/v2\/media?parent=8259"}],"wp:term":[{"taxonomy":"category","embeddable":true,"href":"https:\/\/www.oidossucios.com\/site\/wp-json\/wp\/v2\/categories?post=8259"},{"taxonomy":"post_tag","embeddable":true,"href":"https:\/\/www.oidossucios.com\/site\/wp-json\/wp\/v2\/tags?post=8259"}],"curies":[{"name":"wp","href":"https:\/\/api.w.org\/{rel}","templated":true}]}}