{"id":8288,"date":"2013-12-11T06:01:00","date_gmt":"2013-12-11T06:01:00","guid":{"rendered":"https:\/\/www.oidossucios.com\/site\/2013\/12\/11\/video-foo-fighters-vuelve-a-los-escenarios-en-un-concierto-intimo-y-privado\/"},"modified":"2013-12-11T06:01:00","modified_gmt":"2013-12-11T06:01:00","slug":"video-foo-fighters-vuelve-a-los-escenarios-en-un-concierto-intimo-y-privado","status":"publish","type":"post","link":"https:\/\/www.oidossucios.com\/site\/video-foo-fighters-vuelve-a-los-escenarios-en-un-concierto-intimo-y-privado\/","title":{"rendered":"Video: Foo Fighters vuelve a los escenarios en un concierto \u00edntimo y privado"},"content":{"rendered":"<p>Previo a los conciertos que Foo Fighters ofrecer\u00e1 en la Ciudad de M\u00e9xico (11 y 13 de diciembre en el Foro Sol), la banda regres\u00f3 a los escenarios tras un descanso de meses con un show de dos horas y media en una peque\u00f1a pizzer\u00eda llamada, Red Balls Rock &amp; Roll Pizza en Moorpark, California.<\/p>\n<p>Ac\u00e1 un par de videos con lo ocurrido:<\/p>\n<p><iframe loading=\"lazy\" width=\"560\" height=\"315\" frameborder=\"0\" allowfullscreen=\"\" src=\"http:\/\/www.youtube.com\/embed\/dGEVlIa-lw8?rel=0\"><\/iframe><\/p>\n<p><iframe loading=\"lazy\" width=\"560\" height=\"315\" frameborder=\"0\" allowfullscreen=\"\" src=\"http:\/\/www.youtube.com\/embed\/ZvJQAOm9yOE?rel=0\"><\/iframe><\/p>\n<p><![endif]--><!--[if gte mso 10]> <\/style>\n\n <![endif]--><\/p>\n","protected":false},"excerpt":{"rendered":"<p>Previo a los conciertos que Foo Fighters ofrecer\u00e1 en la Ciudad de M\u00e9xico (11 y 13 de diciembre en el Foro Sol), la banda regres\u00f3 a los escenarios tras un descanso de meses con un show de dos horas y media en una peque\u00f1a pizzer\u00eda llamada, Red Balls Rock &amp; Roll Pizza en Moorpark, California. [&hellip;]<\/p>\n","protected":false},"author":4,"featured_media":100008288,"comment_status":"open","ping_status":"open","sticky":false,"template":"","format":"standard","meta":{"_jetpack_memberships_contains_paid_content":false,"footnotes":""},"categories":[142],"tags":[],"class_list":["post-8288","post","type-post","status-publish","format-standard","has-post-thumbnail","hentry","category-buzznews"],"jetpack_featured_media_url":"https:\/\/www.oidossucios.com\/site\/wp-content\/uploads\/2013\/12\/8288.jpg","yoast_head":"<!-- This site is optimized with the Yoast SEO plugin v14.0.4 - https:\/\/yoast.com\/wordpress\/plugins\/seo\/ -->\n<title>Video: Foo Fighters vuelve a los escenarios en un concierto \u00edntimo y privado - OidosSucios.Com<\/title>\n<meta name=\"robots\" content=\"index, follow\" \/>\n<meta name=\"googlebot\" content=\"index, follow, max-snippet:-1, max-image-preview:large, max-video-preview:-1\" \/>\n<meta name=\"bingbot\" content=\"index, follow, max-snippet:-1, max-image-preview:large, max-video-preview:-1\" \/>\n<link rel=\"canonical\" href=\"https:\/\/www.oidossucios.com\/site\/video-foo-fighters-vuelve-a-los-escenarios-en-un-concierto-intimo-y-privado\/\" \/>\n<meta property=\"og:locale\" content=\"es_ES\" \/>\n<meta property=\"og:type\" content=\"article\" \/>\n<meta property=\"og:title\" content=\"Video: Foo Fighters vuelve a los escenarios en un concierto \u00edntimo y privado - OidosSucios.Com\" \/>\n<meta property=\"og:description\" content=\"Previo a los conciertos que Foo Fighters ofrecer\u00e1 en la Ciudad de M\u00e9xico (11 y 13 de diciembre en el Foro Sol), la banda regres\u00f3 a los escenarios tras un descanso de meses con un show de dos horas y media en una peque\u00f1a pizzer\u00eda llamada, Red Balls Rock &amp; Roll Pizza en Moorpark, California. [&hellip;]\" \/>\n<meta property=\"og:url\" content=\"https:\/\/www.oidossucios.com\/site\/video-foo-fighters-vuelve-a-los-escenarios-en-un-concierto-intimo-y-privado\/\" \/>\n<meta property=\"og:site_name\" content=\"OidosSucios.Com\" \/>\n<meta property=\"article:published_time\" content=\"2013-12-11T06:01:00+00:00\" \/>\n<meta property=\"og:image\" content=\"https:\/\/www.oidossucios.com\/site\/wp-content\/uploads\/2013\/12\/8288.jpg\" \/>\n\t<meta property=\"og:image:width\" content=\"350\" \/>\n\t<meta property=\"og:image:height\" content=\"300\" \/>\n<meta name=\"twitter:card\" content=\"summary_large_image\" \/>\n<meta name=\"twitter:creator\" content=\"@oidossucios\" \/>\n<script type=\"application\/ld+json\" class=\"yoast-schema-graph\">{\"@context\":\"https:\/\/schema.org\",\"@graph\":[{\"@type\":\"WebSite\",\"@id\":\"https:\/\/www.oidossucios.com\/site\/#website\",\"url\":\"https:\/\/www.oidossucios.com\/site\/\",\"name\":\"OidosSucios.Com\",\"description\":\"M\\u00fasica, conciertos, discos\",\"potentialAction\":[{\"@type\":\"SearchAction\",\"target\":\"https:\/\/www.oidossucios.com\/site\/?s={search_term_string}\",\"query-input\":\"required name=search_term_string\"}],\"inLanguage\":\"es\"},{\"@type\":\"ImageObject\",\"@id\":\"https:\/\/www.oidossucios.com\/site\/video-foo-fighters-vuelve-a-los-escenarios-en-un-concierto-intimo-y-privado\/#primaryimage\",\"inLanguage\":\"es\",\"url\":\"https:\/\/www.oidossucios.com\/site\/wp-content\/uploads\/2013\/12\/8288.jpg\",\"width\":350,\"height\":300},{\"@type\":\"WebPage\",\"@id\":\"https:\/\/www.oidossucios.com\/site\/video-foo-fighters-vuelve-a-los-escenarios-en-un-concierto-intimo-y-privado\/#webpage\",\"url\":\"https:\/\/www.oidossucios.com\/site\/video-foo-fighters-vuelve-a-los-escenarios-en-un-concierto-intimo-y-privado\/\",\"name\":\"Video: Foo Fighters vuelve a los escenarios en un concierto \\u00edntimo y privado - OidosSucios.Com\",\"isPartOf\":{\"@id\":\"https:\/\/www.oidossucios.com\/site\/#website\"},\"primaryImageOfPage\":{\"@id\":\"https:\/\/www.oidossucios.com\/site\/video-foo-fighters-vuelve-a-los-escenarios-en-un-concierto-intimo-y-privado\/#primaryimage\"},\"datePublished\":\"2013-12-11T06:01:00+00:00\",\"dateModified\":\"2013-12-11T06:01:00+00:00\",\"author\":{\"@id\":\"https:\/\/www.oidossucios.com\/site\/#\/schema\/person\/24559eeb76bf83a63296fb072393a688\"},\"inLanguage\":\"es\",\"potentialAction\":[{\"@type\":\"ReadAction\",\"target\":[\"https:\/\/www.oidossucios.com\/site\/video-foo-fighters-vuelve-a-los-escenarios-en-un-concierto-intimo-y-privado\/\"]}]},{\"@type\":[\"Person\"],\"@id\":\"https:\/\/www.oidossucios.com\/site\/#\/schema\/person\/24559eeb76bf83a63296fb072393a688\",\"name\":\"Oidossucios\",\"image\":{\"@type\":\"ImageObject\",\"@id\":\"https:\/\/www.oidossucios.com\/site\/#personlogo\",\"inLanguage\":\"es\",\"url\":\"https:\/\/secure.gravatar.com\/avatar\/74fcb480f42f1a33e50a0b6e6369a3f907be2e43dc84fa5f76c66e9c22b4a5ab?s=96&d=mm&r=g\",\"caption\":\"Oidossucios\"},\"sameAs\":[\"https:\/\/twitter.com\/oidossucios\"]}]}<\/script>\n<!-- \/ Yoast SEO plugin. -->","jetpack_sharing_enabled":true,"_links":{"self":[{"href":"https:\/\/www.oidossucios.com\/site\/wp-json\/wp\/v2\/posts\/8288","targetHints":{"allow":["GET"]}}],"collection":[{"href":"https:\/\/www.oidossucios.com\/site\/wp-json\/wp\/v2\/posts"}],"about":[{"href":"https:\/\/www.oidossucios.com\/site\/wp-json\/wp\/v2\/types\/post"}],"author":[{"embeddable":true,"href":"https:\/\/www.oidossucios.com\/site\/wp-json\/wp\/v2\/users\/4"}],"replies":[{"embeddable":true,"href":"https:\/\/www.oidossucios.com\/site\/wp-json\/wp\/v2\/comments?post=8288"}],"version-history":[{"count":0,"href":"https:\/\/www.oidossucios.com\/site\/wp-json\/wp\/v2\/posts\/8288\/revisions"}],"wp:featuredmedia":[{"embeddable":true,"href":"https:\/\/www.oidossucios.com\/site\/wp-json\/wp\/v2\/media\/100008288"}],"wp:attachment":[{"href":"https:\/\/www.oidossucios.com\/site\/wp-json\/wp\/v2\/media?parent=8288"}],"wp:term":[{"taxonomy":"category","embeddable":true,"href":"https:\/\/www.oidossucios.com\/site\/wp-json\/wp\/v2\/categories?post=8288"},{"taxonomy":"post_tag","embeddable":true,"href":"https:\/\/www.oidossucios.com\/site\/wp-json\/wp\/v2\/tags?post=8288"}],"curies":[{"name":"wp","href":"https:\/\/api.w.org\/{rel}","templated":true}]}}