{"id":8289,"date":"2013-12-11T06:06:00","date_gmt":"2013-12-11T06:06:00","guid":{"rendered":"https:\/\/www.oidossucios.com\/site\/2013\/12\/11\/los-pixel-en-el-bano-pub-bar-de-valencia-este-20-de-diciembre\/"},"modified":"2013-12-11T06:06:00","modified_gmt":"2013-12-11T06:06:00","slug":"los-pixel-en-el-bano-pub-bar-de-valencia-este-20-de-diciembre","status":"publish","type":"post","link":"https:\/\/www.oidossucios.com\/site\/los-pixel-en-el-bano-pub-bar-de-valencia-este-20-de-diciembre\/","title":{"rendered":"Los Pixel en el Ba\u00f1o Pub Bar de Valencia este 20 de diciembre"},"content":{"rendered":"<p>Luego de m\u00e1s de 10 a\u00f1os de trayectoria y cuatro discos en estudio la banda liderada por el m\u00fasico Pablo Dagnino edita su quinta producci\u00f3n discogr\u00e1fica: &#8220;Los Pixel en Vivo&#8221; un disco grabado totalmente en directo que recopila los mejores temas de su carrera musical, y que como parte del inicio de una gira nacional se estar\u00e1n presentando el pr\u00f3ximo 20 de diciembre en las instalaciones del nuevo recinto para la m\u00fasica nacional en Valencia El Ba\u00f1o Pub Bar,&nbsp; ubicado en la calle 139\u00aa del Vi\u00f1edo.<\/p>\n<p>A pocos d\u00edas de la presentaci\u00f3n oficial de este trabajo musical en el Hard Rock Caf\u00e9 de Caracas, el cuarteto se prepara para visitar a su fanaticada de valencia despu\u00e9s de un breve periodo de no hacer shows en la ciudad carabobe\u00f1a.<\/p>\n<p>Los &#8220;Pixel En Vivo&#8221;, ser\u00e1 lanzado al mercado de la mano de Amnist\u00eda Internacional, como influencia positiva para los seguidores de la agrupaci\u00f3n y mel\u00f3manos venezolanos por la defensa de los derechos humanos. Todo lo recaudado con la venta de estos discos, ser\u00e1 usado por la Fundaci\u00f3n para promover estos derechos.<\/p>\n<p>La entrada a esta magn\u00edfica noche tendr\u00e1 un costo de Bs.150 p\/p y se podr\u00e1 adquirir en las instalaciones del Bar o por reservaciones directas a los n\u00fameros 0424 8947779 y 0414 4258203.<\/p>\n<p>M\u00e1s informaci\u00f3n:<a href=\"http:\/\/www.lospixel.com\/\"><\/p>\n<p>www.lospixel.com<\/a><![endif]--><!--[if gte mso 10]> <\/style>\n\n <![endif]--><\/p>\n","protected":false},"excerpt":{"rendered":"<p>Luego de m\u00e1s de 10 a\u00f1os de trayectoria y cuatro discos en estudio la banda liderada por el m\u00fasico Pablo Dagnino edita su quinta producci\u00f3n discogr\u00e1fica: &#8220;Los Pixel en Vivo&#8221; un disco grabado totalmente en directo que recopila los mejores temas de su carrera musical, y que como parte del inicio de una gira nacional [&hellip;]<\/p>\n","protected":false},"author":4,"featured_media":100008289,"comment_status":"open","ping_status":"open","sticky":false,"template":"","format":"standard","meta":{"_jetpack_memberships_contains_paid_content":false,"footnotes":""},"categories":[142],"tags":[],"class_list":["post-8289","post","type-post","status-publish","format-standard","has-post-thumbnail","hentry","category-buzznews"],"jetpack_featured_media_url":"https:\/\/www.oidossucios.com\/site\/wp-content\/uploads\/2013\/12\/8289.jpg","yoast_head":"<!-- This site is optimized with the Yoast SEO plugin v14.0.4 - https:\/\/yoast.com\/wordpress\/plugins\/seo\/ -->\n<title>Los Pixel en el Ba\u00f1o Pub Bar de Valencia este 20 de diciembre - OidosSucios.Com<\/title>\n<meta name=\"robots\" content=\"index, follow\" \/>\n<meta name=\"googlebot\" content=\"index, follow, max-snippet:-1, max-image-preview:large, max-video-preview:-1\" \/>\n<meta name=\"bingbot\" content=\"index, follow, max-snippet:-1, max-image-preview:large, max-video-preview:-1\" \/>\n<link rel=\"canonical\" href=\"https:\/\/www.oidossucios.com\/site\/los-pixel-en-el-bano-pub-bar-de-valencia-este-20-de-diciembre\/\" \/>\n<meta property=\"og:locale\" content=\"es_ES\" \/>\n<meta property=\"og:type\" content=\"article\" \/>\n<meta property=\"og:title\" content=\"Los Pixel en el Ba\u00f1o Pub Bar de Valencia este 20 de diciembre - OidosSucios.Com\" \/>\n<meta property=\"og:description\" content=\"Luego de m\u00e1s de 10 a\u00f1os de trayectoria y cuatro discos en estudio la banda liderada por el m\u00fasico Pablo Dagnino edita su quinta producci\u00f3n discogr\u00e1fica: &#8220;Los Pixel en Vivo&#8221; un disco grabado totalmente en directo que recopila los mejores temas de su carrera musical, y que como parte del inicio de una gira nacional [&hellip;]\" \/>\n<meta property=\"og:url\" content=\"https:\/\/www.oidossucios.com\/site\/los-pixel-en-el-bano-pub-bar-de-valencia-este-20-de-diciembre\/\" \/>\n<meta property=\"og:site_name\" content=\"OidosSucios.Com\" \/>\n<meta property=\"article:published_time\" content=\"2013-12-11T06:06:00+00:00\" \/>\n<meta property=\"og:image\" content=\"https:\/\/www.oidossucios.com\/site\/wp-content\/uploads\/2013\/12\/8289.jpg\" \/>\n\t<meta property=\"og:image:width\" content=\"350\" \/>\n\t<meta property=\"og:image:height\" content=\"300\" \/>\n<meta name=\"twitter:card\" content=\"summary_large_image\" \/>\n<meta name=\"twitter:creator\" content=\"@oidossucios\" \/>\n<script type=\"application\/ld+json\" class=\"yoast-schema-graph\">{\"@context\":\"https:\/\/schema.org\",\"@graph\":[{\"@type\":\"WebSite\",\"@id\":\"https:\/\/www.oidossucios.com\/site\/#website\",\"url\":\"https:\/\/www.oidossucios.com\/site\/\",\"name\":\"OidosSucios.Com\",\"description\":\"M\\u00fasica, conciertos, discos\",\"potentialAction\":[{\"@type\":\"SearchAction\",\"target\":\"https:\/\/www.oidossucios.com\/site\/?s={search_term_string}\",\"query-input\":\"required name=search_term_string\"}],\"inLanguage\":\"es\"},{\"@type\":\"ImageObject\",\"@id\":\"https:\/\/www.oidossucios.com\/site\/los-pixel-en-el-bano-pub-bar-de-valencia-este-20-de-diciembre\/#primaryimage\",\"inLanguage\":\"es\",\"url\":\"https:\/\/www.oidossucios.com\/site\/wp-content\/uploads\/2013\/12\/8289.jpg\",\"width\":350,\"height\":300},{\"@type\":\"WebPage\",\"@id\":\"https:\/\/www.oidossucios.com\/site\/los-pixel-en-el-bano-pub-bar-de-valencia-este-20-de-diciembre\/#webpage\",\"url\":\"https:\/\/www.oidossucios.com\/site\/los-pixel-en-el-bano-pub-bar-de-valencia-este-20-de-diciembre\/\",\"name\":\"Los Pixel en el Ba\\u00f1o Pub Bar de Valencia este 20 de diciembre - OidosSucios.Com\",\"isPartOf\":{\"@id\":\"https:\/\/www.oidossucios.com\/site\/#website\"},\"primaryImageOfPage\":{\"@id\":\"https:\/\/www.oidossucios.com\/site\/los-pixel-en-el-bano-pub-bar-de-valencia-este-20-de-diciembre\/#primaryimage\"},\"datePublished\":\"2013-12-11T06:06:00+00:00\",\"dateModified\":\"2013-12-11T06:06:00+00:00\",\"author\":{\"@id\":\"https:\/\/www.oidossucios.com\/site\/#\/schema\/person\/24559eeb76bf83a63296fb072393a688\"},\"inLanguage\":\"es\",\"potentialAction\":[{\"@type\":\"ReadAction\",\"target\":[\"https:\/\/www.oidossucios.com\/site\/los-pixel-en-el-bano-pub-bar-de-valencia-este-20-de-diciembre\/\"]}]},{\"@type\":[\"Person\"],\"@id\":\"https:\/\/www.oidossucios.com\/site\/#\/schema\/person\/24559eeb76bf83a63296fb072393a688\",\"name\":\"Oidossucios\",\"image\":{\"@type\":\"ImageObject\",\"@id\":\"https:\/\/www.oidossucios.com\/site\/#personlogo\",\"inLanguage\":\"es\",\"url\":\"https:\/\/secure.gravatar.com\/avatar\/74fcb480f42f1a33e50a0b6e6369a3f907be2e43dc84fa5f76c66e9c22b4a5ab?s=96&d=mm&r=g\",\"caption\":\"Oidossucios\"},\"sameAs\":[\"https:\/\/twitter.com\/oidossucios\"]}]}<\/script>\n<!-- \/ Yoast SEO plugin. -->","jetpack_sharing_enabled":true,"_links":{"self":[{"href":"https:\/\/www.oidossucios.com\/site\/wp-json\/wp\/v2\/posts\/8289","targetHints":{"allow":["GET"]}}],"collection":[{"href":"https:\/\/www.oidossucios.com\/site\/wp-json\/wp\/v2\/posts"}],"about":[{"href":"https:\/\/www.oidossucios.com\/site\/wp-json\/wp\/v2\/types\/post"}],"author":[{"embeddable":true,"href":"https:\/\/www.oidossucios.com\/site\/wp-json\/wp\/v2\/users\/4"}],"replies":[{"embeddable":true,"href":"https:\/\/www.oidossucios.com\/site\/wp-json\/wp\/v2\/comments?post=8289"}],"version-history":[{"count":0,"href":"https:\/\/www.oidossucios.com\/site\/wp-json\/wp\/v2\/posts\/8289\/revisions"}],"wp:featuredmedia":[{"embeddable":true,"href":"https:\/\/www.oidossucios.com\/site\/wp-json\/wp\/v2\/media\/100008289"}],"wp:attachment":[{"href":"https:\/\/www.oidossucios.com\/site\/wp-json\/wp\/v2\/media?parent=8289"}],"wp:term":[{"taxonomy":"category","embeddable":true,"href":"https:\/\/www.oidossucios.com\/site\/wp-json\/wp\/v2\/categories?post=8289"},{"taxonomy":"post_tag","embeddable":true,"href":"https:\/\/www.oidossucios.com\/site\/wp-json\/wp\/v2\/tags?post=8289"}],"curies":[{"name":"wp","href":"https:\/\/api.w.org\/{rel}","templated":true}]}}