{"id":8292,"date":"2013-12-11T06:19:00","date_gmt":"2013-12-11T06:19:00","guid":{"rendered":"https:\/\/www.oidossucios.com\/site\/2013\/12\/11\/los-inquilinos-cierran-el-ano-en-la-quinta-bar\/"},"modified":"2013-12-11T06:19:00","modified_gmt":"2013-12-11T06:19:00","slug":"los-inquilinos-cierran-el-ano-en-la-quinta-bar","status":"publish","type":"post","link":"https:\/\/www.oidossucios.com\/site\/los-inquilinos-cierran-el-ano-en-la-quinta-bar\/","title":{"rendered":"Los Inquilinos cierran el a\u00f1o en La Quinta Bar"},"content":{"rendered":"<p>Despu\u00e9s de un a\u00f1o llevando su primer EP a los locales m\u00e1s importantes de Caracas y de otros rincones de Venezuela, la agrupaci\u00f3n caraque\u00f1a Los Inquilinos se despide de este 2013 cerrando su gira &#8220;La 37&#8221;, el pr\u00f3ximo 18 de diciembre en La Quinta Bar.<\/p>\n<p>Andr\u00e9s Arciniega (Voz-Guitarra), Bruno De Antonio (Guitarra-Coros), Mario Losada (Bajo-Coros) y Arturo Ochoa (Bater\u00eda-Coros), se preparan para llenar el local de rock and roll, acompa\u00f1ados por la banda Susan.<\/p>\n<p>Los Inquilinos, que tambi\u00e9n representaron al pa\u00eds en otras latitudes como Panam\u00e1, Miami, Los Angeles y Nueva York, dicen adi\u00f3s antes de internarse en el estudio con Diego M\u00e1rquez y Pablo Dagnino a producir su nuevo disco <i>La Raz\u00f3n<\/i>.<\/p>\n<p>La invitaci\u00f3n es para el pr\u00f3ximo mi\u00e9rcoles 18 de diciembre, en La Quinta Bar, ubicada en la calle Mucuchies con calle Madrid, Las Mercedes. Mientras escuchan &#8220;La Raz\u00f3n&#8221;, pueden obtener mayor informaci\u00f3n sigui\u00e9ndolos en @Los_Inquilinos, o visitar <a href=\"http:\/\/www.losinquilinos.com.ve\/\">www.losinquilinos.com.ve<\/a>.<![endif]--><!--[if gte mso 10]> <\/style>\n\n <![endif]--><\/p>\n","protected":false},"excerpt":{"rendered":"<p>Despu\u00e9s de un a\u00f1o llevando su primer EP a los locales m\u00e1s importantes de Caracas y de otros rincones de Venezuela, la agrupaci\u00f3n caraque\u00f1a Los Inquilinos se despide de este 2013 cerrando su gira &#8220;La 37&#8221;, el pr\u00f3ximo 18 de diciembre en La Quinta Bar. Andr\u00e9s Arciniega (Voz-Guitarra), Bruno De Antonio (Guitarra-Coros), Mario Losada (Bajo-Coros) [&hellip;]<\/p>\n","protected":false},"author":4,"featured_media":0,"comment_status":"open","ping_status":"open","sticky":false,"template":"","format":"standard","meta":{"_jetpack_memberships_contains_paid_content":false,"footnotes":""},"categories":[142],"tags":[],"class_list":["post-8292","post","type-post","status-publish","format-standard","hentry","category-buzznews"],"jetpack_featured_media_url":"","yoast_head":"<!-- This site is optimized with the Yoast SEO plugin v14.0.4 - https:\/\/yoast.com\/wordpress\/plugins\/seo\/ -->\n<title>Los Inquilinos cierran el a\u00f1o en La Quinta Bar - OidosSucios.Com<\/title>\n<meta name=\"robots\" content=\"index, follow\" \/>\n<meta name=\"googlebot\" content=\"index, follow, max-snippet:-1, max-image-preview:large, max-video-preview:-1\" \/>\n<meta name=\"bingbot\" content=\"index, follow, max-snippet:-1, max-image-preview:large, max-video-preview:-1\" \/>\n<link rel=\"canonical\" href=\"https:\/\/www.oidossucios.com\/site\/los-inquilinos-cierran-el-ano-en-la-quinta-bar\/\" \/>\n<meta property=\"og:locale\" content=\"es_ES\" \/>\n<meta property=\"og:type\" content=\"article\" \/>\n<meta property=\"og:title\" content=\"Los Inquilinos cierran el a\u00f1o en La Quinta Bar - OidosSucios.Com\" \/>\n<meta property=\"og:description\" content=\"Despu\u00e9s de un a\u00f1o llevando su primer EP a los locales m\u00e1s importantes de Caracas y de otros rincones de Venezuela, la agrupaci\u00f3n caraque\u00f1a Los Inquilinos se despide de este 2013 cerrando su gira &#8220;La 37&#8221;, el pr\u00f3ximo 18 de diciembre en La Quinta Bar. Andr\u00e9s Arciniega (Voz-Guitarra), Bruno De Antonio (Guitarra-Coros), Mario Losada (Bajo-Coros) [&hellip;]\" \/>\n<meta property=\"og:url\" content=\"https:\/\/www.oidossucios.com\/site\/los-inquilinos-cierran-el-ano-en-la-quinta-bar\/\" \/>\n<meta property=\"og:site_name\" content=\"OidosSucios.Com\" \/>\n<meta property=\"article:published_time\" content=\"2013-12-11T06:19:00+00:00\" \/>\n<meta name=\"twitter:card\" content=\"summary_large_image\" \/>\n<meta name=\"twitter:creator\" content=\"@oidossucios\" \/>\n<script type=\"application\/ld+json\" class=\"yoast-schema-graph\">{\"@context\":\"https:\/\/schema.org\",\"@graph\":[{\"@type\":\"WebSite\",\"@id\":\"https:\/\/www.oidossucios.com\/site\/#website\",\"url\":\"https:\/\/www.oidossucios.com\/site\/\",\"name\":\"OidosSucios.Com\",\"description\":\"M\\u00fasica, conciertos, discos\",\"potentialAction\":[{\"@type\":\"SearchAction\",\"target\":\"https:\/\/www.oidossucios.com\/site\/?s={search_term_string}\",\"query-input\":\"required name=search_term_string\"}],\"inLanguage\":\"es\"},{\"@type\":\"WebPage\",\"@id\":\"https:\/\/www.oidossucios.com\/site\/los-inquilinos-cierran-el-ano-en-la-quinta-bar\/#webpage\",\"url\":\"https:\/\/www.oidossucios.com\/site\/los-inquilinos-cierran-el-ano-en-la-quinta-bar\/\",\"name\":\"Los Inquilinos cierran el a\\u00f1o en La Quinta Bar - OidosSucios.Com\",\"isPartOf\":{\"@id\":\"https:\/\/www.oidossucios.com\/site\/#website\"},\"datePublished\":\"2013-12-11T06:19:00+00:00\",\"dateModified\":\"2013-12-11T06:19:00+00:00\",\"author\":{\"@id\":\"https:\/\/www.oidossucios.com\/site\/#\/schema\/person\/24559eeb76bf83a63296fb072393a688\"},\"inLanguage\":\"es\",\"potentialAction\":[{\"@type\":\"ReadAction\",\"target\":[\"https:\/\/www.oidossucios.com\/site\/los-inquilinos-cierran-el-ano-en-la-quinta-bar\/\"]}]},{\"@type\":[\"Person\"],\"@id\":\"https:\/\/www.oidossucios.com\/site\/#\/schema\/person\/24559eeb76bf83a63296fb072393a688\",\"name\":\"Oidossucios\",\"image\":{\"@type\":\"ImageObject\",\"@id\":\"https:\/\/www.oidossucios.com\/site\/#personlogo\",\"inLanguage\":\"es\",\"url\":\"https:\/\/secure.gravatar.com\/avatar\/74fcb480f42f1a33e50a0b6e6369a3f907be2e43dc84fa5f76c66e9c22b4a5ab?s=96&d=mm&r=g\",\"caption\":\"Oidossucios\"},\"sameAs\":[\"https:\/\/twitter.com\/oidossucios\"]}]}<\/script>\n<!-- \/ Yoast SEO plugin. -->","jetpack_sharing_enabled":true,"_links":{"self":[{"href":"https:\/\/www.oidossucios.com\/site\/wp-json\/wp\/v2\/posts\/8292","targetHints":{"allow":["GET"]}}],"collection":[{"href":"https:\/\/www.oidossucios.com\/site\/wp-json\/wp\/v2\/posts"}],"about":[{"href":"https:\/\/www.oidossucios.com\/site\/wp-json\/wp\/v2\/types\/post"}],"author":[{"embeddable":true,"href":"https:\/\/www.oidossucios.com\/site\/wp-json\/wp\/v2\/users\/4"}],"replies":[{"embeddable":true,"href":"https:\/\/www.oidossucios.com\/site\/wp-json\/wp\/v2\/comments?post=8292"}],"version-history":[{"count":0,"href":"https:\/\/www.oidossucios.com\/site\/wp-json\/wp\/v2\/posts\/8292\/revisions"}],"wp:attachment":[{"href":"https:\/\/www.oidossucios.com\/site\/wp-json\/wp\/v2\/media?parent=8292"}],"wp:term":[{"taxonomy":"category","embeddable":true,"href":"https:\/\/www.oidossucios.com\/site\/wp-json\/wp\/v2\/categories?post=8292"},{"taxonomy":"post_tag","embeddable":true,"href":"https:\/\/www.oidossucios.com\/site\/wp-json\/wp\/v2\/tags?post=8292"}],"curies":[{"name":"wp","href":"https:\/\/api.w.org\/{rel}","templated":true}]}}