{"id":830,"date":"2003-07-28T12:54:00","date_gmt":"2003-07-28T12:54:00","guid":{"rendered":"https:\/\/www.oidossucios.com\/site\/2003\/07\/28\/luz-verde-prepara-su-segundo-disco\/"},"modified":"2020-05-22T06:12:53","modified_gmt":"2020-05-22T10:12:53","slug":"luz-verde-prepara-su-segundo-disco","status":"publish","type":"post","link":"https:\/\/www.oidossucios.com\/site\/luz-verde-prepara-su-segundo-disco\/","title":{"rendered":"Luz Verde prepara su segundo disco"},"content":{"rendered":"<p>La banda caraque\u00f1a Luz Verde prepara la salida de su segundo disco, el cual no tiene nombre y est\u00e1 siendo masterizado en estos momentos en los estudios The Lodge de New York. El trabajo fue producido por Francisco D\u00edaz, tecladista de Desorden P\u00fablico.<\/p>\n<p>Luz Verde quem\u00f3 los \u00faltimos cartuchos de su primera placa &#8216;Cinema Cero&#8217; con la salida del \u00faltimo sencillo promocional &#8216;Manela&#8217;, cuyo video se encuentra rotando actualmente en la se\u00f1al de Puma TV. Aprovecharon tambi\u00e9n para renovar la imagen de su sitio web, www.luz-verde.com.<\/p>\n<p>La banda realizar\u00e1 adem\u00e1s, una gira durante el mes de agosto por varios locales caraque\u00f1os, cuyas fechas confirmadas son las siguientes:<\/p>\n<p><b>Jueves 31 de julio:<\/b> en La Belle Epoque, Bello Monte, entrada Bs. 3.000<br \/><b>Viernes 15 de agosto:<\/b> en el Auditorio de la Torre Corp Banca, en el marco del Ciclo Al <br \/>ritmo de la Ciudad, La Castellana.<br \/><b>Viernes 22 de agosto:<\/b> en Modus, Las Mercedes, entrada Bs. 4.000.<br \/><b>Jueves 28 de agosto:<\/b> en La Bronka, La Castellana, entrada Bs. 4.000.<br \/><b>Domingo 31 de agosto:<\/b> en Esperanto, Paseo Las Mercedes, entrada libre.<\/p>\n","protected":false},"excerpt":{"rendered":"<p>La banda caraque\u00f1a prepara la salida de su segundo disco con la edici\u00f3n en v\u00eddeo del \u00faltimo sencillo de Cinema Cero y una gira durante el mes de agosto.<\/p>\n","protected":false},"author":4,"featured_media":10000826,"comment_status":"open","ping_status":"open","sticky":false,"template":"","format":"standard","meta":{"_jetpack_memberships_contains_paid_content":false,"footnotes":""},"categories":[250],"tags":[303,649],"class_list":["post-830","post","type-post","status-publish","format-standard","has-post-thumbnail","hentry","category-noticias","tag-luz-verde","tag-puma-tv"],"jetpack_featured_media_url":"https:\/\/www.oidossucios.com\/site\/wp-content\/uploads\/2003\/07\/826.jpg","yoast_head":"<!-- This site is optimized with the Yoast SEO plugin v14.0.4 - https:\/\/yoast.com\/wordpress\/plugins\/seo\/ -->\n<title>Luz Verde prepara su segundo disco - OidosSucios.Com<\/title>\n<meta name=\"description\" content=\"La banda brit\u00e1nica anunci\u00f3 m\u00e1s presentaciones en su minigira latinoamericana, aunque siguen siendo M\u00e9xico y Brasil los \u00fanicos pa\u00edses beneficiados.\" \/>\n<meta name=\"robots\" content=\"index, follow\" \/>\n<meta name=\"googlebot\" content=\"index, follow, max-snippet:-1, max-image-preview:large, max-video-preview:-1\" \/>\n<meta name=\"bingbot\" content=\"index, follow, max-snippet:-1, max-image-preview:large, max-video-preview:-1\" \/>\n<link rel=\"canonical\" href=\"https:\/\/www.oidossucios.com\/site\/luz-verde-prepara-su-segundo-disco\/\" \/>\n<meta property=\"og:locale\" content=\"es_ES\" \/>\n<meta property=\"og:type\" content=\"article\" \/>\n<meta property=\"og:title\" content=\"Luz Verde prepara su segundo disco - OidosSucios.Com\" \/>\n<meta property=\"og:description\" content=\"La banda brit\u00e1nica anunci\u00f3 m\u00e1s presentaciones en su minigira latinoamericana, aunque siguen siendo M\u00e9xico y Brasil los \u00fanicos pa\u00edses beneficiados.\" \/>\n<meta property=\"og:url\" content=\"https:\/\/www.oidossucios.com\/site\/luz-verde-prepara-su-segundo-disco\/\" \/>\n<meta property=\"og:site_name\" content=\"OidosSucios.Com\" \/>\n<meta property=\"article:published_time\" content=\"2003-07-28T12:54:00+00:00\" \/>\n<meta property=\"article:modified_time\" content=\"2020-05-22T10:12:53+00:00\" \/>\n<meta property=\"og:image\" content=\"https:\/\/www.oidossucios.com\/site\/wp-content\/uploads\/2003\/07\/826.jpg\" \/>\n\t<meta property=\"og:image:width\" content=\"290\" \/>\n\t<meta property=\"og:image:height\" content=\"100\" \/>\n<meta name=\"twitter:card\" content=\"summary_large_image\" \/>\n<meta name=\"twitter:creator\" content=\"@oidossucios\" \/>\n<script type=\"application\/ld+json\" class=\"yoast-schema-graph\">{\"@context\":\"https:\/\/schema.org\",\"@graph\":[{\"@type\":\"WebSite\",\"@id\":\"https:\/\/www.oidossucios.com\/site\/#website\",\"url\":\"https:\/\/www.oidossucios.com\/site\/\",\"name\":\"OidosSucios.Com\",\"description\":\"M\\u00fasica, conciertos, discos\",\"potentialAction\":[{\"@type\":\"SearchAction\",\"target\":\"https:\/\/www.oidossucios.com\/site\/?s={search_term_string}\",\"query-input\":\"required name=search_term_string\"}],\"inLanguage\":\"es\"},{\"@type\":\"ImageObject\",\"@id\":\"https:\/\/www.oidossucios.com\/site\/luz-verde-prepara-su-segundo-disco\/#primaryimage\",\"inLanguage\":\"es\",\"url\":\"https:\/\/www.oidossucios.com\/site\/wp-content\/uploads\/2003\/07\/826.jpg\",\"width\":290,\"height\":100},{\"@type\":\"WebPage\",\"@id\":\"https:\/\/www.oidossucios.com\/site\/luz-verde-prepara-su-segundo-disco\/#webpage\",\"url\":\"https:\/\/www.oidossucios.com\/site\/luz-verde-prepara-su-segundo-disco\/\",\"name\":\"Luz Verde prepara su segundo disco - OidosSucios.Com\",\"isPartOf\":{\"@id\":\"https:\/\/www.oidossucios.com\/site\/#website\"},\"primaryImageOfPage\":{\"@id\":\"https:\/\/www.oidossucios.com\/site\/luz-verde-prepara-su-segundo-disco\/#primaryimage\"},\"datePublished\":\"2003-07-28T12:54:00+00:00\",\"dateModified\":\"2020-05-22T10:12:53+00:00\",\"author\":{\"@id\":\"https:\/\/www.oidossucios.com\/site\/#\/schema\/person\/24559eeb76bf83a63296fb072393a688\"},\"description\":\"La banda brit\\u00e1nica anunci\\u00f3 m\\u00e1s presentaciones en su minigira latinoamericana, aunque siguen siendo M\\u00e9xico y Brasil los \\u00fanicos pa\\u00edses beneficiados.\",\"inLanguage\":\"es\",\"potentialAction\":[{\"@type\":\"ReadAction\",\"target\":[\"https:\/\/www.oidossucios.com\/site\/luz-verde-prepara-su-segundo-disco\/\"]}]},{\"@type\":[\"Person\"],\"@id\":\"https:\/\/www.oidossucios.com\/site\/#\/schema\/person\/24559eeb76bf83a63296fb072393a688\",\"name\":\"Oidossucios\",\"image\":{\"@type\":\"ImageObject\",\"@id\":\"https:\/\/www.oidossucios.com\/site\/#personlogo\",\"inLanguage\":\"es\",\"url\":\"https:\/\/secure.gravatar.com\/avatar\/74fcb480f42f1a33e50a0b6e6369a3f907be2e43dc84fa5f76c66e9c22b4a5ab?s=96&d=mm&r=g\",\"caption\":\"Oidossucios\"},\"sameAs\":[\"https:\/\/twitter.com\/oidossucios\"]}]}<\/script>\n<!-- \/ Yoast SEO plugin. -->","jetpack_sharing_enabled":true,"_links":{"self":[{"href":"https:\/\/www.oidossucios.com\/site\/wp-json\/wp\/v2\/posts\/830","targetHints":{"allow":["GET"]}}],"collection":[{"href":"https:\/\/www.oidossucios.com\/site\/wp-json\/wp\/v2\/posts"}],"about":[{"href":"https:\/\/www.oidossucios.com\/site\/wp-json\/wp\/v2\/types\/post"}],"author":[{"embeddable":true,"href":"https:\/\/www.oidossucios.com\/site\/wp-json\/wp\/v2\/users\/4"}],"replies":[{"embeddable":true,"href":"https:\/\/www.oidossucios.com\/site\/wp-json\/wp\/v2\/comments?post=830"}],"version-history":[{"count":1,"href":"https:\/\/www.oidossucios.com\/site\/wp-json\/wp\/v2\/posts\/830\/revisions"}],"predecessor-version":[{"id":111116931,"href":"https:\/\/www.oidossucios.com\/site\/wp-json\/wp\/v2\/posts\/830\/revisions\/111116931"}],"wp:featuredmedia":[{"embeddable":true,"href":"https:\/\/www.oidossucios.com\/site\/wp-json\/wp\/v2\/media\/10000826"}],"wp:attachment":[{"href":"https:\/\/www.oidossucios.com\/site\/wp-json\/wp\/v2\/media?parent=830"}],"wp:term":[{"taxonomy":"category","embeddable":true,"href":"https:\/\/www.oidossucios.com\/site\/wp-json\/wp\/v2\/categories?post=830"},{"taxonomy":"post_tag","embeddable":true,"href":"https:\/\/www.oidossucios.com\/site\/wp-json\/wp\/v2\/tags?post=830"}],"curies":[{"name":"wp","href":"https:\/\/api.w.org\/{rel}","templated":true}]}}