{"id":8301,"date":"2013-12-13T04:01:00","date_gmt":"2013-12-13T04:01:00","guid":{"rendered":"https:\/\/www.oidossucios.com\/site\/2013\/12\/13\/los-mentas-despiden-el-2013-con-dos-presentaciones\/"},"modified":"2013-12-13T04:01:00","modified_gmt":"2013-12-13T04:01:00","slug":"los-mentas-despiden-el-2013-con-dos-presentaciones","status":"publish","type":"post","link":"https:\/\/www.oidossucios.com\/site\/los-mentas-despiden-el-2013-con-dos-presentaciones\/","title":{"rendered":"Los Mentas despiden el 2013 con dos presentaciones"},"content":{"rendered":"<p>Lleg\u00f3 diciembre y Los Mentas despiden el a\u00f1o en Caracas (Discovery Bar) el 20 de diciembre; tambi\u00e9n en Puerto La Cruz (El Duende Bar) el 21 de diciembre.<\/p>\n<p>La banda cerrar\u00e1 este a\u00f1o lleno de viajes, toques por todo el pa\u00eds y hasta un viajecito a Brasil.<\/p>\n<p>&#8220;Lo \u00fanico que le pedimos al Ni\u00f1o Jes\u00fas, Santa Claus o quien sea que de regalos este a\u00f1o, es que en ambas fechas nuestro fiel p\u00fablico se vaya bien comido, con ropa c\u00f3moda y zapatos de goma; que lleven los aguinaldos para que compren mercanc\u00eda de la banda y paguen el cover sin tener que darles vuelto&#8221;, declar\u00f3 su guitarrista El Droopy.<\/p>\n<p>Para descargar <i>Arriba Carajo, <\/i>el disco de grandes \u00e9xitos en vivo de Los Mentas, solo debes ingresar a <a href=\"http:\/\/www.losmentas.net\/\">www.losmentas.net<\/a>.<\/p>\n<p>M\u00e1s info:<a href=\"http:\/\/www.facebook.com\/LosMentasVzla\"><\/p>\n<p>www.facebook.com\/LosMentasVzla<\/a> <\/p>\n<p><a href=\"http:\/\/www.twitter.com\/LosMentas\">www.twitter.com\/LosMentas<\/a><\/p>\n<p><a href=\"http:\/\/www.instagram.com\/LosMentas\">www.instagram.com\/LosMentas<\/a><\/p>\n<p><![endif]--><!--[if gte mso 10]> <\/style>\n\n <![endif]--><\/p>\n","protected":false},"excerpt":{"rendered":"<p>Lleg\u00f3 diciembre y Los Mentas despiden el a\u00f1o en Caracas (Discovery Bar) el 20 de diciembre; tambi\u00e9n en Puerto La Cruz (El Duende Bar) el 21 de diciembre. La banda cerrar\u00e1 este a\u00f1o lleno de viajes, toques por todo el pa\u00eds y hasta un viajecito a Brasil. &#8220;Lo \u00fanico que le pedimos al Ni\u00f1o Jes\u00fas, [&hellip;]<\/p>\n","protected":false},"author":4,"featured_media":100008301,"comment_status":"open","ping_status":"open","sticky":false,"template":"","format":"standard","meta":{"_jetpack_memberships_contains_paid_content":false,"footnotes":""},"categories":[142],"tags":[],"class_list":["post-8301","post","type-post","status-publish","format-standard","has-post-thumbnail","hentry","category-buzznews"],"jetpack_featured_media_url":"https:\/\/www.oidossucios.com\/site\/wp-content\/uploads\/2013\/12\/8301.jpg","yoast_head":"<!-- This site is optimized with the Yoast SEO plugin v14.0.4 - https:\/\/yoast.com\/wordpress\/plugins\/seo\/ -->\n<title>Los Mentas despiden el 2013 con dos presentaciones - OidosSucios.Com<\/title>\n<meta name=\"robots\" content=\"index, follow\" \/>\n<meta name=\"googlebot\" content=\"index, follow, max-snippet:-1, max-image-preview:large, max-video-preview:-1\" \/>\n<meta name=\"bingbot\" content=\"index, follow, max-snippet:-1, max-image-preview:large, max-video-preview:-1\" \/>\n<link rel=\"canonical\" href=\"https:\/\/www.oidossucios.com\/site\/los-mentas-despiden-el-2013-con-dos-presentaciones\/\" \/>\n<meta property=\"og:locale\" content=\"es_ES\" \/>\n<meta property=\"og:type\" content=\"article\" \/>\n<meta property=\"og:title\" content=\"Los Mentas despiden el 2013 con dos presentaciones - OidosSucios.Com\" \/>\n<meta property=\"og:description\" content=\"Lleg\u00f3 diciembre y Los Mentas despiden el a\u00f1o en Caracas (Discovery Bar) el 20 de diciembre; tambi\u00e9n en Puerto La Cruz (El Duende Bar) el 21 de diciembre. La banda cerrar\u00e1 este a\u00f1o lleno de viajes, toques por todo el pa\u00eds y hasta un viajecito a Brasil. &#8220;Lo \u00fanico que le pedimos al Ni\u00f1o Jes\u00fas, [&hellip;]\" \/>\n<meta property=\"og:url\" content=\"https:\/\/www.oidossucios.com\/site\/los-mentas-despiden-el-2013-con-dos-presentaciones\/\" \/>\n<meta property=\"og:site_name\" content=\"OidosSucios.Com\" \/>\n<meta property=\"article:published_time\" content=\"2013-12-13T04:01:00+00:00\" \/>\n<meta property=\"og:image\" content=\"https:\/\/www.oidossucios.com\/site\/wp-content\/uploads\/2013\/12\/8301.jpg\" \/>\n\t<meta property=\"og:image:width\" content=\"350\" \/>\n\t<meta property=\"og:image:height\" content=\"300\" \/>\n<meta name=\"twitter:card\" content=\"summary_large_image\" \/>\n<meta name=\"twitter:creator\" content=\"@oidossucios\" \/>\n<script type=\"application\/ld+json\" class=\"yoast-schema-graph\">{\"@context\":\"https:\/\/schema.org\",\"@graph\":[{\"@type\":\"WebSite\",\"@id\":\"https:\/\/www.oidossucios.com\/site\/#website\",\"url\":\"https:\/\/www.oidossucios.com\/site\/\",\"name\":\"OidosSucios.Com\",\"description\":\"M\\u00fasica, conciertos, discos\",\"potentialAction\":[{\"@type\":\"SearchAction\",\"target\":\"https:\/\/www.oidossucios.com\/site\/?s={search_term_string}\",\"query-input\":\"required name=search_term_string\"}],\"inLanguage\":\"es\"},{\"@type\":\"ImageObject\",\"@id\":\"https:\/\/www.oidossucios.com\/site\/los-mentas-despiden-el-2013-con-dos-presentaciones\/#primaryimage\",\"inLanguage\":\"es\",\"url\":\"https:\/\/www.oidossucios.com\/site\/wp-content\/uploads\/2013\/12\/8301.jpg\",\"width\":350,\"height\":300},{\"@type\":\"WebPage\",\"@id\":\"https:\/\/www.oidossucios.com\/site\/los-mentas-despiden-el-2013-con-dos-presentaciones\/#webpage\",\"url\":\"https:\/\/www.oidossucios.com\/site\/los-mentas-despiden-el-2013-con-dos-presentaciones\/\",\"name\":\"Los Mentas despiden el 2013 con dos presentaciones - OidosSucios.Com\",\"isPartOf\":{\"@id\":\"https:\/\/www.oidossucios.com\/site\/#website\"},\"primaryImageOfPage\":{\"@id\":\"https:\/\/www.oidossucios.com\/site\/los-mentas-despiden-el-2013-con-dos-presentaciones\/#primaryimage\"},\"datePublished\":\"2013-12-13T04:01:00+00:00\",\"dateModified\":\"2013-12-13T04:01:00+00:00\",\"author\":{\"@id\":\"https:\/\/www.oidossucios.com\/site\/#\/schema\/person\/24559eeb76bf83a63296fb072393a688\"},\"inLanguage\":\"es\",\"potentialAction\":[{\"@type\":\"ReadAction\",\"target\":[\"https:\/\/www.oidossucios.com\/site\/los-mentas-despiden-el-2013-con-dos-presentaciones\/\"]}]},{\"@type\":[\"Person\"],\"@id\":\"https:\/\/www.oidossucios.com\/site\/#\/schema\/person\/24559eeb76bf83a63296fb072393a688\",\"name\":\"Oidossucios\",\"image\":{\"@type\":\"ImageObject\",\"@id\":\"https:\/\/www.oidossucios.com\/site\/#personlogo\",\"inLanguage\":\"es\",\"url\":\"https:\/\/secure.gravatar.com\/avatar\/74fcb480f42f1a33e50a0b6e6369a3f907be2e43dc84fa5f76c66e9c22b4a5ab?s=96&d=mm&r=g\",\"caption\":\"Oidossucios\"},\"sameAs\":[\"https:\/\/twitter.com\/oidossucios\"]}]}<\/script>\n<!-- \/ Yoast SEO plugin. -->","jetpack_sharing_enabled":true,"_links":{"self":[{"href":"https:\/\/www.oidossucios.com\/site\/wp-json\/wp\/v2\/posts\/8301","targetHints":{"allow":["GET"]}}],"collection":[{"href":"https:\/\/www.oidossucios.com\/site\/wp-json\/wp\/v2\/posts"}],"about":[{"href":"https:\/\/www.oidossucios.com\/site\/wp-json\/wp\/v2\/types\/post"}],"author":[{"embeddable":true,"href":"https:\/\/www.oidossucios.com\/site\/wp-json\/wp\/v2\/users\/4"}],"replies":[{"embeddable":true,"href":"https:\/\/www.oidossucios.com\/site\/wp-json\/wp\/v2\/comments?post=8301"}],"version-history":[{"count":0,"href":"https:\/\/www.oidossucios.com\/site\/wp-json\/wp\/v2\/posts\/8301\/revisions"}],"wp:featuredmedia":[{"embeddable":true,"href":"https:\/\/www.oidossucios.com\/site\/wp-json\/wp\/v2\/media\/100008301"}],"wp:attachment":[{"href":"https:\/\/www.oidossucios.com\/site\/wp-json\/wp\/v2\/media?parent=8301"}],"wp:term":[{"taxonomy":"category","embeddable":true,"href":"https:\/\/www.oidossucios.com\/site\/wp-json\/wp\/v2\/categories?post=8301"},{"taxonomy":"post_tag","embeddable":true,"href":"https:\/\/www.oidossucios.com\/site\/wp-json\/wp\/v2\/tags?post=8301"}],"curies":[{"name":"wp","href":"https:\/\/api.w.org\/{rel}","templated":true}]}}