{"id":8302,"date":"2013-12-13T04:07:00","date_gmt":"2013-12-13T04:07:00","guid":{"rendered":"https:\/\/www.oidossucios.com\/site\/2013\/12\/13\/los-sordos-estaran-presentes-en-el-mes-aniversario-de-el-duende-bar\/"},"modified":"2013-12-13T04:07:00","modified_gmt":"2013-12-13T04:07:00","slug":"los-sordos-estaran-presentes-en-el-mes-aniversario-de-el-duende-bar","status":"publish","type":"post","link":"https:\/\/www.oidossucios.com\/site\/los-sordos-estaran-presentes-en-el-mes-aniversario-de-el-duende-bar\/","title":{"rendered":"Los Sordos estar\u00e1n presentes en el mes aniversario de El Duende Bar"},"content":{"rendered":"<p>La banda venezolana de pop\/rock Los Sordos llega este pr\u00f3ximo 20 de diciembre al local El Duende Bar, ubicado en Lecher\u00eda a dar un toque de lujo y estreno de nuevos temas que van integrados para la segunda placa promocional que tienen bajo de la manga.<\/p>\n<p>Este cuarteto nace en Caracas y est\u00e1 compuesto por Levy Riccetti (piano y voz), Daniel Arocha (bajo), Rey Rodr\u00edguez (bater\u00eda), H\u00e9ctor Castillo (guitarra), estos aprovechar\u00e1n la oportunidad para&nbsp; pasearse por su primer disco titulado, <i>Volumen 0<\/i>.<\/p>\n<p>Los Sordos, han tenido importante recorrido desde el 2009, donde compartieron con las bandas argentinas Catupecu Machu y Jaur\u00eda en su gira en territorio mexicano, e incluso participaron en el Festival Playa Salada en Tampico, organizado y televisado por la cadena Televisa del Golfo.<\/p>\n<p>Adem\u00e1s, de haber tenidos dos sencillos promocionales como &#8220;Punto y Aparte&#8221; y &#8220;B52&#8221;, con buena aceptaci\u00f3n en las principales emisoras nacionales e internacionales.<\/p>\n<p>Muy bien, como comentamos no te puedes perder el regreso a Puerto La Cruz de la agrupaci\u00f3n Los Sordos en El Duende Bar el viernes 20 de diciembre.<\/p>\n<p>M\u00e1s info:<a href=\"http:\/\/www.lossordos.com\/\"><\/p>\n<p>www.lossordos.com<\/a><![endif]--><!--[if gte mso 10]> <\/style>\n\n <![endif]--><\/p>\n","protected":false},"excerpt":{"rendered":"<p>La banda venezolana de pop\/rock Los Sordos llega este pr\u00f3ximo 20 de diciembre al local El Duende Bar, ubicado en Lecher\u00eda a dar un toque de lujo y estreno de nuevos temas que van integrados para la segunda placa promocional que tienen bajo de la manga. Este cuarteto nace en Caracas y est\u00e1 compuesto por [&hellip;]<\/p>\n","protected":false},"author":4,"featured_media":0,"comment_status":"open","ping_status":"open","sticky":false,"template":"","format":"standard","meta":{"_jetpack_memberships_contains_paid_content":false,"footnotes":""},"categories":[142],"tags":[],"class_list":["post-8302","post","type-post","status-publish","format-standard","hentry","category-buzznews"],"jetpack_featured_media_url":"","yoast_head":"<!-- This site is optimized with the Yoast SEO plugin v14.0.4 - https:\/\/yoast.com\/wordpress\/plugins\/seo\/ -->\n<title>Los Sordos estar\u00e1n presentes en el mes aniversario de El Duende Bar - OidosSucios.Com<\/title>\n<meta name=\"robots\" content=\"index, follow\" \/>\n<meta name=\"googlebot\" content=\"index, follow, max-snippet:-1, max-image-preview:large, max-video-preview:-1\" \/>\n<meta name=\"bingbot\" content=\"index, follow, max-snippet:-1, max-image-preview:large, max-video-preview:-1\" \/>\n<link rel=\"canonical\" href=\"https:\/\/www.oidossucios.com\/site\/los-sordos-estaran-presentes-en-el-mes-aniversario-de-el-duende-bar\/\" \/>\n<meta property=\"og:locale\" content=\"es_ES\" \/>\n<meta property=\"og:type\" content=\"article\" \/>\n<meta property=\"og:title\" content=\"Los Sordos estar\u00e1n presentes en el mes aniversario de El Duende Bar - OidosSucios.Com\" \/>\n<meta property=\"og:description\" content=\"La banda venezolana de pop\/rock Los Sordos llega este pr\u00f3ximo 20 de diciembre al local El Duende Bar, ubicado en Lecher\u00eda a dar un toque de lujo y estreno de nuevos temas que van integrados para la segunda placa promocional que tienen bajo de la manga. Este cuarteto nace en Caracas y est\u00e1 compuesto por [&hellip;]\" \/>\n<meta property=\"og:url\" content=\"https:\/\/www.oidossucios.com\/site\/los-sordos-estaran-presentes-en-el-mes-aniversario-de-el-duende-bar\/\" \/>\n<meta property=\"og:site_name\" content=\"OidosSucios.Com\" \/>\n<meta property=\"article:published_time\" content=\"2013-12-13T04:07:00+00:00\" \/>\n<meta name=\"twitter:card\" content=\"summary_large_image\" \/>\n<meta name=\"twitter:creator\" content=\"@oidossucios\" \/>\n<script type=\"application\/ld+json\" class=\"yoast-schema-graph\">{\"@context\":\"https:\/\/schema.org\",\"@graph\":[{\"@type\":\"WebSite\",\"@id\":\"https:\/\/www.oidossucios.com\/site\/#website\",\"url\":\"https:\/\/www.oidossucios.com\/site\/\",\"name\":\"OidosSucios.Com\",\"description\":\"M\\u00fasica, conciertos, discos\",\"potentialAction\":[{\"@type\":\"SearchAction\",\"target\":\"https:\/\/www.oidossucios.com\/site\/?s={search_term_string}\",\"query-input\":\"required name=search_term_string\"}],\"inLanguage\":\"es\"},{\"@type\":\"WebPage\",\"@id\":\"https:\/\/www.oidossucios.com\/site\/los-sordos-estaran-presentes-en-el-mes-aniversario-de-el-duende-bar\/#webpage\",\"url\":\"https:\/\/www.oidossucios.com\/site\/los-sordos-estaran-presentes-en-el-mes-aniversario-de-el-duende-bar\/\",\"name\":\"Los Sordos estar\\u00e1n presentes en el mes aniversario de El Duende Bar - OidosSucios.Com\",\"isPartOf\":{\"@id\":\"https:\/\/www.oidossucios.com\/site\/#website\"},\"datePublished\":\"2013-12-13T04:07:00+00:00\",\"dateModified\":\"2013-12-13T04:07:00+00:00\",\"author\":{\"@id\":\"https:\/\/www.oidossucios.com\/site\/#\/schema\/person\/24559eeb76bf83a63296fb072393a688\"},\"inLanguage\":\"es\",\"potentialAction\":[{\"@type\":\"ReadAction\",\"target\":[\"https:\/\/www.oidossucios.com\/site\/los-sordos-estaran-presentes-en-el-mes-aniversario-de-el-duende-bar\/\"]}]},{\"@type\":[\"Person\"],\"@id\":\"https:\/\/www.oidossucios.com\/site\/#\/schema\/person\/24559eeb76bf83a63296fb072393a688\",\"name\":\"Oidossucios\",\"image\":{\"@type\":\"ImageObject\",\"@id\":\"https:\/\/www.oidossucios.com\/site\/#personlogo\",\"inLanguage\":\"es\",\"url\":\"https:\/\/secure.gravatar.com\/avatar\/74fcb480f42f1a33e50a0b6e6369a3f907be2e43dc84fa5f76c66e9c22b4a5ab?s=96&d=mm&r=g\",\"caption\":\"Oidossucios\"},\"sameAs\":[\"https:\/\/twitter.com\/oidossucios\"]}]}<\/script>\n<!-- \/ Yoast SEO plugin. -->","jetpack_sharing_enabled":true,"_links":{"self":[{"href":"https:\/\/www.oidossucios.com\/site\/wp-json\/wp\/v2\/posts\/8302","targetHints":{"allow":["GET"]}}],"collection":[{"href":"https:\/\/www.oidossucios.com\/site\/wp-json\/wp\/v2\/posts"}],"about":[{"href":"https:\/\/www.oidossucios.com\/site\/wp-json\/wp\/v2\/types\/post"}],"author":[{"embeddable":true,"href":"https:\/\/www.oidossucios.com\/site\/wp-json\/wp\/v2\/users\/4"}],"replies":[{"embeddable":true,"href":"https:\/\/www.oidossucios.com\/site\/wp-json\/wp\/v2\/comments?post=8302"}],"version-history":[{"count":0,"href":"https:\/\/www.oidossucios.com\/site\/wp-json\/wp\/v2\/posts\/8302\/revisions"}],"wp:attachment":[{"href":"https:\/\/www.oidossucios.com\/site\/wp-json\/wp\/v2\/media?parent=8302"}],"wp:term":[{"taxonomy":"category","embeddable":true,"href":"https:\/\/www.oidossucios.com\/site\/wp-json\/wp\/v2\/categories?post=8302"},{"taxonomy":"post_tag","embeddable":true,"href":"https:\/\/www.oidossucios.com\/site\/wp-json\/wp\/v2\/tags?post=8302"}],"curies":[{"name":"wp","href":"https:\/\/api.w.org\/{rel}","templated":true}]}}