{"id":8306,"date":"2013-12-18T03:11:00","date_gmt":"2013-12-18T03:11:00","guid":{"rendered":"https:\/\/www.oidossucios.com\/site\/2013\/12\/18\/susan-continua-la-promocion-de-ya-no-hay-nada-que-hacer-aqui-en-la-quinta-bar\/"},"modified":"2013-12-18T03:11:00","modified_gmt":"2013-12-18T03:11:00","slug":"susan-continua-la-promocion-de-ya-no-hay-nada-que-hacer-aqui-en-la-quinta-bar","status":"publish","type":"post","link":"https:\/\/www.oidossucios.com\/site\/susan-continua-la-promocion-de-ya-no-hay-nada-que-hacer-aqui-en-la-quinta-bar\/","title":{"rendered":"Susan contin\u00faa la promoci\u00f3n de &#8220;Ya no hay nada que hacer aqu\u00ed&#8221; en La Quinta Bar"},"content":{"rendered":"<p>Susan despide este a\u00f1o 2013 con un concierto en vivo el pr\u00f3ximo mi\u00e9rcoles 18 de diciembre a las 10:00 PM, junto a la banda Los Inquilinos en La Quinta Bar de las Mercedes.<\/p>\n<p>El cuarteto caraque\u00f1o recientemente formado por los ex integrantes de Billy Se Fue,&nbsp; Alejandro Estrada en la guitarra y voz y Carlos Astros en la bater\u00eda, Gustavo Vargas de Espiraljack en la guitarra y Manolo Tapia en el bajo, es un proyecto de gran calidad art\u00edstica y musical con influencias del new wave y post punk que sorprende por sus atmosferas y&nbsp; melod\u00edas vocales que recuerdan la sonoridad de bandas como The Cure, U2 y&nbsp; Joy Division.<\/p>\n<p>&#8220;Ya no hay nada que hacer&#8221; su \u00f3pera prima, es un compendio de 12 temas entre los que destacan el primer sencillo promocional &#8220;El \u00daltimo Adi\u00f3s&#8221;, &#8220;L\u00e1grimas&#8221;, &#8220;Susan&#8221; y &#8220;Ahogando mi Pasi\u00f3n&#8221;, entre otros. Gracias al lanzamiento de este \u00e1lbum y el primer corte promocional, Susan fue nominado como &#8220;Mejor Artista Nuevo&#8221; en Los Premios Union Rock Show 2013, adem\u00e1s de realizar conciertos en conocidos locales capitalinos. SUSAN es sin duda alguna una de las mejores nuevas propuestas que dar\u00e1 mucho que hablar en el venidero a\u00f1o.<\/p>\n<p>Recuerden, Susan en concierto en La Quinta Bar, junto a Los Inquilinos el pr\u00f3ximo mi\u00e9rcoles 18 de diciembre a las 10:00PM.<\/p>\n<p>Para m\u00e1s informaci\u00f3n de Susan: <\/p>\n<p><a href=\"http:\/\/www.estoessusan.com\/\">www.estoessusan.com<\/a><\/p>\n<p><a href=\"http:\/\/www.twitter.com\/EstoEsSusan\">www.twitter.com\/EstoEsSusan<\/a>&nbsp;<\/p>\n<p><a href=\"http:\/\/www.facebook.com\/estoessusan\">www.facebook.com\/estoessusan<\/a><\/p>\n<p><![endif]--><!--[if gte mso 10]> <\/style>\n\n <![endif]--><\/p>\n","protected":false},"excerpt":{"rendered":"<p>Susan despide este a\u00f1o 2013 con un concierto en vivo el pr\u00f3ximo mi\u00e9rcoles 18 de diciembre a las 10:00 PM, junto a la banda Los Inquilinos en La Quinta Bar de las Mercedes. El cuarteto caraque\u00f1o recientemente formado por los ex integrantes de Billy Se Fue,&nbsp; Alejandro Estrada en la guitarra y voz y Carlos [&hellip;]<\/p>\n","protected":false},"author":4,"featured_media":100008306,"comment_status":"open","ping_status":"open","sticky":false,"template":"","format":"standard","meta":{"_jetpack_memberships_contains_paid_content":false,"footnotes":""},"categories":[142],"tags":[],"class_list":["post-8306","post","type-post","status-publish","format-standard","has-post-thumbnail","hentry","category-buzznews"],"jetpack_featured_media_url":"https:\/\/www.oidossucios.com\/site\/wp-content\/uploads\/2013\/12\/8306.jpg","yoast_head":"<!-- This site is optimized with the Yoast SEO plugin v14.0.4 - https:\/\/yoast.com\/wordpress\/plugins\/seo\/ -->\n<title>Susan contin\u00faa la promoci\u00f3n de &quot;Ya no hay nada que hacer aqu\u00ed&quot; en La Quinta Bar - OidosSucios.Com<\/title>\n<meta name=\"robots\" content=\"index, follow\" \/>\n<meta name=\"googlebot\" content=\"index, follow, max-snippet:-1, max-image-preview:large, max-video-preview:-1\" \/>\n<meta name=\"bingbot\" content=\"index, follow, max-snippet:-1, max-image-preview:large, max-video-preview:-1\" \/>\n<link rel=\"canonical\" href=\"https:\/\/www.oidossucios.com\/site\/susan-continua-la-promocion-de-ya-no-hay-nada-que-hacer-aqui-en-la-quinta-bar\/\" \/>\n<meta property=\"og:locale\" content=\"es_ES\" \/>\n<meta property=\"og:type\" content=\"article\" \/>\n<meta property=\"og:title\" content=\"Susan contin\u00faa la promoci\u00f3n de &quot;Ya no hay nada que hacer aqu\u00ed&quot; en La Quinta Bar - OidosSucios.Com\" \/>\n<meta property=\"og:description\" content=\"Susan despide este a\u00f1o 2013 con un concierto en vivo el pr\u00f3ximo mi\u00e9rcoles 18 de diciembre a las 10:00 PM, junto a la banda Los Inquilinos en La Quinta Bar de las Mercedes. El cuarteto caraque\u00f1o recientemente formado por los ex integrantes de Billy Se Fue,&nbsp; Alejandro Estrada en la guitarra y voz y Carlos [&hellip;]\" \/>\n<meta property=\"og:url\" content=\"https:\/\/www.oidossucios.com\/site\/susan-continua-la-promocion-de-ya-no-hay-nada-que-hacer-aqui-en-la-quinta-bar\/\" \/>\n<meta property=\"og:site_name\" content=\"OidosSucios.Com\" \/>\n<meta property=\"article:published_time\" content=\"2013-12-18T03:11:00+00:00\" \/>\n<meta property=\"og:image\" content=\"https:\/\/www.oidossucios.com\/site\/wp-content\/uploads\/2013\/12\/8306.jpg\" \/>\n\t<meta property=\"og:image:width\" content=\"350\" \/>\n\t<meta property=\"og:image:height\" content=\"300\" \/>\n<meta name=\"twitter:card\" content=\"summary_large_image\" \/>\n<meta name=\"twitter:creator\" content=\"@oidossucios\" \/>\n<script type=\"application\/ld+json\" class=\"yoast-schema-graph\">{\"@context\":\"https:\/\/schema.org\",\"@graph\":[{\"@type\":\"WebSite\",\"@id\":\"https:\/\/www.oidossucios.com\/site\/#website\",\"url\":\"https:\/\/www.oidossucios.com\/site\/\",\"name\":\"OidosSucios.Com\",\"description\":\"M\\u00fasica, conciertos, discos\",\"potentialAction\":[{\"@type\":\"SearchAction\",\"target\":\"https:\/\/www.oidossucios.com\/site\/?s={search_term_string}\",\"query-input\":\"required name=search_term_string\"}],\"inLanguage\":\"es\"},{\"@type\":\"ImageObject\",\"@id\":\"https:\/\/www.oidossucios.com\/site\/susan-continua-la-promocion-de-ya-no-hay-nada-que-hacer-aqui-en-la-quinta-bar\/#primaryimage\",\"inLanguage\":\"es\",\"url\":\"https:\/\/www.oidossucios.com\/site\/wp-content\/uploads\/2013\/12\/8306.jpg\",\"width\":350,\"height\":300},{\"@type\":\"WebPage\",\"@id\":\"https:\/\/www.oidossucios.com\/site\/susan-continua-la-promocion-de-ya-no-hay-nada-que-hacer-aqui-en-la-quinta-bar\/#webpage\",\"url\":\"https:\/\/www.oidossucios.com\/site\/susan-continua-la-promocion-de-ya-no-hay-nada-que-hacer-aqui-en-la-quinta-bar\/\",\"name\":\"Susan contin\\u00faa la promoci\\u00f3n de \\\"Ya no hay nada que hacer aqu\\u00ed\\\" en La Quinta Bar - OidosSucios.Com\",\"isPartOf\":{\"@id\":\"https:\/\/www.oidossucios.com\/site\/#website\"},\"primaryImageOfPage\":{\"@id\":\"https:\/\/www.oidossucios.com\/site\/susan-continua-la-promocion-de-ya-no-hay-nada-que-hacer-aqui-en-la-quinta-bar\/#primaryimage\"},\"datePublished\":\"2013-12-18T03:11:00+00:00\",\"dateModified\":\"2013-12-18T03:11:00+00:00\",\"author\":{\"@id\":\"https:\/\/www.oidossucios.com\/site\/#\/schema\/person\/24559eeb76bf83a63296fb072393a688\"},\"inLanguage\":\"es\",\"potentialAction\":[{\"@type\":\"ReadAction\",\"target\":[\"https:\/\/www.oidossucios.com\/site\/susan-continua-la-promocion-de-ya-no-hay-nada-que-hacer-aqui-en-la-quinta-bar\/\"]}]},{\"@type\":[\"Person\"],\"@id\":\"https:\/\/www.oidossucios.com\/site\/#\/schema\/person\/24559eeb76bf83a63296fb072393a688\",\"name\":\"Oidossucios\",\"image\":{\"@type\":\"ImageObject\",\"@id\":\"https:\/\/www.oidossucios.com\/site\/#personlogo\",\"inLanguage\":\"es\",\"url\":\"https:\/\/secure.gravatar.com\/avatar\/74fcb480f42f1a33e50a0b6e6369a3f907be2e43dc84fa5f76c66e9c22b4a5ab?s=96&d=mm&r=g\",\"caption\":\"Oidossucios\"},\"sameAs\":[\"https:\/\/twitter.com\/oidossucios\"]}]}<\/script>\n<!-- \/ Yoast SEO plugin. -->","jetpack_sharing_enabled":true,"_links":{"self":[{"href":"https:\/\/www.oidossucios.com\/site\/wp-json\/wp\/v2\/posts\/8306","targetHints":{"allow":["GET"]}}],"collection":[{"href":"https:\/\/www.oidossucios.com\/site\/wp-json\/wp\/v2\/posts"}],"about":[{"href":"https:\/\/www.oidossucios.com\/site\/wp-json\/wp\/v2\/types\/post"}],"author":[{"embeddable":true,"href":"https:\/\/www.oidossucios.com\/site\/wp-json\/wp\/v2\/users\/4"}],"replies":[{"embeddable":true,"href":"https:\/\/www.oidossucios.com\/site\/wp-json\/wp\/v2\/comments?post=8306"}],"version-history":[{"count":0,"href":"https:\/\/www.oidossucios.com\/site\/wp-json\/wp\/v2\/posts\/8306\/revisions"}],"wp:featuredmedia":[{"embeddable":true,"href":"https:\/\/www.oidossucios.com\/site\/wp-json\/wp\/v2\/media\/100008306"}],"wp:attachment":[{"href":"https:\/\/www.oidossucios.com\/site\/wp-json\/wp\/v2\/media?parent=8306"}],"wp:term":[{"taxonomy":"category","embeddable":true,"href":"https:\/\/www.oidossucios.com\/site\/wp-json\/wp\/v2\/categories?post=8306"},{"taxonomy":"post_tag","embeddable":true,"href":"https:\/\/www.oidossucios.com\/site\/wp-json\/wp\/v2\/tags?post=8306"}],"curies":[{"name":"wp","href":"https:\/\/api.w.org\/{rel}","templated":true}]}}