{"id":831,"date":"2003-07-31T05:31:00","date_gmt":"2003-07-31T05:31:00","guid":{"rendered":"https:\/\/www.oidossucios.com\/site\/2003\/07\/31\/nacho-vegas-es-el-primer-confirmado-para-rock-en-n\/"},"modified":"2003-07-31T05:31:00","modified_gmt":"2003-07-31T05:31:00","slug":"nacho-vegas-es-el-primer-confirmado-para-rock-en-n","status":"publish","type":"post","link":"https:\/\/www.oidossucios.com\/site\/nacho-vegas-es-el-primer-confirmado-para-rock-en-n\/","title":{"rendered":"Nacho Vegas es el primer confirmado para Rock en \u00d1"},"content":{"rendered":"<p>El fundador de Manta Ray, Nacho Vegas, es el primer artista confirmado para la visita del tour Rock en \u00d1 a Venezuela, evento organizado por la Fundaci\u00f3n Nuevas Bandas y que se llevar\u00e1 a cabo durante el \u00faltimo trimestre del a\u00f1o en las instalaciones del Celarg, en Caracas.<\/p>\n<p>La segunda aparici\u00f3n de la gira por nuestro pa\u00eds estar\u00e1 claramente marcada por las tendencias electr\u00f3nicas, pues los otros nombres que se manejan para acompa\u00f1ar a Vegas son el d\u00fao ma\u00f1o Telephunken y Bajo Fondo Tango Club, proyecto liderado por el productor argentino Gustavo Santaolalla.<\/p>\n<p>Las bandas venezolanas tomar\u00e1n parte de algunas etapas de la gira, como el a\u00f1o pasado le toc\u00f3 la oportunidad a Despuesdevieja de tocar ante 25 mil personas en M\u00e9xico. Esta vez, adem\u00e1s del pa\u00eds azteca, Rep\u00fablica Dominicana tambi\u00e9n recibir\u00e1 a una banda nacional, la cual a\u00fan no ha sido definida.<\/p>\n<p>Algunas pistas podr\u00edan ser develadas este domingo en la edici\u00f3n semanal del programada &#8216;Fabricado Ac\u00e1&#8217;, que se transmite porLa Mega Estaci\u00f3n, donde adem\u00e1s, ser\u00e1n colocados en estreno temas del nuevo disco de los Amigos Invisibles, del m\u00e1s reciente trabajo de la banda venezolana radicada en Espa\u00f1a, Somaraza y la presentaci\u00f3n de Los Andes Electr\u00f3nicos junto a Nopal Beat en el Festival Pirineos Sur.<\/p>\n","protected":false},"excerpt":{"rendered":"<p>El ex \u0096 integrante de Manta Ray ha sido confirmado para la segunda visita del tour Rock en \u00d1 a nuestro pa\u00eds, que se realizar\u00e1 en el \u00faltimo trimestre del a\u00f1o.<\/p>\n","protected":false},"author":4,"featured_media":10000827,"comment_status":"open","ping_status":"open","sticky":false,"template":"","format":"standard","meta":{"_jetpack_memberships_contains_paid_content":false,"footnotes":""},"categories":[250],"tags":[206],"class_list":["post-831","post","type-post","status-publish","format-standard","has-post-thumbnail","hentry","category-noticias","tag-nuevas-bandas"],"jetpack_featured_media_url":"https:\/\/www.oidossucios.com\/site\/wp-content\/uploads\/2003\/07\/827.jpg","yoast_head":"<!-- This site is optimized with the Yoast SEO plugin v14.0.4 - https:\/\/yoast.com\/wordpress\/plugins\/seo\/ -->\n<title>Nacho Vegas es el primer confirmado para Rock en \u00d1 - OidosSucios.Com<\/title>\n<meta name=\"description\" content=\"New Day Rising se convertir\u00e1 este s\u00e1bado en la tercera banda con integrantes venezolanos en tocar en el Warped Tour.\" \/>\n<meta name=\"robots\" content=\"index, follow\" \/>\n<meta name=\"googlebot\" content=\"index, follow, max-snippet:-1, max-image-preview:large, max-video-preview:-1\" \/>\n<meta name=\"bingbot\" content=\"index, follow, max-snippet:-1, max-image-preview:large, max-video-preview:-1\" \/>\n<link rel=\"canonical\" href=\"https:\/\/www.oidossucios.com\/site\/nacho-vegas-es-el-primer-confirmado-para-rock-en-n\/\" \/>\n<meta property=\"og:locale\" content=\"es_ES\" \/>\n<meta property=\"og:type\" content=\"article\" \/>\n<meta property=\"og:title\" content=\"Nacho Vegas es el primer confirmado para Rock en \u00d1 - OidosSucios.Com\" \/>\n<meta property=\"og:description\" content=\"New Day Rising se convertir\u00e1 este s\u00e1bado en la tercera banda con integrantes venezolanos en tocar en el Warped Tour.\" \/>\n<meta property=\"og:url\" content=\"https:\/\/www.oidossucios.com\/site\/nacho-vegas-es-el-primer-confirmado-para-rock-en-n\/\" \/>\n<meta property=\"og:site_name\" content=\"OidosSucios.Com\" \/>\n<meta property=\"article:published_time\" content=\"2003-07-31T05:31:00+00:00\" \/>\n<meta property=\"og:image\" content=\"https:\/\/www.oidossucios.com\/site\/wp-content\/uploads\/2003\/07\/827.jpg\" \/>\n\t<meta property=\"og:image:width\" content=\"290\" \/>\n\t<meta property=\"og:image:height\" content=\"100\" \/>\n<meta name=\"twitter:card\" content=\"summary_large_image\" \/>\n<meta name=\"twitter:creator\" content=\"@oidossucios\" \/>\n<script type=\"application\/ld+json\" class=\"yoast-schema-graph\">{\"@context\":\"https:\/\/schema.org\",\"@graph\":[{\"@type\":\"WebSite\",\"@id\":\"https:\/\/www.oidossucios.com\/site\/#website\",\"url\":\"https:\/\/www.oidossucios.com\/site\/\",\"name\":\"OidosSucios.Com\",\"description\":\"M\\u00fasica, conciertos, discos\",\"potentialAction\":[{\"@type\":\"SearchAction\",\"target\":\"https:\/\/www.oidossucios.com\/site\/?s={search_term_string}\",\"query-input\":\"required name=search_term_string\"}],\"inLanguage\":\"es\"},{\"@type\":\"ImageObject\",\"@id\":\"https:\/\/www.oidossucios.com\/site\/nacho-vegas-es-el-primer-confirmado-para-rock-en-n\/#primaryimage\",\"inLanguage\":\"es\",\"url\":\"https:\/\/www.oidossucios.com\/site\/wp-content\/uploads\/2003\/07\/827.jpg\",\"width\":290,\"height\":100},{\"@type\":\"WebPage\",\"@id\":\"https:\/\/www.oidossucios.com\/site\/nacho-vegas-es-el-primer-confirmado-para-rock-en-n\/#webpage\",\"url\":\"https:\/\/www.oidossucios.com\/site\/nacho-vegas-es-el-primer-confirmado-para-rock-en-n\/\",\"name\":\"Nacho Vegas es el primer confirmado para Rock en \\u00d1 - OidosSucios.Com\",\"isPartOf\":{\"@id\":\"https:\/\/www.oidossucios.com\/site\/#website\"},\"primaryImageOfPage\":{\"@id\":\"https:\/\/www.oidossucios.com\/site\/nacho-vegas-es-el-primer-confirmado-para-rock-en-n\/#primaryimage\"},\"datePublished\":\"2003-07-31T05:31:00+00:00\",\"dateModified\":\"2003-07-31T05:31:00+00:00\",\"author\":{\"@id\":\"https:\/\/www.oidossucios.com\/site\/#\/schema\/person\/24559eeb76bf83a63296fb072393a688\"},\"description\":\"New Day Rising se convertir\\u00e1 este s\\u00e1bado en la tercera banda con integrantes venezolanos en tocar en el Warped Tour.\",\"inLanguage\":\"es\",\"potentialAction\":[{\"@type\":\"ReadAction\",\"target\":[\"https:\/\/www.oidossucios.com\/site\/nacho-vegas-es-el-primer-confirmado-para-rock-en-n\/\"]}]},{\"@type\":[\"Person\"],\"@id\":\"https:\/\/www.oidossucios.com\/site\/#\/schema\/person\/24559eeb76bf83a63296fb072393a688\",\"name\":\"Oidossucios\",\"image\":{\"@type\":\"ImageObject\",\"@id\":\"https:\/\/www.oidossucios.com\/site\/#personlogo\",\"inLanguage\":\"es\",\"url\":\"https:\/\/secure.gravatar.com\/avatar\/74fcb480f42f1a33e50a0b6e6369a3f907be2e43dc84fa5f76c66e9c22b4a5ab?s=96&d=mm&r=g\",\"caption\":\"Oidossucios\"},\"sameAs\":[\"https:\/\/twitter.com\/oidossucios\"]}]}<\/script>\n<!-- \/ Yoast SEO plugin. -->","jetpack_sharing_enabled":true,"_links":{"self":[{"href":"https:\/\/www.oidossucios.com\/site\/wp-json\/wp\/v2\/posts\/831","targetHints":{"allow":["GET"]}}],"collection":[{"href":"https:\/\/www.oidossucios.com\/site\/wp-json\/wp\/v2\/posts"}],"about":[{"href":"https:\/\/www.oidossucios.com\/site\/wp-json\/wp\/v2\/types\/post"}],"author":[{"embeddable":true,"href":"https:\/\/www.oidossucios.com\/site\/wp-json\/wp\/v2\/users\/4"}],"replies":[{"embeddable":true,"href":"https:\/\/www.oidossucios.com\/site\/wp-json\/wp\/v2\/comments?post=831"}],"version-history":[{"count":0,"href":"https:\/\/www.oidossucios.com\/site\/wp-json\/wp\/v2\/posts\/831\/revisions"}],"wp:featuredmedia":[{"embeddable":true,"href":"https:\/\/www.oidossucios.com\/site\/wp-json\/wp\/v2\/media\/10000827"}],"wp:attachment":[{"href":"https:\/\/www.oidossucios.com\/site\/wp-json\/wp\/v2\/media?parent=831"}],"wp:term":[{"taxonomy":"category","embeddable":true,"href":"https:\/\/www.oidossucios.com\/site\/wp-json\/wp\/v2\/categories?post=831"},{"taxonomy":"post_tag","embeddable":true,"href":"https:\/\/www.oidossucios.com\/site\/wp-json\/wp\/v2\/tags?post=831"}],"curies":[{"name":"wp","href":"https:\/\/api.w.org\/{rel}","templated":true}]}}