{"id":8374,"date":"2014-01-08T04:08:00","date_gmt":"2014-01-08T04:08:00","guid":{"rendered":"https:\/\/www.oidossucios.com\/site\/2014\/01\/08\/ni-culpa-ni-razon-nuevo-sencillo-promocional-de-lebronch\/"},"modified":"2014-01-08T04:08:00","modified_gmt":"2014-01-08T04:08:00","slug":"ni-culpa-ni-razon-nuevo-sencillo-promocional-de-lebronch","status":"publish","type":"post","link":"https:\/\/www.oidossucios.com\/site\/ni-culpa-ni-razon-nuevo-sencillo-promocional-de-lebronch\/","title":{"rendered":"&#8220;Ni culpa ni raz\u00f3n&#8221;, nuevo sencillo promocional de Lebronch"},"content":{"rendered":"<p>Comienza un nuevo a\u00f1o y Lebronch lo hace despidiendo&nbsp; su segundo \u00e1lbum <i>De Chow <\/i>con el lanzamiento a radios del nuevo&nbsp; sencillo promocional &#8220;Ni culpa ni raz\u00f3n&#8221; culminando su exitoso 2013 y preparando en los pr\u00f3ximos meses lo que ser\u00e1 su tercer trabajo discogr\u00e1fico.<\/p>\n<p>La banda formada en el 2010 por Cristopher Urbina (Voz \u0096 Guitarra), Eduardo Navarro (Voz \u0096 Guitarra), Oswaldo Suels (Teclado), &#8216;Tzino&#8217; Sandoval (Bater\u00eda y percusi\u00f3n), Joaquin Phelan (Saxo) y Alejandro Pinto (Bajo), cuenta con dos \u00e1lbumes en su haber <i>Todos Los Topinos de Lebronch<\/i> y&nbsp; <i>De Chow<\/i> del cual se desprenden cuatro temas promocionales radiados a nivel nacional &#8220;El Juez&#8221;, Ovejas Cojas&#8221;, Cara de Cera&#8221; y el nuevo y definitivo &#8220;Ni culpa ni raz\u00f3n&#8221;.<\/p>\n<p>&#8220;Ni culpa ni raz\u00f3n&#8221; compuesta por Cristopher Urbina e&nbsp; inspirada en el ensayo &#8220;El Hombre Rebelde&#8221; del escritor franc\u00e9s nacido en Argelia Albert Camus, con el ya caracter\u00edstico ritmo y estilo de Lebronch habla del ego\u00edsmo que consume al ser humano y como se aleja precisamente del concepto &#8220;Humano&#8221;.&#8221;Ni Culpa ni Raz\u00f3n&#8221; as\u00ed como <i>De Chow<\/i> se encuentran disponibles para su descarga en <a href=\"http:\/\/www.lebronch.com\/\">www.lebronch.com<\/a>.<![endif]--><!--[if gte mso 10]> <\/style>\n\n <![endif]--><\/p>\n","protected":false},"excerpt":{"rendered":"<p>El nuevo promocional ser\u00e1 estrenado por La Mega 107FM el mi\u00e9rcoles 08 de enero.<\/p>\n","protected":false},"author":4,"featured_media":100008374,"comment_status":"open","ping_status":"open","sticky":false,"template":"","format":"standard","meta":{"_jetpack_memberships_contains_paid_content":false,"footnotes":""},"categories":[250],"tags":[],"class_list":["post-8374","post","type-post","status-publish","format-standard","has-post-thumbnail","hentry","category-noticias"],"jetpack_featured_media_url":"https:\/\/www.oidossucios.com\/site\/wp-content\/uploads\/2014\/01\/8374.jpg","yoast_head":"<!-- This site is optimized with the Yoast SEO plugin v14.0.4 - https:\/\/yoast.com\/wordpress\/plugins\/seo\/ -->\n<title>&quot;Ni culpa ni raz\u00f3n&quot;, nuevo sencillo promocional de Lebronch - OidosSucios.Com<\/title>\n<meta name=\"description\" content=\"El nuevo promocional ser\u00e1 estrenado por La Mega 107FM el mi\u00e9rcoles 08 de enero.\" \/>\n<meta name=\"robots\" content=\"index, follow\" \/>\n<meta name=\"googlebot\" content=\"index, follow, max-snippet:-1, max-image-preview:large, max-video-preview:-1\" \/>\n<meta name=\"bingbot\" content=\"index, follow, max-snippet:-1, max-image-preview:large, max-video-preview:-1\" \/>\n<link rel=\"canonical\" href=\"https:\/\/www.oidossucios.com\/site\/ni-culpa-ni-razon-nuevo-sencillo-promocional-de-lebronch\/\" \/>\n<meta property=\"og:locale\" content=\"es_ES\" \/>\n<meta property=\"og:type\" content=\"article\" \/>\n<meta property=\"og:title\" content=\"&quot;Ni culpa ni raz\u00f3n&quot;, nuevo sencillo promocional de Lebronch - OidosSucios.Com\" \/>\n<meta property=\"og:description\" content=\"El nuevo promocional ser\u00e1 estrenado por La Mega 107FM el mi\u00e9rcoles 08 de enero.\" \/>\n<meta property=\"og:url\" content=\"https:\/\/www.oidossucios.com\/site\/ni-culpa-ni-razon-nuevo-sencillo-promocional-de-lebronch\/\" \/>\n<meta property=\"og:site_name\" content=\"OidosSucios.Com\" \/>\n<meta property=\"article:published_time\" content=\"2014-01-08T04:08:00+00:00\" \/>\n<meta property=\"og:image\" content=\"https:\/\/www.oidossucios.com\/site\/wp-content\/uploads\/2014\/01\/8374.jpg\" \/>\n\t<meta property=\"og:image:width\" content=\"350\" \/>\n\t<meta property=\"og:image:height\" content=\"300\" \/>\n<meta name=\"twitter:card\" content=\"summary_large_image\" \/>\n<meta name=\"twitter:creator\" content=\"@oidossucios\" \/>\n<script type=\"application\/ld+json\" class=\"yoast-schema-graph\">{\"@context\":\"https:\/\/schema.org\",\"@graph\":[{\"@type\":\"WebSite\",\"@id\":\"https:\/\/www.oidossucios.com\/site\/#website\",\"url\":\"https:\/\/www.oidossucios.com\/site\/\",\"name\":\"OidosSucios.Com\",\"description\":\"M\\u00fasica, conciertos, discos\",\"potentialAction\":[{\"@type\":\"SearchAction\",\"target\":\"https:\/\/www.oidossucios.com\/site\/?s={search_term_string}\",\"query-input\":\"required name=search_term_string\"}],\"inLanguage\":\"es\"},{\"@type\":\"ImageObject\",\"@id\":\"https:\/\/www.oidossucios.com\/site\/ni-culpa-ni-razon-nuevo-sencillo-promocional-de-lebronch\/#primaryimage\",\"inLanguage\":\"es\",\"url\":\"https:\/\/www.oidossucios.com\/site\/wp-content\/uploads\/2014\/01\/8374.jpg\",\"width\":350,\"height\":300},{\"@type\":\"WebPage\",\"@id\":\"https:\/\/www.oidossucios.com\/site\/ni-culpa-ni-razon-nuevo-sencillo-promocional-de-lebronch\/#webpage\",\"url\":\"https:\/\/www.oidossucios.com\/site\/ni-culpa-ni-razon-nuevo-sencillo-promocional-de-lebronch\/\",\"name\":\"\\\"Ni culpa ni raz\\u00f3n\\\", nuevo sencillo promocional de Lebronch - OidosSucios.Com\",\"isPartOf\":{\"@id\":\"https:\/\/www.oidossucios.com\/site\/#website\"},\"primaryImageOfPage\":{\"@id\":\"https:\/\/www.oidossucios.com\/site\/ni-culpa-ni-razon-nuevo-sencillo-promocional-de-lebronch\/#primaryimage\"},\"datePublished\":\"2014-01-08T04:08:00+00:00\",\"dateModified\":\"2014-01-08T04:08:00+00:00\",\"author\":{\"@id\":\"https:\/\/www.oidossucios.com\/site\/#\/schema\/person\/24559eeb76bf83a63296fb072393a688\"},\"description\":\"El nuevo promocional ser\\u00e1 estrenado por La Mega 107FM el mi\\u00e9rcoles 08 de enero.\",\"inLanguage\":\"es\",\"potentialAction\":[{\"@type\":\"ReadAction\",\"target\":[\"https:\/\/www.oidossucios.com\/site\/ni-culpa-ni-razon-nuevo-sencillo-promocional-de-lebronch\/\"]}]},{\"@type\":[\"Person\"],\"@id\":\"https:\/\/www.oidossucios.com\/site\/#\/schema\/person\/24559eeb76bf83a63296fb072393a688\",\"name\":\"Oidossucios\",\"image\":{\"@type\":\"ImageObject\",\"@id\":\"https:\/\/www.oidossucios.com\/site\/#personlogo\",\"inLanguage\":\"es\",\"url\":\"https:\/\/secure.gravatar.com\/avatar\/74fcb480f42f1a33e50a0b6e6369a3f907be2e43dc84fa5f76c66e9c22b4a5ab?s=96&d=mm&r=g\",\"caption\":\"Oidossucios\"},\"sameAs\":[\"https:\/\/twitter.com\/oidossucios\"]}]}<\/script>\n<!-- \/ Yoast SEO plugin. -->","jetpack_sharing_enabled":true,"_links":{"self":[{"href":"https:\/\/www.oidossucios.com\/site\/wp-json\/wp\/v2\/posts\/8374","targetHints":{"allow":["GET"]}}],"collection":[{"href":"https:\/\/www.oidossucios.com\/site\/wp-json\/wp\/v2\/posts"}],"about":[{"href":"https:\/\/www.oidossucios.com\/site\/wp-json\/wp\/v2\/types\/post"}],"author":[{"embeddable":true,"href":"https:\/\/www.oidossucios.com\/site\/wp-json\/wp\/v2\/users\/4"}],"replies":[{"embeddable":true,"href":"https:\/\/www.oidossucios.com\/site\/wp-json\/wp\/v2\/comments?post=8374"}],"version-history":[{"count":0,"href":"https:\/\/www.oidossucios.com\/site\/wp-json\/wp\/v2\/posts\/8374\/revisions"}],"wp:featuredmedia":[{"embeddable":true,"href":"https:\/\/www.oidossucios.com\/site\/wp-json\/wp\/v2\/media\/100008374"}],"wp:attachment":[{"href":"https:\/\/www.oidossucios.com\/site\/wp-json\/wp\/v2\/media?parent=8374"}],"wp:term":[{"taxonomy":"category","embeddable":true,"href":"https:\/\/www.oidossucios.com\/site\/wp-json\/wp\/v2\/categories?post=8374"},{"taxonomy":"post_tag","embeddable":true,"href":"https:\/\/www.oidossucios.com\/site\/wp-json\/wp\/v2\/tags?post=8374"}],"curies":[{"name":"wp","href":"https:\/\/api.w.org\/{rel}","templated":true}]}}