{"id":8380,"date":"2014-01-08T04:53:00","date_gmt":"2014-01-08T04:53:00","guid":{"rendered":"https:\/\/www.oidossucios.com\/site\/2014\/01\/08\/ringo-starr-toca-con-las-chicas-superpoderosas\/"},"modified":"2014-01-08T04:53:00","modified_gmt":"2014-01-08T04:53:00","slug":"ringo-starr-toca-con-las-chicas-superpoderosas","status":"publish","type":"post","link":"https:\/\/www.oidossucios.com\/site\/ringo-starr-toca-con-las-chicas-superpoderosas\/","title":{"rendered":"Ringo Starr toca con las Chicas Superpoderosas"},"content":{"rendered":"<p>Por <\/p>\n<p>Han le\u00eddo bien el t\u00edtulo de la nota y no se trata de ninguna broma, el pr\u00f3ximo 20 de enero Cartoon Network celebrar\u00e1 con un episodio especial el 15\u00b0 Aniversario del programa de Las Chicas Superpoderosas.<\/p>\n<p>En dicho episodio, Ringo Starr le dar\u00e1 voz a un matem\u00e1tico llamado Finobacci Sequins, quien ser\u00e1 raptado por el malvado Mojo Jojo en su af\u00e1n de apoderarse del mundo una vez m\u00e1s.<\/p>\n<p>Como un previo a dicho episodio, TV Guide public\u00f3 el d\u00eda de hoy un clip en donde vemos a Ringo Starr interpretar el tema &#8220;I Wish I Was a Powerpuff Girl&#8221; al lado de Bomb\u00f3n, Burbuja y Bellota. <\/p>\n<p>   <script src=\"http:\/\/player.ooyala.com\/player.js?width=580&amp;deepLinkEmbedCode=RkMjdsajpSeeWh6JEua6AD03CDad3nKL&amp;height=297&amp;video_pcode=VlajQ6DTdv9-OYPHSJq6w4eU0Bfi&amp;embedCode=RkMjdsajpSeeWh6JEua6AD03CDad3nKL\">   <\/script><\/p>\n<p>Fuente: www.warp.la<\/p>\n<p><![endif]--><!--[if gte mso 10]> <\/style>\n\n <![endif]--><\/p>\n","protected":false},"excerpt":{"rendered":"<p>Han le\u00eddo bien el t\u00edtulo de la nota y no se trata de ninguna broma, el pr\u00f3ximo 20 de enero Cartoon Network celebrar\u00e1 con un episodio especial el 15\u00b0 Aniversario del programa de Las Chicas Superpoderosas.<\/p>\n","protected":false},"author":4,"featured_media":100008380,"comment_status":"open","ping_status":"open","sticky":false,"template":"","format":"standard","meta":{"_jetpack_memberships_contains_paid_content":false,"footnotes":""},"categories":[672],"tags":[],"class_list":["post-8380","post","type-post","status-publish","format-standard","has-post-thumbnail","hentry","category-tv"],"jetpack_featured_media_url":"https:\/\/www.oidossucios.com\/site\/wp-content\/uploads\/2014\/01\/8380.jpg","yoast_head":"<!-- This site is optimized with the Yoast SEO plugin v14.0.4 - https:\/\/yoast.com\/wordpress\/plugins\/seo\/ -->\n<title>Ringo Starr toca con las Chicas Superpoderosas - OidosSucios.Com<\/title>\n<meta name=\"description\" content=\"Han le\u00eddo bien el t\u00edtulo de la nota y no se trata de ninguna broma, el pr\u00f3ximo 20 de enero Cartoon Network celebrar\u00e1 con un episodio especial el 15\u00b0 Aniversario del programa de Las Chicas Superpoderosas.\" \/>\n<meta name=\"robots\" content=\"index, follow\" \/>\n<meta name=\"googlebot\" content=\"index, follow, max-snippet:-1, max-image-preview:large, max-video-preview:-1\" \/>\n<meta name=\"bingbot\" content=\"index, follow, max-snippet:-1, max-image-preview:large, max-video-preview:-1\" \/>\n<link rel=\"canonical\" href=\"https:\/\/www.oidossucios.com\/site\/ringo-starr-toca-con-las-chicas-superpoderosas\/\" \/>\n<meta property=\"og:locale\" content=\"es_ES\" \/>\n<meta property=\"og:type\" content=\"article\" \/>\n<meta property=\"og:title\" content=\"Ringo Starr toca con las Chicas Superpoderosas - OidosSucios.Com\" \/>\n<meta property=\"og:description\" content=\"Han le\u00eddo bien el t\u00edtulo de la nota y no se trata de ninguna broma, el pr\u00f3ximo 20 de enero Cartoon Network celebrar\u00e1 con un episodio especial el 15\u00b0 Aniversario del programa de Las Chicas Superpoderosas.\" \/>\n<meta property=\"og:url\" content=\"https:\/\/www.oidossucios.com\/site\/ringo-starr-toca-con-las-chicas-superpoderosas\/\" \/>\n<meta property=\"og:site_name\" content=\"OidosSucios.Com\" \/>\n<meta property=\"article:published_time\" content=\"2014-01-08T04:53:00+00:00\" \/>\n<meta property=\"og:image\" content=\"https:\/\/www.oidossucios.com\/site\/wp-content\/uploads\/2014\/01\/8380.jpg\" \/>\n\t<meta property=\"og:image:width\" content=\"350\" \/>\n\t<meta property=\"og:image:height\" content=\"300\" \/>\n<meta name=\"twitter:card\" content=\"summary_large_image\" \/>\n<meta name=\"twitter:creator\" content=\"@oidossucios\" \/>\n<script type=\"application\/ld+json\" class=\"yoast-schema-graph\">{\"@context\":\"https:\/\/schema.org\",\"@graph\":[{\"@type\":\"WebSite\",\"@id\":\"https:\/\/www.oidossucios.com\/site\/#website\",\"url\":\"https:\/\/www.oidossucios.com\/site\/\",\"name\":\"OidosSucios.Com\",\"description\":\"M\\u00fasica, conciertos, discos\",\"potentialAction\":[{\"@type\":\"SearchAction\",\"target\":\"https:\/\/www.oidossucios.com\/site\/?s={search_term_string}\",\"query-input\":\"required name=search_term_string\"}],\"inLanguage\":\"es\"},{\"@type\":\"ImageObject\",\"@id\":\"https:\/\/www.oidossucios.com\/site\/ringo-starr-toca-con-las-chicas-superpoderosas\/#primaryimage\",\"inLanguage\":\"es\",\"url\":\"https:\/\/www.oidossucios.com\/site\/wp-content\/uploads\/2014\/01\/8380.jpg\",\"width\":350,\"height\":300},{\"@type\":\"WebPage\",\"@id\":\"https:\/\/www.oidossucios.com\/site\/ringo-starr-toca-con-las-chicas-superpoderosas\/#webpage\",\"url\":\"https:\/\/www.oidossucios.com\/site\/ringo-starr-toca-con-las-chicas-superpoderosas\/\",\"name\":\"Ringo Starr toca con las Chicas Superpoderosas - OidosSucios.Com\",\"isPartOf\":{\"@id\":\"https:\/\/www.oidossucios.com\/site\/#website\"},\"primaryImageOfPage\":{\"@id\":\"https:\/\/www.oidossucios.com\/site\/ringo-starr-toca-con-las-chicas-superpoderosas\/#primaryimage\"},\"datePublished\":\"2014-01-08T04:53:00+00:00\",\"dateModified\":\"2014-01-08T04:53:00+00:00\",\"author\":{\"@id\":\"https:\/\/www.oidossucios.com\/site\/#\/schema\/person\/24559eeb76bf83a63296fb072393a688\"},\"description\":\"Han le\\u00eddo bien el t\\u00edtulo de la nota y no se trata de ninguna broma, el pr\\u00f3ximo 20 de enero Cartoon Network celebrar\\u00e1 con un episodio especial el 15\\u00b0 Aniversario del programa de Las Chicas Superpoderosas.\",\"inLanguage\":\"es\",\"potentialAction\":[{\"@type\":\"ReadAction\",\"target\":[\"https:\/\/www.oidossucios.com\/site\/ringo-starr-toca-con-las-chicas-superpoderosas\/\"]}]},{\"@type\":[\"Person\"],\"@id\":\"https:\/\/www.oidossucios.com\/site\/#\/schema\/person\/24559eeb76bf83a63296fb072393a688\",\"name\":\"Oidossucios\",\"image\":{\"@type\":\"ImageObject\",\"@id\":\"https:\/\/www.oidossucios.com\/site\/#personlogo\",\"inLanguage\":\"es\",\"url\":\"https:\/\/secure.gravatar.com\/avatar\/74fcb480f42f1a33e50a0b6e6369a3f907be2e43dc84fa5f76c66e9c22b4a5ab?s=96&d=mm&r=g\",\"caption\":\"Oidossucios\"},\"sameAs\":[\"https:\/\/twitter.com\/oidossucios\"]}]}<\/script>\n<!-- \/ Yoast SEO plugin. -->","jetpack_sharing_enabled":true,"_links":{"self":[{"href":"https:\/\/www.oidossucios.com\/site\/wp-json\/wp\/v2\/posts\/8380","targetHints":{"allow":["GET"]}}],"collection":[{"href":"https:\/\/www.oidossucios.com\/site\/wp-json\/wp\/v2\/posts"}],"about":[{"href":"https:\/\/www.oidossucios.com\/site\/wp-json\/wp\/v2\/types\/post"}],"author":[{"embeddable":true,"href":"https:\/\/www.oidossucios.com\/site\/wp-json\/wp\/v2\/users\/4"}],"replies":[{"embeddable":true,"href":"https:\/\/www.oidossucios.com\/site\/wp-json\/wp\/v2\/comments?post=8380"}],"version-history":[{"count":0,"href":"https:\/\/www.oidossucios.com\/site\/wp-json\/wp\/v2\/posts\/8380\/revisions"}],"wp:featuredmedia":[{"embeddable":true,"href":"https:\/\/www.oidossucios.com\/site\/wp-json\/wp\/v2\/media\/100008380"}],"wp:attachment":[{"href":"https:\/\/www.oidossucios.com\/site\/wp-json\/wp\/v2\/media?parent=8380"}],"wp:term":[{"taxonomy":"category","embeddable":true,"href":"https:\/\/www.oidossucios.com\/site\/wp-json\/wp\/v2\/categories?post=8380"},{"taxonomy":"post_tag","embeddable":true,"href":"https:\/\/www.oidossucios.com\/site\/wp-json\/wp\/v2\/tags?post=8380"}],"curies":[{"name":"wp","href":"https:\/\/api.w.org\/{rel}","templated":true}]}}