{"id":841,"date":"2003-08-30T19:11:00","date_gmt":"2003-08-30T19:11:00","guid":{"rendered":"https:\/\/www.oidossucios.com\/site\/2003\/08\/30\/los-managers-de-jamiroquai-se-encargaran-de-los-amigos-invisibles\/"},"modified":"2003-08-30T19:11:00","modified_gmt":"2003-08-30T19:11:00","slug":"los-managers-de-jamiroquai-se-encargaran-de-los-amigos-invisibles","status":"publish","type":"post","link":"https:\/\/www.oidossucios.com\/site\/los-managers-de-jamiroquai-se-encargaran-de-los-amigos-invisibles\/","title":{"rendered":"Los managers de Jamiroquai se encargar\u00e1n de Los Amigos Invisibles"},"content":{"rendered":"<p>La banda venezolana Amigos Invisibles acaba de firmar un contrato de manejo con la compa\u00f1\u00eda Long Lost Brother, encargados a nivel mundial de manejar la carrera de la popular banda dance brit\u00e1nica Jamiroquai.<\/p>\n<p>El combo invisible afirma que sus nuevos managers juegan un papel primordial en la popularidad que la banda alcanzar\u00e1 en el continente europeo para este a\u00f1o. &#8216;A ellos les encanta la banda y est\u00e1n seguros que nuestra m\u00fasica va a gustar en muchos lugares del planeta, nosotros por nuestra parte, siempre estamos listos para ir a cualquier lugar a hacer lo que m\u00e1s nos gusta&#8217; afirmo Jos\u00e9 Luis Pardo, guitarrista de la banda.<\/p>\n<p>Esta alianza de la banda con su nuevo management promete aumentar su proyecci\u00f3n internacional y llevarlos a escenarios que nunca han alcanzado, posicion\u00e1ndolos a\u00fan m\u00e1s en el mercado mundial. Actualmente, Los Amigos Invisibles se encuentran de gira por California, donde se presentar\u00e1n en ciudades como Palo Alto, San Diego, y Los Angeles entre otras.<\/p>\n<p>Por otro lado, su cuarta producci\u00f3n discogr\u00e1fica, Venezuelan Zinga Songs, que fue lanzada recientemente en Europa, Jap\u00f3n y Australia, estar\u00e1 en las tiendas venezolanas a finales del mes de septiembre. &#8216;Diablo&#8217; ser\u00e1 el primer sencillo promocional que empezar\u00e1 a rotar en las radios venezolanas en los pr\u00f3ximos d\u00edas.<\/p>\n","protected":false},"excerpt":{"rendered":"<p>La banda venezolana ser\u00e1 manejada por Long Lost Brother, la compa\u00f1\u00eda responsable de la carrera de Jamiroquai. Adem\u00e1s, Venezuelan Zinga Song ser\u00e1 editado el mes de septiembre en nuestro pa\u00eds.<\/p>\n","protected":false},"author":4,"featured_media":10000837,"comment_status":"open","ping_status":"open","sticky":false,"template":"","format":"standard","meta":{"_jetpack_memberships_contains_paid_content":false,"footnotes":""},"categories":[250],"tags":[251],"class_list":["post-841","post","type-post","status-publish","format-standard","has-post-thumbnail","hentry","category-noticias","tag-amigos-invisibles"],"jetpack_featured_media_url":"https:\/\/www.oidossucios.com\/site\/wp-content\/uploads\/2003\/08\/837.jpg","yoast_head":"<!-- This site is optimized with the Yoast SEO plugin v14.0.4 - https:\/\/yoast.com\/wordpress\/plugins\/seo\/ -->\n<title>Los managers de Jamiroquai se encargar\u00e1n de Los Amigos Invisibles - OidosSucios.Com<\/title>\n<meta name=\"description\" content=\"El pr\u00f3ximo 19 de septiembre se realizar\u00e1 la esperada grabaci\u00f3n del DVD y disco en vivo de Desorden P\u00fablico, donde incluir\u00e1n temas de su pr\u00f3ximo LP.\" \/>\n<meta name=\"robots\" content=\"index, follow\" \/>\n<meta name=\"googlebot\" content=\"index, follow, max-snippet:-1, max-image-preview:large, max-video-preview:-1\" \/>\n<meta name=\"bingbot\" content=\"index, follow, max-snippet:-1, max-image-preview:large, max-video-preview:-1\" \/>\n<link rel=\"canonical\" href=\"https:\/\/www.oidossucios.com\/site\/los-managers-de-jamiroquai-se-encargaran-de-los-amigos-invisibles\/\" \/>\n<meta property=\"og:locale\" content=\"es_ES\" \/>\n<meta property=\"og:type\" content=\"article\" \/>\n<meta property=\"og:title\" content=\"Los managers de Jamiroquai se encargar\u00e1n de Los Amigos Invisibles - OidosSucios.Com\" \/>\n<meta property=\"og:description\" content=\"El pr\u00f3ximo 19 de septiembre se realizar\u00e1 la esperada grabaci\u00f3n del DVD y disco en vivo de Desorden P\u00fablico, donde incluir\u00e1n temas de su pr\u00f3ximo LP.\" \/>\n<meta property=\"og:url\" content=\"https:\/\/www.oidossucios.com\/site\/los-managers-de-jamiroquai-se-encargaran-de-los-amigos-invisibles\/\" \/>\n<meta property=\"og:site_name\" content=\"OidosSucios.Com\" \/>\n<meta property=\"article:published_time\" content=\"2003-08-30T19:11:00+00:00\" \/>\n<meta property=\"og:image\" content=\"https:\/\/www.oidossucios.com\/site\/wp-content\/uploads\/2003\/08\/837.jpg\" \/>\n\t<meta property=\"og:image:width\" content=\"290\" \/>\n\t<meta property=\"og:image:height\" content=\"100\" \/>\n<meta name=\"twitter:card\" content=\"summary_large_image\" \/>\n<meta name=\"twitter:creator\" content=\"@oidossucios\" \/>\n<script type=\"application\/ld+json\" class=\"yoast-schema-graph\">{\"@context\":\"https:\/\/schema.org\",\"@graph\":[{\"@type\":\"WebSite\",\"@id\":\"https:\/\/www.oidossucios.com\/site\/#website\",\"url\":\"https:\/\/www.oidossucios.com\/site\/\",\"name\":\"OidosSucios.Com\",\"description\":\"M\\u00fasica, conciertos, discos\",\"potentialAction\":[{\"@type\":\"SearchAction\",\"target\":\"https:\/\/www.oidossucios.com\/site\/?s={search_term_string}\",\"query-input\":\"required name=search_term_string\"}],\"inLanguage\":\"es\"},{\"@type\":\"ImageObject\",\"@id\":\"https:\/\/www.oidossucios.com\/site\/los-managers-de-jamiroquai-se-encargaran-de-los-amigos-invisibles\/#primaryimage\",\"inLanguage\":\"es\",\"url\":\"https:\/\/www.oidossucios.com\/site\/wp-content\/uploads\/2003\/08\/837.jpg\",\"width\":290,\"height\":100},{\"@type\":\"WebPage\",\"@id\":\"https:\/\/www.oidossucios.com\/site\/los-managers-de-jamiroquai-se-encargaran-de-los-amigos-invisibles\/#webpage\",\"url\":\"https:\/\/www.oidossucios.com\/site\/los-managers-de-jamiroquai-se-encargaran-de-los-amigos-invisibles\/\",\"name\":\"Los managers de Jamiroquai se encargar\\u00e1n de Los Amigos Invisibles - OidosSucios.Com\",\"isPartOf\":{\"@id\":\"https:\/\/www.oidossucios.com\/site\/#website\"},\"primaryImageOfPage\":{\"@id\":\"https:\/\/www.oidossucios.com\/site\/los-managers-de-jamiroquai-se-encargaran-de-los-amigos-invisibles\/#primaryimage\"},\"datePublished\":\"2003-08-30T19:11:00+00:00\",\"dateModified\":\"2003-08-30T19:11:00+00:00\",\"author\":{\"@id\":\"https:\/\/www.oidossucios.com\/site\/#\/schema\/person\/24559eeb76bf83a63296fb072393a688\"},\"description\":\"El pr\\u00f3ximo 19 de septiembre se realizar\\u00e1 la esperada grabaci\\u00f3n del DVD y disco en vivo de Desorden P\\u00fablico, donde incluir\\u00e1n temas de su pr\\u00f3ximo LP.\",\"inLanguage\":\"es\",\"potentialAction\":[{\"@type\":\"ReadAction\",\"target\":[\"https:\/\/www.oidossucios.com\/site\/los-managers-de-jamiroquai-se-encargaran-de-los-amigos-invisibles\/\"]}]},{\"@type\":[\"Person\"],\"@id\":\"https:\/\/www.oidossucios.com\/site\/#\/schema\/person\/24559eeb76bf83a63296fb072393a688\",\"name\":\"Oidossucios\",\"image\":{\"@type\":\"ImageObject\",\"@id\":\"https:\/\/www.oidossucios.com\/site\/#personlogo\",\"inLanguage\":\"es\",\"url\":\"https:\/\/secure.gravatar.com\/avatar\/74fcb480f42f1a33e50a0b6e6369a3f907be2e43dc84fa5f76c66e9c22b4a5ab?s=96&d=mm&r=g\",\"caption\":\"Oidossucios\"},\"sameAs\":[\"https:\/\/twitter.com\/oidossucios\"]}]}<\/script>\n<!-- \/ Yoast SEO plugin. -->","jetpack_sharing_enabled":true,"_links":{"self":[{"href":"https:\/\/www.oidossucios.com\/site\/wp-json\/wp\/v2\/posts\/841","targetHints":{"allow":["GET"]}}],"collection":[{"href":"https:\/\/www.oidossucios.com\/site\/wp-json\/wp\/v2\/posts"}],"about":[{"href":"https:\/\/www.oidossucios.com\/site\/wp-json\/wp\/v2\/types\/post"}],"author":[{"embeddable":true,"href":"https:\/\/www.oidossucios.com\/site\/wp-json\/wp\/v2\/users\/4"}],"replies":[{"embeddable":true,"href":"https:\/\/www.oidossucios.com\/site\/wp-json\/wp\/v2\/comments?post=841"}],"version-history":[{"count":0,"href":"https:\/\/www.oidossucios.com\/site\/wp-json\/wp\/v2\/posts\/841\/revisions"}],"wp:featuredmedia":[{"embeddable":true,"href":"https:\/\/www.oidossucios.com\/site\/wp-json\/wp\/v2\/media\/10000837"}],"wp:attachment":[{"href":"https:\/\/www.oidossucios.com\/site\/wp-json\/wp\/v2\/media?parent=841"}],"wp:term":[{"taxonomy":"category","embeddable":true,"href":"https:\/\/www.oidossucios.com\/site\/wp-json\/wp\/v2\/categories?post=841"},{"taxonomy":"post_tag","embeddable":true,"href":"https:\/\/www.oidossucios.com\/site\/wp-json\/wp\/v2\/tags?post=841"}],"curies":[{"name":"wp","href":"https:\/\/api.w.org\/{rel}","templated":true}]}}