{"id":8423,"date":"2014-01-22T07:24:00","date_gmt":"2014-01-22T07:24:00","guid":{"rendered":"https:\/\/www.oidossucios.com\/site\/2014\/01\/22\/interpol-sacara-disco-nuevo-este-ano\/"},"modified":"2014-01-22T07:24:00","modified_gmt":"2014-01-22T07:24:00","slug":"interpol-sacara-disco-nuevo-este-ano","status":"publish","type":"post","link":"https:\/\/www.oidossucios.com\/site\/interpol-sacara-disco-nuevo-este-ano\/","title":{"rendered":"Interpol sacar\u00e1 disco nuevo este a\u00f1o"},"content":{"rendered":"\n<p>Quinto disco de Interpol en proceso de creaci\u00f3n. Esta es una gran  noticia para aquellos que desde hace tres a\u00f1os, tras la salida su \u00e1lbum  hom\u00f3nimo, han estado esperando nueva m\u00fasica de Paul Banks y compa\u00f1\u00eda,  siendo anunciado por la propia banda.<\/p>\n<p>Los planes de la banda no contemplan a\u00fan una fecha espec\u00edfica, pero  esperan colocarlo en el mercado este mismo a\u00f1o, lo que pudiera prever el  estreno de algunos tracks en vivo en las fechas que ya tiene  confirmadas hasta el momento.<\/p>\n<p><\/p>\n<p>Fuente: www.warp.la<\/p>\n","protected":false},"excerpt":{"rendered":"<p>Quinto disco de Interpol en proceso de creaci\u00f3n. Esta es una gran noticia para aquellos que desde hace tres a\u00f1os, tras la salida su \u00e1lbum hom\u00f3nimo, han estado esperando nueva m\u00fasica de Paul Banks y compa\u00f1\u00eda, siendo anunciado por la propia banda. Los planes de la banda no contemplan a\u00fan una fecha espec\u00edfica, pero esperan [&hellip;]<\/p>\n","protected":false},"author":4,"featured_media":100008423,"comment_status":"open","ping_status":"open","sticky":false,"template":"","format":"standard","meta":{"_jetpack_memberships_contains_paid_content":false,"footnotes":""},"categories":[142],"tags":[],"class_list":["post-8423","post","type-post","status-publish","format-standard","has-post-thumbnail","hentry","category-buzznews"],"jetpack_featured_media_url":"https:\/\/www.oidossucios.com\/site\/wp-content\/uploads\/2014\/01\/8423.jpg","yoast_head":"<!-- This site is optimized with the Yoast SEO plugin v14.0.4 - https:\/\/yoast.com\/wordpress\/plugins\/seo\/ -->\n<title>Interpol sacar\u00e1 disco nuevo este a\u00f1o - OidosSucios.Com<\/title>\n<meta name=\"robots\" content=\"index, follow\" \/>\n<meta name=\"googlebot\" content=\"index, follow, max-snippet:-1, max-image-preview:large, max-video-preview:-1\" \/>\n<meta name=\"bingbot\" content=\"index, follow, max-snippet:-1, max-image-preview:large, max-video-preview:-1\" \/>\n<link rel=\"canonical\" href=\"https:\/\/www.oidossucios.com\/site\/interpol-sacara-disco-nuevo-este-ano\/\" \/>\n<meta property=\"og:locale\" content=\"es_ES\" \/>\n<meta property=\"og:type\" content=\"article\" \/>\n<meta property=\"og:title\" content=\"Interpol sacar\u00e1 disco nuevo este a\u00f1o - OidosSucios.Com\" \/>\n<meta property=\"og:description\" content=\"Quinto disco de Interpol en proceso de creaci\u00f3n. Esta es una gran noticia para aquellos que desde hace tres a\u00f1os, tras la salida su \u00e1lbum hom\u00f3nimo, han estado esperando nueva m\u00fasica de Paul Banks y compa\u00f1\u00eda, siendo anunciado por la propia banda. Los planes de la banda no contemplan a\u00fan una fecha espec\u00edfica, pero esperan [&hellip;]\" \/>\n<meta property=\"og:url\" content=\"https:\/\/www.oidossucios.com\/site\/interpol-sacara-disco-nuevo-este-ano\/\" \/>\n<meta property=\"og:site_name\" content=\"OidosSucios.Com\" \/>\n<meta property=\"article:published_time\" content=\"2014-01-22T07:24:00+00:00\" \/>\n<meta property=\"og:image\" content=\"https:\/\/www.oidossucios.com\/site\/wp-content\/uploads\/2014\/01\/8423.jpg\" \/>\n\t<meta property=\"og:image:width\" content=\"350\" \/>\n\t<meta property=\"og:image:height\" content=\"300\" \/>\n<meta name=\"twitter:card\" content=\"summary_large_image\" \/>\n<meta name=\"twitter:creator\" content=\"@oidossucios\" \/>\n<script type=\"application\/ld+json\" class=\"yoast-schema-graph\">{\"@context\":\"https:\/\/schema.org\",\"@graph\":[{\"@type\":\"WebSite\",\"@id\":\"https:\/\/www.oidossucios.com\/site\/#website\",\"url\":\"https:\/\/www.oidossucios.com\/site\/\",\"name\":\"OidosSucios.Com\",\"description\":\"M\\u00fasica, conciertos, discos\",\"potentialAction\":[{\"@type\":\"SearchAction\",\"target\":\"https:\/\/www.oidossucios.com\/site\/?s={search_term_string}\",\"query-input\":\"required name=search_term_string\"}],\"inLanguage\":\"es\"},{\"@type\":\"ImageObject\",\"@id\":\"https:\/\/www.oidossucios.com\/site\/interpol-sacara-disco-nuevo-este-ano\/#primaryimage\",\"inLanguage\":\"es\",\"url\":\"https:\/\/www.oidossucios.com\/site\/wp-content\/uploads\/2014\/01\/8423.jpg\",\"width\":350,\"height\":300},{\"@type\":\"WebPage\",\"@id\":\"https:\/\/www.oidossucios.com\/site\/interpol-sacara-disco-nuevo-este-ano\/#webpage\",\"url\":\"https:\/\/www.oidossucios.com\/site\/interpol-sacara-disco-nuevo-este-ano\/\",\"name\":\"Interpol sacar\\u00e1 disco nuevo este a\\u00f1o - OidosSucios.Com\",\"isPartOf\":{\"@id\":\"https:\/\/www.oidossucios.com\/site\/#website\"},\"primaryImageOfPage\":{\"@id\":\"https:\/\/www.oidossucios.com\/site\/interpol-sacara-disco-nuevo-este-ano\/#primaryimage\"},\"datePublished\":\"2014-01-22T07:24:00+00:00\",\"dateModified\":\"2014-01-22T07:24:00+00:00\",\"author\":{\"@id\":\"https:\/\/www.oidossucios.com\/site\/#\/schema\/person\/24559eeb76bf83a63296fb072393a688\"},\"inLanguage\":\"es\",\"potentialAction\":[{\"@type\":\"ReadAction\",\"target\":[\"https:\/\/www.oidossucios.com\/site\/interpol-sacara-disco-nuevo-este-ano\/\"]}]},{\"@type\":[\"Person\"],\"@id\":\"https:\/\/www.oidossucios.com\/site\/#\/schema\/person\/24559eeb76bf83a63296fb072393a688\",\"name\":\"Oidossucios\",\"image\":{\"@type\":\"ImageObject\",\"@id\":\"https:\/\/www.oidossucios.com\/site\/#personlogo\",\"inLanguage\":\"es\",\"url\":\"https:\/\/secure.gravatar.com\/avatar\/74fcb480f42f1a33e50a0b6e6369a3f907be2e43dc84fa5f76c66e9c22b4a5ab?s=96&d=mm&r=g\",\"caption\":\"Oidossucios\"},\"sameAs\":[\"https:\/\/twitter.com\/oidossucios\"]}]}<\/script>\n<!-- \/ Yoast SEO plugin. -->","jetpack_sharing_enabled":true,"_links":{"self":[{"href":"https:\/\/www.oidossucios.com\/site\/wp-json\/wp\/v2\/posts\/8423","targetHints":{"allow":["GET"]}}],"collection":[{"href":"https:\/\/www.oidossucios.com\/site\/wp-json\/wp\/v2\/posts"}],"about":[{"href":"https:\/\/www.oidossucios.com\/site\/wp-json\/wp\/v2\/types\/post"}],"author":[{"embeddable":true,"href":"https:\/\/www.oidossucios.com\/site\/wp-json\/wp\/v2\/users\/4"}],"replies":[{"embeddable":true,"href":"https:\/\/www.oidossucios.com\/site\/wp-json\/wp\/v2\/comments?post=8423"}],"version-history":[{"count":0,"href":"https:\/\/www.oidossucios.com\/site\/wp-json\/wp\/v2\/posts\/8423\/revisions"}],"wp:featuredmedia":[{"embeddable":true,"href":"https:\/\/www.oidossucios.com\/site\/wp-json\/wp\/v2\/media\/100008423"}],"wp:attachment":[{"href":"https:\/\/www.oidossucios.com\/site\/wp-json\/wp\/v2\/media?parent=8423"}],"wp:term":[{"taxonomy":"category","embeddable":true,"href":"https:\/\/www.oidossucios.com\/site\/wp-json\/wp\/v2\/categories?post=8423"},{"taxonomy":"post_tag","embeddable":true,"href":"https:\/\/www.oidossucios.com\/site\/wp-json\/wp\/v2\/tags?post=8423"}],"curies":[{"name":"wp","href":"https:\/\/api.w.org\/{rel}","templated":true}]}}