{"id":8431,"date":"2014-01-23T05:04:00","date_gmt":"2014-01-23T05:04:00","guid":{"rendered":"https:\/\/www.oidossucios.com\/site\/2014\/01\/23\/paul-mccartney-y-ringo-starr-juntos-en-un-show-tributo-a-the-beatles\/"},"modified":"2014-01-23T05:04:00","modified_gmt":"2014-01-23T05:04:00","slug":"paul-mccartney-y-ringo-starr-juntos-en-un-show-tributo-a-the-beatles","status":"publish","type":"post","link":"https:\/\/www.oidossucios.com\/site\/paul-mccartney-y-ringo-starr-juntos-en-un-show-tributo-a-the-beatles\/","title":{"rendered":"Paul McCartney y Ringo Starr, juntos en un show tributo a The Beatles"},"content":{"rendered":"<p>El 27 de enero de 1964, The Beatles grabaron su primera aparici\u00f3n televisiva en Estados Unidos, que dio lugar al fen\u00f3meno de la beatlemania al otro lado del charco. A modo de conmemoraci\u00f3n, Paul McCartney y Ringo Starr actuar\u00e1n, seg\u00fan informa NME, &#8220;en un gran show&#8221; en el espacio televisivo de Ed Sullivan en la CBS, el pr\u00f3ximo lunes, coincidiendo con el 50 aniversario de su primera grabaci\u00f3n estadounidense.<\/p>\n<p>Los rumores sobre esta actuaci\u00f3n homenaje, que tendr\u00e1 lugar un d\u00eda despu\u00e9s de que Starr y McCartney toquen en los Grammy, comenzaron hace dos semanas, aunque en principio apuntaban a que tendr\u00eda lugar en El show de David Letterman (NBC) a principios de febrero, conmemorando la fecha de emisi\u00f3n de la primera aparici\u00f3n televisiva de la banda \u00969 de febrero\u0096 y no la de su grabaci\u00f3n. \u00bfQu\u00e9 temas de los Beatles rememorar\u00e1 el d\u00fao? <\/p>\n<p>Fuente: www.rollingstone.es<\/p>\n","protected":false},"excerpt":{"rendered":"<p>El 27 de enero de 1964, The Beatles grabaron su primera aparici\u00f3n televisiva en Estados Unidos, que dio lugar al fen\u00f3meno de la beatlemania al otro lado del charco. A modo de conmemoraci\u00f3n, Paul McCartney y Ringo Starr actuar\u00e1n, seg\u00fan informa NME, &#8220;en un gran show&#8221; en el espacio televisivo de Ed Sullivan en la [&hellip;]<\/p>\n","protected":false},"author":4,"featured_media":0,"comment_status":"open","ping_status":"open","sticky":false,"template":"","format":"standard","meta":{"_jetpack_memberships_contains_paid_content":false,"footnotes":""},"categories":[142],"tags":[],"class_list":["post-8431","post","type-post","status-publish","format-standard","hentry","category-buzznews"],"jetpack_featured_media_url":"","yoast_head":"<!-- This site is optimized with the Yoast SEO plugin v14.0.4 - https:\/\/yoast.com\/wordpress\/plugins\/seo\/ -->\n<title>Paul McCartney y Ringo Starr, juntos en un show tributo a The Beatles - OidosSucios.Com<\/title>\n<meta name=\"robots\" content=\"index, follow\" \/>\n<meta name=\"googlebot\" content=\"index, follow, max-snippet:-1, max-image-preview:large, max-video-preview:-1\" \/>\n<meta name=\"bingbot\" content=\"index, follow, max-snippet:-1, max-image-preview:large, max-video-preview:-1\" \/>\n<link rel=\"canonical\" href=\"https:\/\/www.oidossucios.com\/site\/paul-mccartney-y-ringo-starr-juntos-en-un-show-tributo-a-the-beatles\/\" \/>\n<meta property=\"og:locale\" content=\"es_ES\" \/>\n<meta property=\"og:type\" content=\"article\" \/>\n<meta property=\"og:title\" content=\"Paul McCartney y Ringo Starr, juntos en un show tributo a The Beatles - OidosSucios.Com\" \/>\n<meta property=\"og:description\" content=\"El 27 de enero de 1964, The Beatles grabaron su primera aparici\u00f3n televisiva en Estados Unidos, que dio lugar al fen\u00f3meno de la beatlemania al otro lado del charco. A modo de conmemoraci\u00f3n, Paul McCartney y Ringo Starr actuar\u00e1n, seg\u00fan informa NME, &#8220;en un gran show&#8221; en el espacio televisivo de Ed Sullivan en la [&hellip;]\" \/>\n<meta property=\"og:url\" content=\"https:\/\/www.oidossucios.com\/site\/paul-mccartney-y-ringo-starr-juntos-en-un-show-tributo-a-the-beatles\/\" \/>\n<meta property=\"og:site_name\" content=\"OidosSucios.Com\" \/>\n<meta property=\"article:published_time\" content=\"2014-01-23T05:04:00+00:00\" \/>\n<meta name=\"twitter:card\" content=\"summary_large_image\" \/>\n<meta name=\"twitter:creator\" content=\"@oidossucios\" \/>\n<script type=\"application\/ld+json\" class=\"yoast-schema-graph\">{\"@context\":\"https:\/\/schema.org\",\"@graph\":[{\"@type\":\"WebSite\",\"@id\":\"https:\/\/www.oidossucios.com\/site\/#website\",\"url\":\"https:\/\/www.oidossucios.com\/site\/\",\"name\":\"OidosSucios.Com\",\"description\":\"M\\u00fasica, conciertos, discos\",\"potentialAction\":[{\"@type\":\"SearchAction\",\"target\":\"https:\/\/www.oidossucios.com\/site\/?s={search_term_string}\",\"query-input\":\"required name=search_term_string\"}],\"inLanguage\":\"es\"},{\"@type\":\"WebPage\",\"@id\":\"https:\/\/www.oidossucios.com\/site\/paul-mccartney-y-ringo-starr-juntos-en-un-show-tributo-a-the-beatles\/#webpage\",\"url\":\"https:\/\/www.oidossucios.com\/site\/paul-mccartney-y-ringo-starr-juntos-en-un-show-tributo-a-the-beatles\/\",\"name\":\"Paul McCartney y Ringo Starr, juntos en un show tributo a The Beatles - OidosSucios.Com\",\"isPartOf\":{\"@id\":\"https:\/\/www.oidossucios.com\/site\/#website\"},\"datePublished\":\"2014-01-23T05:04:00+00:00\",\"dateModified\":\"2014-01-23T05:04:00+00:00\",\"author\":{\"@id\":\"https:\/\/www.oidossucios.com\/site\/#\/schema\/person\/24559eeb76bf83a63296fb072393a688\"},\"inLanguage\":\"es\",\"potentialAction\":[{\"@type\":\"ReadAction\",\"target\":[\"https:\/\/www.oidossucios.com\/site\/paul-mccartney-y-ringo-starr-juntos-en-un-show-tributo-a-the-beatles\/\"]}]},{\"@type\":[\"Person\"],\"@id\":\"https:\/\/www.oidossucios.com\/site\/#\/schema\/person\/24559eeb76bf83a63296fb072393a688\",\"name\":\"Oidossucios\",\"image\":{\"@type\":\"ImageObject\",\"@id\":\"https:\/\/www.oidossucios.com\/site\/#personlogo\",\"inLanguage\":\"es\",\"url\":\"https:\/\/secure.gravatar.com\/avatar\/74fcb480f42f1a33e50a0b6e6369a3f907be2e43dc84fa5f76c66e9c22b4a5ab?s=96&d=mm&r=g\",\"caption\":\"Oidossucios\"},\"sameAs\":[\"https:\/\/twitter.com\/oidossucios\"]}]}<\/script>\n<!-- \/ Yoast SEO plugin. -->","jetpack_sharing_enabled":true,"_links":{"self":[{"href":"https:\/\/www.oidossucios.com\/site\/wp-json\/wp\/v2\/posts\/8431","targetHints":{"allow":["GET"]}}],"collection":[{"href":"https:\/\/www.oidossucios.com\/site\/wp-json\/wp\/v2\/posts"}],"about":[{"href":"https:\/\/www.oidossucios.com\/site\/wp-json\/wp\/v2\/types\/post"}],"author":[{"embeddable":true,"href":"https:\/\/www.oidossucios.com\/site\/wp-json\/wp\/v2\/users\/4"}],"replies":[{"embeddable":true,"href":"https:\/\/www.oidossucios.com\/site\/wp-json\/wp\/v2\/comments?post=8431"}],"version-history":[{"count":0,"href":"https:\/\/www.oidossucios.com\/site\/wp-json\/wp\/v2\/posts\/8431\/revisions"}],"wp:attachment":[{"href":"https:\/\/www.oidossucios.com\/site\/wp-json\/wp\/v2\/media?parent=8431"}],"wp:term":[{"taxonomy":"category","embeddable":true,"href":"https:\/\/www.oidossucios.com\/site\/wp-json\/wp\/v2\/categories?post=8431"},{"taxonomy":"post_tag","embeddable":true,"href":"https:\/\/www.oidossucios.com\/site\/wp-json\/wp\/v2\/tags?post=8431"}],"curies":[{"name":"wp","href":"https:\/\/api.w.org\/{rel}","templated":true}]}}