{"id":8451,"date":"2014-01-31T07:07:00","date_gmt":"2014-01-31T07:07:00","guid":{"rendered":"https:\/\/www.oidossucios.com\/site\/2014\/01\/31\/presidente-y-la-pequena-revancha-juntos-en-la-fiesta-domestica\/"},"modified":"2014-01-31T07:07:00","modified_gmt":"2014-01-31T07:07:00","slug":"presidente-y-la-pequena-revancha-juntos-en-la-fiesta-domestica","status":"publish","type":"post","link":"https:\/\/www.oidossucios.com\/site\/presidente-y-la-pequena-revancha-juntos-en-la-fiesta-domestica\/","title":{"rendered":"Presidente y La Peque\u00f1a Revancha juntos en La Fiesta Dom\u00e9stica"},"content":{"rendered":"<p><b>La Fiesta Dom\u00e9stica<\/b>&nbsp;es el nombre del primer ciclo de fiestas tem\u00e1ticas presentado por Entorno Dom\u00e9stico (casa de m\u00fasica en Maracaibo), donde bandas que integran esta familia compartir\u00e1n tarima con aliadas de Caracas o del resto del pa\u00eds. Estos encuentros ser\u00e1n bimestrales y en cada entrega habr\u00e1 algo nuevo que ver o escuchar, lanzamientos de discos, v\u00eddeos, sencillos y tambi\u00e9n venta de mercancia de las bandas. Nuestro slogan es &#8220;Como en Casa&#8221;, y qu\u00e9 mejor lugar para La Fiesta Dom\u00e9stica que La Quinta Bar, ubicada en la Calle Mucuchies de Las Mercedes, Caracas, Venezuela. <\/p>\n<p>&nbsp;<\/p>\n<p>La primera de varias fiestas que ya tenemos planificadas para este a\u00f1o, se realizar\u00e1 el s\u00e1bado 8 de febrero y contar\u00e1 con la presentaci\u00f3n en vivo de&nbsp;<b>Presidente<\/b>,&nbsp;<b>La<\/b>&nbsp;<b>Peque\u00f1a Revancha<\/b>&nbsp;y&nbsp;<b>DJ Illinoise<\/b>.<\/p>\n<p>&nbsp;<\/p>\n<p>Presidente, adem\u00e1s, har\u00e1 el estreno exclusivo de su nuevo video, &#8220;Live Sushi&#8221;, sencillo extra\u00eddo de su m\u00e1s reciente producci\u00f3n &#8220;Chuca Chuca&#8221;.<\/p>\n<p>Para los que no nos conocen, Entorno Dom\u00e9stico es una casa de m\u00fasica que naci\u00f3 en 2011 con la idea de formalizar lo que hab\u00eda surgido de una forma natural: un di\u00e1logo colectivo en la creaci\u00f3n de m\u00fasica y grabaciones entre varios j\u00f3venes marabinos. Busca explorar todas las experiencias posibles entre el m\u00fasico y el espectador: desde descargas digitales gratuitas, hasta tirajes limitados de CDs. Todos los artistas que conforman hoy Entorno Dom\u00e9stico han tenido una estrecha relaci\u00f3n desde la adolescencia, esto hace que su casa de m\u00fasica tenga una ineludible sensaci\u00f3n familiar.&nbsp; <\/p>\n<p>Repetimos las coordenadas de la&nbsp;<b>1era Fiesta Dom\u00e9stica<\/b>:<b><\/p>\n<p>Presidente, La Peque\u00f1a Revancha y DJ Illinoise<br \/>Lugar<\/b>: La Quinta Bar<b><br \/>Hora<\/b>: 10PM<b><br \/>Twitter<\/b>: @fiestaDomestica<\/p>\n","protected":false},"excerpt":{"rendered":"<p>La Fiesta Dom\u00e9stica&nbsp;es el nombre del primer ciclo de fiestas tem\u00e1ticas presentado por Entorno Dom\u00e9stico (casa de m\u00fasica en Maracaibo), donde bandas que integran esta familia compartir\u00e1n tarima con aliadas de Caracas o del resto del pa\u00eds. Estos encuentros ser\u00e1n bimestrales y en cada entrega habr\u00e1 algo nuevo que ver o escuchar, lanzamientos de discos, [&hellip;]<\/p>\n","protected":false},"author":4,"featured_media":100008451,"comment_status":"open","ping_status":"open","sticky":false,"template":"","format":"standard","meta":{"_jetpack_memberships_contains_paid_content":false,"footnotes":""},"categories":[142],"tags":[],"class_list":["post-8451","post","type-post","status-publish","format-standard","has-post-thumbnail","hentry","category-buzznews"],"jetpack_featured_media_url":"https:\/\/www.oidossucios.com\/site\/wp-content\/uploads\/2014\/01\/8451.jpg","yoast_head":"<!-- This site is optimized with the Yoast SEO plugin v14.0.4 - https:\/\/yoast.com\/wordpress\/plugins\/seo\/ -->\n<title>Presidente y La Peque\u00f1a Revancha juntos en La Fiesta Dom\u00e9stica - OidosSucios.Com<\/title>\n<meta name=\"robots\" content=\"index, follow\" \/>\n<meta name=\"googlebot\" content=\"index, follow, max-snippet:-1, max-image-preview:large, max-video-preview:-1\" \/>\n<meta name=\"bingbot\" content=\"index, follow, max-snippet:-1, max-image-preview:large, max-video-preview:-1\" \/>\n<link rel=\"canonical\" href=\"https:\/\/www.oidossucios.com\/site\/presidente-y-la-pequena-revancha-juntos-en-la-fiesta-domestica\/\" \/>\n<meta property=\"og:locale\" content=\"es_ES\" \/>\n<meta property=\"og:type\" content=\"article\" \/>\n<meta property=\"og:title\" content=\"Presidente y La Peque\u00f1a Revancha juntos en La Fiesta Dom\u00e9stica - OidosSucios.Com\" \/>\n<meta property=\"og:description\" content=\"La Fiesta Dom\u00e9stica&nbsp;es el nombre del primer ciclo de fiestas tem\u00e1ticas presentado por Entorno Dom\u00e9stico (casa de m\u00fasica en Maracaibo), donde bandas que integran esta familia compartir\u00e1n tarima con aliadas de Caracas o del resto del pa\u00eds. Estos encuentros ser\u00e1n bimestrales y en cada entrega habr\u00e1 algo nuevo que ver o escuchar, lanzamientos de discos, [&hellip;]\" \/>\n<meta property=\"og:url\" content=\"https:\/\/www.oidossucios.com\/site\/presidente-y-la-pequena-revancha-juntos-en-la-fiesta-domestica\/\" \/>\n<meta property=\"og:site_name\" content=\"OidosSucios.Com\" \/>\n<meta property=\"article:published_time\" content=\"2014-01-31T07:07:00+00:00\" \/>\n<meta property=\"og:image\" content=\"https:\/\/www.oidossucios.com\/site\/wp-content\/uploads\/2014\/01\/8451.jpg\" \/>\n\t<meta property=\"og:image:width\" content=\"350\" \/>\n\t<meta property=\"og:image:height\" content=\"300\" \/>\n<meta name=\"twitter:card\" content=\"summary_large_image\" \/>\n<meta name=\"twitter:creator\" content=\"@oidossucios\" \/>\n<script type=\"application\/ld+json\" class=\"yoast-schema-graph\">{\"@context\":\"https:\/\/schema.org\",\"@graph\":[{\"@type\":\"WebSite\",\"@id\":\"https:\/\/www.oidossucios.com\/site\/#website\",\"url\":\"https:\/\/www.oidossucios.com\/site\/\",\"name\":\"OidosSucios.Com\",\"description\":\"M\\u00fasica, conciertos, discos\",\"potentialAction\":[{\"@type\":\"SearchAction\",\"target\":\"https:\/\/www.oidossucios.com\/site\/?s={search_term_string}\",\"query-input\":\"required name=search_term_string\"}],\"inLanguage\":\"es\"},{\"@type\":\"ImageObject\",\"@id\":\"https:\/\/www.oidossucios.com\/site\/presidente-y-la-pequena-revancha-juntos-en-la-fiesta-domestica\/#primaryimage\",\"inLanguage\":\"es\",\"url\":\"https:\/\/www.oidossucios.com\/site\/wp-content\/uploads\/2014\/01\/8451.jpg\",\"width\":350,\"height\":300},{\"@type\":\"WebPage\",\"@id\":\"https:\/\/www.oidossucios.com\/site\/presidente-y-la-pequena-revancha-juntos-en-la-fiesta-domestica\/#webpage\",\"url\":\"https:\/\/www.oidossucios.com\/site\/presidente-y-la-pequena-revancha-juntos-en-la-fiesta-domestica\/\",\"name\":\"Presidente y La Peque\\u00f1a Revancha juntos en La Fiesta Dom\\u00e9stica - OidosSucios.Com\",\"isPartOf\":{\"@id\":\"https:\/\/www.oidossucios.com\/site\/#website\"},\"primaryImageOfPage\":{\"@id\":\"https:\/\/www.oidossucios.com\/site\/presidente-y-la-pequena-revancha-juntos-en-la-fiesta-domestica\/#primaryimage\"},\"datePublished\":\"2014-01-31T07:07:00+00:00\",\"dateModified\":\"2014-01-31T07:07:00+00:00\",\"author\":{\"@id\":\"https:\/\/www.oidossucios.com\/site\/#\/schema\/person\/24559eeb76bf83a63296fb072393a688\"},\"inLanguage\":\"es\",\"potentialAction\":[{\"@type\":\"ReadAction\",\"target\":[\"https:\/\/www.oidossucios.com\/site\/presidente-y-la-pequena-revancha-juntos-en-la-fiesta-domestica\/\"]}]},{\"@type\":[\"Person\"],\"@id\":\"https:\/\/www.oidossucios.com\/site\/#\/schema\/person\/24559eeb76bf83a63296fb072393a688\",\"name\":\"Oidossucios\",\"image\":{\"@type\":\"ImageObject\",\"@id\":\"https:\/\/www.oidossucios.com\/site\/#personlogo\",\"inLanguage\":\"es\",\"url\":\"https:\/\/secure.gravatar.com\/avatar\/74fcb480f42f1a33e50a0b6e6369a3f907be2e43dc84fa5f76c66e9c22b4a5ab?s=96&d=mm&r=g\",\"caption\":\"Oidossucios\"},\"sameAs\":[\"https:\/\/twitter.com\/oidossucios\"]}]}<\/script>\n<!-- \/ Yoast SEO plugin. -->","jetpack_sharing_enabled":true,"_links":{"self":[{"href":"https:\/\/www.oidossucios.com\/site\/wp-json\/wp\/v2\/posts\/8451","targetHints":{"allow":["GET"]}}],"collection":[{"href":"https:\/\/www.oidossucios.com\/site\/wp-json\/wp\/v2\/posts"}],"about":[{"href":"https:\/\/www.oidossucios.com\/site\/wp-json\/wp\/v2\/types\/post"}],"author":[{"embeddable":true,"href":"https:\/\/www.oidossucios.com\/site\/wp-json\/wp\/v2\/users\/4"}],"replies":[{"embeddable":true,"href":"https:\/\/www.oidossucios.com\/site\/wp-json\/wp\/v2\/comments?post=8451"}],"version-history":[{"count":0,"href":"https:\/\/www.oidossucios.com\/site\/wp-json\/wp\/v2\/posts\/8451\/revisions"}],"wp:featuredmedia":[{"embeddable":true,"href":"https:\/\/www.oidossucios.com\/site\/wp-json\/wp\/v2\/media\/100008451"}],"wp:attachment":[{"href":"https:\/\/www.oidossucios.com\/site\/wp-json\/wp\/v2\/media?parent=8451"}],"wp:term":[{"taxonomy":"category","embeddable":true,"href":"https:\/\/www.oidossucios.com\/site\/wp-json\/wp\/v2\/categories?post=8451"},{"taxonomy":"post_tag","embeddable":true,"href":"https:\/\/www.oidossucios.com\/site\/wp-json\/wp\/v2\/tags?post=8451"}],"curies":[{"name":"wp","href":"https:\/\/api.w.org\/{rel}","templated":true}]}}