{"id":8464,"date":"2014-02-07T01:52:00","date_gmt":"2014-02-07T01:52:00","guid":{"rendered":"https:\/\/www.oidossucios.com\/site\/2014\/02\/07\/nuevo-sencillo-de-famasloop-proximo-a-estrenarse\/"},"modified":"2014-02-07T01:52:00","modified_gmt":"2014-02-07T01:52:00","slug":"nuevo-sencillo-de-famasloop-proximo-a-estrenarse","status":"publish","type":"post","link":"https:\/\/www.oidossucios.com\/site\/nuevo-sencillo-de-famasloop-proximo-a-estrenarse\/","title":{"rendered":"Nuevo sencillo de Famasloop pr\u00f3ximo a estrenarse"},"content":{"rendered":"\n<p align=\"justify\" style=\"margin: 0px; color: rgb(34, 34, 34); font-family: arial,sans-serif; font-size: 13px; font-style: normal; font-variant: normal; font-weight: normal; letter-spacing: normal; line-height: normal; text-indent: 0px; text-transform: none; white-space: normal; word-spacing: 0px; background-color: rgb(255, 255, 255); text-align: justify;\" class=\"MsoNormal\">El<span class=\"Apple-converted-space\">&nbsp;<\/span><i>cuc\u00fa pop<\/i><span class=\"Apple-converted-space\">&nbsp;<\/span>de Famasloop tiene previsto apoderarse del 2014 y la mejor forma de hacerlo es con el lanzamiento del esperado sencillo &#8220;All\u00ed Est\u00e1s&#8221;, el pr\u00f3ximo lunes 10 de febrero a las 6:00pm en el programa &#8220;A La Cuenta de Tres&#8221; por la 107.3 fm: La Mega estaci\u00f3n.<\/p>\n<p align=\"justify\" style=\"margin: 0px; color: rgb(34, 34, 34); font-family: arial,sans-serif; font-size: 13px; font-style: normal; font-variant: normal; font-weight: normal; letter-spacing: normal; line-height: normal; text-indent: 0px; text-transform: none; white-space: normal; word-spacing: 0px; background-color: rgb(255, 255, 255); text-align: justify;\" class=\"MsoNormal\"><\/p>\n<p align=\"justify\" style=\"margin: 0px; color: rgb(34, 34, 34); font-family: arial,sans-serif; font-size: 13px; font-style: normal; font-variant: normal; font-weight: normal; letter-spacing: normal; line-height: normal; text-indent: 0px; text-transform: none; white-space: normal; word-spacing: 0px; background-color: rgb(255, 255, 255); text-align: justify;\" class=\"MsoNormal\"><\/p>\n<p align=\"justify\" style=\"margin: 0px; color: rgb(34, 34, 34); font-family: arial,sans-serif; font-size: 13px; font-style: normal; font-variant: normal; font-weight: normal; letter-spacing: normal; line-height: normal; text-indent: 0px; text-transform: none; white-space: normal; word-spacing: 0px; background-color: rgb(255, 255, 255); text-align: justify;\" class=\"MsoNormal\">&#8220;All\u00ed Est\u00e1s&#8221;&nbsp; es una de las canciones m\u00e1s reconocidas de Famasloop gracias a formar parte del de la pel\u00edcula venezolana &#8220;Nena Sal\u00fadame al Diego&#8221; ganadora en el rengl\u00f3n &#8220;Mejor Banda Sonora&#8221; en el Festival de Cine de M\u00e9rida. Actualmente &#8220;All\u00ed Est\u00e1s&#8221;&nbsp; ser\u00e1 incluida en la nueva novela de Ibsen Mart\u00ednez que se&nbsp; transmitir\u00e1 en horario primetime por Televen.<\/p>\n<p align=\"justify\" style=\"margin: 0px; color: rgb(34, 34, 34); font-family: arial,sans-serif; font-size: 13px; font-style: normal; font-variant: normal; font-weight: normal; letter-spacing: normal; line-height: normal; text-indent: 0px; text-transform: none; white-space: normal; word-spacing: 0px; background-color: rgb(255, 255, 255); text-align: justify;\" class=\"MsoNormal\"><\/p>\n<p align=\"justify\" style=\"margin: 0px; color: rgb(34, 34, 34); font-family: arial,sans-serif; font-size: 13px; font-style: normal; font-variant: normal; font-weight: normal; letter-spacing: normal; line-height: normal; text-indent: 0px; text-transform: none; white-space: normal; word-spacing: 0px; background-color: rgb(255, 255, 255); text-align: justify;\" class=\"MsoNormal\"><\/p>\n<p align=\"left\" style=\"margin: 0px; color: rgb(34, 34, 34); font-family: arial,sans-serif; font-size: 13px; font-style: normal; font-variant: normal; font-weight: normal; letter-spacing: normal; line-height: normal; text-indent: 0px; text-transform: none; white-space: normal; word-spacing: 0px; background-color: rgb(255, 255, 255); text-align: justify;\" class=\"MsoNormal\">Famasloop pr\u00f3ximamente estar\u00e1 lanzando el EP titulado &#8220;Cenizas&#8221;: un compilado de B-Sides y temas in\u00e9ditos, entre los que se podr\u00e1 escuchar el nuevo single.<\/p>\n<p align=\"justify\" style=\"margin: 0px; color: rgb(34, 34, 34); font-family: arial,sans-serif; font-size: 13px; font-style: normal; font-variant: normal; font-weight: normal; letter-spacing: normal; line-height: normal; text-indent: 0px; text-transform: none; white-space: normal; word-spacing: 0px; background-color: rgb(255, 255, 255); text-align: justify;\" class=\"MsoNormal\"><\/p>\n<p align=\"justify\" style=\"margin: 0px; color: rgb(34, 34, 34); font-family: arial,sans-serif; font-size: 13px; font-style: normal; font-variant: normal; font-weight: normal; letter-spacing: normal; line-height: normal; text-indent: 0px; text-transform: none; white-space: normal; word-spacing: 0px; background-color: rgb(255, 255, 255); text-align: justify;\" class=\"MsoNormal\"><\/p>\n<p align=\"left\" style=\"margin: 0px; color: rgb(34, 34, 34); font-family: arial,sans-serif; font-size: 13px; font-style: normal; font-variant: normal; font-weight: normal; letter-spacing: normal; line-height: normal; text-indent: 0px; text-transform: none; white-space: normal; word-spacing: 0px; background-color: rgb(255, 255, 255); text-align: justify;\" class=\"MsoNormal\">Para mayor informaci\u00f3n de Famasloop visita<span style=\"color: rgb(17, 85, 204);\"><span style=\"color: rgb(0, 0, 0);\"> <a href=\"www.famasloop.com\">www.famasloop.com<\/a><\/span><br \/><\/span><\/p>\n<p><a href=\"https:\/\/twitter.com\/famasloop\">&nbsp;<\/a> <\/p>\n<p align=\"left\" style=\"margin: 0px; color: rgb(34, 34, 34); font-family: arial,sans-serif; font-size: 13px; font-style: normal; font-variant: normal; font-weight: normal; letter-spacing: normal; line-height: normal; text-indent: 0px; text-transform: none; white-space: normal; word-spacing: 0px; background-color: rgb(255, 255, 255); text-align: justify;\" class=\"MsoNormal\"><a href=\"https:\/\/twitter.com\/famasloop\"><\/a><a target=\"_blank\" style=\"color: rgb(17, 85, 204);\" href=\"https:\/\/twitter.com\/famasloop\" rel=\"noopener noreferrer\"><\/a><\/p>\n<p align=\"left\" style=\"margin: 0px; color: rgb(34, 34, 34); font-family: arial,sans-serif; font-size: 13px; font-style: normal; font-variant: normal; font-weight: normal; letter-spacing: normal; line-height: normal; text-indent: 0px; text-transform: none; white-space: normal; word-spacing: 0px; background-color: rgb(255, 255, 255); text-align: justify;\" class=\"MsoNormal\"><a target=\"_blank\" style=\"color: rgb(17, 85, 204);\" href=\"https:\/\/twitter.com\/famasloop\" rel=\"noopener noreferrer\"><br \/><\/a><\/p>\n","protected":false},"excerpt":{"rendered":"<p>El pr\u00f3ximo 10 de febrero es el lanzamiento oficial del nuevo tema de Famasloop, &quot;All\u00ed Est\u00e1s&quot;, el cual ser\u00e1 inclu\u00eddo en una telenovela.<\/p>\n","protected":false},"author":4,"featured_media":0,"comment_status":"open","ping_status":"open","sticky":false,"template":"","format":"standard","meta":{"_jetpack_memberships_contains_paid_content":false,"footnotes":""},"categories":[142],"tags":[],"class_list":["post-8464","post","type-post","status-publish","format-standard","hentry","category-buzznews"],"jetpack_featured_media_url":"","yoast_head":"<!-- This site is optimized with the Yoast SEO plugin v14.0.4 - https:\/\/yoast.com\/wordpress\/plugins\/seo\/ -->\n<title>Nuevo sencillo de Famasloop pr\u00f3ximo a estrenarse - OidosSucios.Com<\/title>\n<meta name=\"description\" content=\"El pr\u00f3ximo 10 de febrero es el lanzamiento oficial del nuevo tema de Famasloop, &quot;All\u00ed Est\u00e1s&quot;, el cual ser\u00e1 inclu\u00eddo en una telenovela.\" \/>\n<meta name=\"robots\" content=\"index, follow\" \/>\n<meta name=\"googlebot\" content=\"index, follow, max-snippet:-1, max-image-preview:large, max-video-preview:-1\" \/>\n<meta name=\"bingbot\" content=\"index, follow, max-snippet:-1, max-image-preview:large, max-video-preview:-1\" \/>\n<link rel=\"canonical\" href=\"https:\/\/www.oidossucios.com\/site\/nuevo-sencillo-de-famasloop-proximo-a-estrenarse\/\" \/>\n<meta property=\"og:locale\" content=\"es_ES\" \/>\n<meta property=\"og:type\" content=\"article\" \/>\n<meta property=\"og:title\" content=\"Nuevo sencillo de Famasloop pr\u00f3ximo a estrenarse - OidosSucios.Com\" \/>\n<meta property=\"og:description\" content=\"El pr\u00f3ximo 10 de febrero es el lanzamiento oficial del nuevo tema de Famasloop, &quot;All\u00ed Est\u00e1s&quot;, el cual ser\u00e1 inclu\u00eddo en una telenovela.\" \/>\n<meta property=\"og:url\" content=\"https:\/\/www.oidossucios.com\/site\/nuevo-sencillo-de-famasloop-proximo-a-estrenarse\/\" \/>\n<meta property=\"og:site_name\" content=\"OidosSucios.Com\" \/>\n<meta property=\"article:published_time\" content=\"2014-02-07T01:52:00+00:00\" \/>\n<meta name=\"twitter:card\" content=\"summary_large_image\" \/>\n<meta name=\"twitter:creator\" content=\"@oidossucios\" \/>\n<script type=\"application\/ld+json\" class=\"yoast-schema-graph\">{\"@context\":\"https:\/\/schema.org\",\"@graph\":[{\"@type\":\"WebSite\",\"@id\":\"https:\/\/www.oidossucios.com\/site\/#website\",\"url\":\"https:\/\/www.oidossucios.com\/site\/\",\"name\":\"OidosSucios.Com\",\"description\":\"M\\u00fasica, conciertos, discos\",\"potentialAction\":[{\"@type\":\"SearchAction\",\"target\":\"https:\/\/www.oidossucios.com\/site\/?s={search_term_string}\",\"query-input\":\"required name=search_term_string\"}],\"inLanguage\":\"es\"},{\"@type\":\"WebPage\",\"@id\":\"https:\/\/www.oidossucios.com\/site\/nuevo-sencillo-de-famasloop-proximo-a-estrenarse\/#webpage\",\"url\":\"https:\/\/www.oidossucios.com\/site\/nuevo-sencillo-de-famasloop-proximo-a-estrenarse\/\",\"name\":\"Nuevo sencillo de Famasloop pr\\u00f3ximo a estrenarse - OidosSucios.Com\",\"isPartOf\":{\"@id\":\"https:\/\/www.oidossucios.com\/site\/#website\"},\"datePublished\":\"2014-02-07T01:52:00+00:00\",\"dateModified\":\"2014-02-07T01:52:00+00:00\",\"author\":{\"@id\":\"https:\/\/www.oidossucios.com\/site\/#\/schema\/person\/24559eeb76bf83a63296fb072393a688\"},\"description\":\"El pr\\u00f3ximo 10 de febrero es el lanzamiento oficial del nuevo tema de Famasloop, &quot;All\\u00ed Est\\u00e1s&quot;, el cual ser\\u00e1 inclu\\u00eddo en una telenovela.\",\"inLanguage\":\"es\",\"potentialAction\":[{\"@type\":\"ReadAction\",\"target\":[\"https:\/\/www.oidossucios.com\/site\/nuevo-sencillo-de-famasloop-proximo-a-estrenarse\/\"]}]},{\"@type\":[\"Person\"],\"@id\":\"https:\/\/www.oidossucios.com\/site\/#\/schema\/person\/24559eeb76bf83a63296fb072393a688\",\"name\":\"Oidossucios\",\"image\":{\"@type\":\"ImageObject\",\"@id\":\"https:\/\/www.oidossucios.com\/site\/#personlogo\",\"inLanguage\":\"es\",\"url\":\"https:\/\/secure.gravatar.com\/avatar\/74fcb480f42f1a33e50a0b6e6369a3f907be2e43dc84fa5f76c66e9c22b4a5ab?s=96&d=mm&r=g\",\"caption\":\"Oidossucios\"},\"sameAs\":[\"https:\/\/twitter.com\/oidossucios\"]}]}<\/script>\n<!-- \/ Yoast SEO plugin. -->","jetpack_sharing_enabled":true,"_links":{"self":[{"href":"https:\/\/www.oidossucios.com\/site\/wp-json\/wp\/v2\/posts\/8464","targetHints":{"allow":["GET"]}}],"collection":[{"href":"https:\/\/www.oidossucios.com\/site\/wp-json\/wp\/v2\/posts"}],"about":[{"href":"https:\/\/www.oidossucios.com\/site\/wp-json\/wp\/v2\/types\/post"}],"author":[{"embeddable":true,"href":"https:\/\/www.oidossucios.com\/site\/wp-json\/wp\/v2\/users\/4"}],"replies":[{"embeddable":true,"href":"https:\/\/www.oidossucios.com\/site\/wp-json\/wp\/v2\/comments?post=8464"}],"version-history":[{"count":0,"href":"https:\/\/www.oidossucios.com\/site\/wp-json\/wp\/v2\/posts\/8464\/revisions"}],"wp:attachment":[{"href":"https:\/\/www.oidossucios.com\/site\/wp-json\/wp\/v2\/media?parent=8464"}],"wp:term":[{"taxonomy":"category","embeddable":true,"href":"https:\/\/www.oidossucios.com\/site\/wp-json\/wp\/v2\/categories?post=8464"},{"taxonomy":"post_tag","embeddable":true,"href":"https:\/\/www.oidossucios.com\/site\/wp-json\/wp\/v2\/tags?post=8464"}],"curies":[{"name":"wp","href":"https:\/\/api.w.org\/{rel}","templated":true}]}}