{"id":847,"date":"2003-09-15T05:37:00","date_gmt":"2003-09-15T05:37:00","guid":{"rendered":"https:\/\/www.oidossucios.com\/site\/2003\/09\/15\/no-habra-venezolanos-en-rock-al-parque\/"},"modified":"2003-09-15T05:37:00","modified_gmt":"2003-09-15T05:37:00","slug":"no-habra-venezolanos-en-rock-al-parque","status":"publish","type":"post","link":"https:\/\/www.oidossucios.com\/site\/no-habra-venezolanos-en-rock-al-parque\/","title":{"rendered":"No habr\u00e1 venezolanos en Rock al Parque"},"content":{"rendered":"<p>Ya fue anunciado el cartel oficial de la novena edici\u00f3n del festival Rock al Parque, el evento de rock al aire libre m\u00e1s grande de Latinoam\u00e9rica y que se lleva a cabo todos los a\u00f1os en Bogot\u00e1 (Colombia).<\/p>\n<p>Por segundo a\u00f1o consecutivo, no habr\u00e1 presencia de bandas venezolanas, si bien se hab\u00eda rumorado insistentemente la asistencia de agrupaciones como Despuesdevieja y Vagos y Maleantes.<\/p>\n<p>El cartel definitivo del festival que se llevar\u00e1 a cabo del 11 al 13 de octubre en el parque La Media Torta de Bogot\u00e1 es el siguiente:<\/p>\n<p><b>Bandas Internacionales<\/b><\/p>\n<p>Plastilina Mosh (M\u00e9xico)<br \/>Catupecu Machu (Argentina)<br \/>Inspector (M\u00e9xico)<br \/>Monstrosity (Estados Unidos)<br \/>La Missisippi Blues Band ( Argentina)<br \/>Jaguares (M\u00e9xico)  <\/p>\n<p><b>Bandas Nacionales<\/b><\/p>\n<p>1.280 Almas<br \/>Distrito Especial<br \/>La Mojiganga <br \/>La Pestilencia<\/p>\n<p><b>Bandas Distritales<\/b><\/p>\n<p>69 Nombres<br \/>Morfonia<br \/>De2<br \/>Koyi K Uto<br \/>No Silence<br \/>Rapunzell<br \/>La Rueda de la Fortuna<br \/>Diva Gash<br \/>Dr. Kr\u00e1pula<br \/>Alerta Kamarada<br \/>Neurosis Inc<br \/>Noiszart<br \/>Pala <br \/>Los Elefantes<\/p>\n","protected":false},"excerpt":{"rendered":"<p>Por segundo a\u00f1o consecutivo, el festival m\u00e1s grande de rock al aire libre en Latinoam\u00e9rica no contar\u00e1 con invitados venezolanos.<\/p>\n","protected":false},"author":4,"featured_media":10000843,"comment_status":"open","ping_status":"open","sticky":false,"template":"","format":"standard","meta":{"_jetpack_memberships_contains_paid_content":false,"footnotes":""},"categories":[250],"tags":[309],"class_list":["post-847","post","type-post","status-publish","format-standard","has-post-thumbnail","hentry","category-noticias","tag-rock-al-parque"],"jetpack_featured_media_url":"https:\/\/www.oidossucios.com\/site\/wp-content\/uploads\/2003\/09\/843.jpg","yoast_head":"<!-- This site is optimized with the Yoast SEO plugin v14.0.4 - https:\/\/yoast.com\/wordpress\/plugins\/seo\/ -->\n<title>No habr\u00e1 venezolanos en Rock al Parque - OidosSucios.Com<\/title>\n<meta name=\"description\" content=\"El hispanofranc\u00e9s debi\u00f3 suspender el resto de las fechas que le quedaban en su tour espa\u00f1ol debido al rechazo de sociedades antiterroristas a la presencia del m\u00fasico vasco Ferm\u00edn Muguruza en el escenario.\" \/>\n<meta name=\"robots\" content=\"index, follow\" \/>\n<meta name=\"googlebot\" content=\"index, follow, max-snippet:-1, max-image-preview:large, max-video-preview:-1\" \/>\n<meta name=\"bingbot\" content=\"index, follow, max-snippet:-1, max-image-preview:large, max-video-preview:-1\" \/>\n<link rel=\"canonical\" href=\"https:\/\/www.oidossucios.com\/site\/no-habra-venezolanos-en-rock-al-parque\/\" \/>\n<meta property=\"og:locale\" content=\"es_ES\" \/>\n<meta property=\"og:type\" content=\"article\" \/>\n<meta property=\"og:title\" content=\"No habr\u00e1 venezolanos en Rock al Parque - OidosSucios.Com\" \/>\n<meta property=\"og:description\" content=\"El hispanofranc\u00e9s debi\u00f3 suspender el resto de las fechas que le quedaban en su tour espa\u00f1ol debido al rechazo de sociedades antiterroristas a la presencia del m\u00fasico vasco Ferm\u00edn Muguruza en el escenario.\" \/>\n<meta property=\"og:url\" content=\"https:\/\/www.oidossucios.com\/site\/no-habra-venezolanos-en-rock-al-parque\/\" \/>\n<meta property=\"og:site_name\" content=\"OidosSucios.Com\" \/>\n<meta property=\"article:published_time\" content=\"2003-09-15T05:37:00+00:00\" \/>\n<meta property=\"og:image\" content=\"https:\/\/www.oidossucios.com\/site\/wp-content\/uploads\/2003\/09\/843.jpg\" \/>\n\t<meta property=\"og:image:width\" content=\"290\" \/>\n\t<meta property=\"og:image:height\" content=\"100\" \/>\n<meta name=\"twitter:card\" content=\"summary_large_image\" \/>\n<meta name=\"twitter:creator\" content=\"@oidossucios\" \/>\n<script type=\"application\/ld+json\" class=\"yoast-schema-graph\">{\"@context\":\"https:\/\/schema.org\",\"@graph\":[{\"@type\":\"WebSite\",\"@id\":\"https:\/\/www.oidossucios.com\/site\/#website\",\"url\":\"https:\/\/www.oidossucios.com\/site\/\",\"name\":\"OidosSucios.Com\",\"description\":\"M\\u00fasica, conciertos, discos\",\"potentialAction\":[{\"@type\":\"SearchAction\",\"target\":\"https:\/\/www.oidossucios.com\/site\/?s={search_term_string}\",\"query-input\":\"required name=search_term_string\"}],\"inLanguage\":\"es\"},{\"@type\":\"ImageObject\",\"@id\":\"https:\/\/www.oidossucios.com\/site\/no-habra-venezolanos-en-rock-al-parque\/#primaryimage\",\"inLanguage\":\"es\",\"url\":\"https:\/\/www.oidossucios.com\/site\/wp-content\/uploads\/2003\/09\/843.jpg\",\"width\":290,\"height\":100},{\"@type\":\"WebPage\",\"@id\":\"https:\/\/www.oidossucios.com\/site\/no-habra-venezolanos-en-rock-al-parque\/#webpage\",\"url\":\"https:\/\/www.oidossucios.com\/site\/no-habra-venezolanos-en-rock-al-parque\/\",\"name\":\"No habr\\u00e1 venezolanos en Rock al Parque - OidosSucios.Com\",\"isPartOf\":{\"@id\":\"https:\/\/www.oidossucios.com\/site\/#website\"},\"primaryImageOfPage\":{\"@id\":\"https:\/\/www.oidossucios.com\/site\/no-habra-venezolanos-en-rock-al-parque\/#primaryimage\"},\"datePublished\":\"2003-09-15T05:37:00+00:00\",\"dateModified\":\"2003-09-15T05:37:00+00:00\",\"author\":{\"@id\":\"https:\/\/www.oidossucios.com\/site\/#\/schema\/person\/24559eeb76bf83a63296fb072393a688\"},\"description\":\"El hispanofranc\\u00e9s debi\\u00f3 suspender el resto de las fechas que le quedaban en su tour espa\\u00f1ol debido al rechazo de sociedades antiterroristas a la presencia del m\\u00fasico vasco Ferm\\u00edn Muguruza en el escenario.\",\"inLanguage\":\"es\",\"potentialAction\":[{\"@type\":\"ReadAction\",\"target\":[\"https:\/\/www.oidossucios.com\/site\/no-habra-venezolanos-en-rock-al-parque\/\"]}]},{\"@type\":[\"Person\"],\"@id\":\"https:\/\/www.oidossucios.com\/site\/#\/schema\/person\/24559eeb76bf83a63296fb072393a688\",\"name\":\"Oidossucios\",\"image\":{\"@type\":\"ImageObject\",\"@id\":\"https:\/\/www.oidossucios.com\/site\/#personlogo\",\"inLanguage\":\"es\",\"url\":\"https:\/\/secure.gravatar.com\/avatar\/74fcb480f42f1a33e50a0b6e6369a3f907be2e43dc84fa5f76c66e9c22b4a5ab?s=96&d=mm&r=g\",\"caption\":\"Oidossucios\"},\"sameAs\":[\"https:\/\/twitter.com\/oidossucios\"]}]}<\/script>\n<!-- \/ Yoast SEO plugin. -->","jetpack_sharing_enabled":true,"_links":{"self":[{"href":"https:\/\/www.oidossucios.com\/site\/wp-json\/wp\/v2\/posts\/847","targetHints":{"allow":["GET"]}}],"collection":[{"href":"https:\/\/www.oidossucios.com\/site\/wp-json\/wp\/v2\/posts"}],"about":[{"href":"https:\/\/www.oidossucios.com\/site\/wp-json\/wp\/v2\/types\/post"}],"author":[{"embeddable":true,"href":"https:\/\/www.oidossucios.com\/site\/wp-json\/wp\/v2\/users\/4"}],"replies":[{"embeddable":true,"href":"https:\/\/www.oidossucios.com\/site\/wp-json\/wp\/v2\/comments?post=847"}],"version-history":[{"count":0,"href":"https:\/\/www.oidossucios.com\/site\/wp-json\/wp\/v2\/posts\/847\/revisions"}],"wp:featuredmedia":[{"embeddable":true,"href":"https:\/\/www.oidossucios.com\/site\/wp-json\/wp\/v2\/media\/10000843"}],"wp:attachment":[{"href":"https:\/\/www.oidossucios.com\/site\/wp-json\/wp\/v2\/media?parent=847"}],"wp:term":[{"taxonomy":"category","embeddable":true,"href":"https:\/\/www.oidossucios.com\/site\/wp-json\/wp\/v2\/categories?post=847"},{"taxonomy":"post_tag","embeddable":true,"href":"https:\/\/www.oidossucios.com\/site\/wp-json\/wp\/v2\/tags?post=847"}],"curies":[{"name":"wp","href":"https:\/\/api.w.org\/{rel}","templated":true}]}}