{"id":8473,"date":"2014-02-14T01:34:00","date_gmt":"2014-02-14T01:34:00","guid":{"rendered":"https:\/\/www.oidossucios.com\/site\/2014\/02\/14\/todo-listo-para-recibir-a-miranda\/"},"modified":"2014-02-14T01:34:00","modified_gmt":"2014-02-14T01:34:00","slug":"todo-listo-para-recibir-a-miranda","status":"publish","type":"post","link":"https:\/\/www.oidossucios.com\/site\/todo-listo-para-recibir-a-miranda\/","title":{"rendered":"Todo listo para recibir a Miranda!"},"content":{"rendered":"<p><![endif]-->  <\/p>\n<p align=\"justify\" style=\"text-align: justify;\" class=\"MsoNoSpacing\"><span arial\",\"sans-serif\";\"=\"\" style=\"font-size: 14pt;\">La banda argentina Miranda! llegar\u00e1 este jueves por la noche a Caracas para ofrecer el tan esperado concierto del 14 de febrero, D\u00eda de Los Enamorados, cuando estremecer\u00e1 el escenario del anfiteatro del Sambil junto a la agrupaci\u00f3n venezolana Trabuco Contrapunto.<\/span><\/p>\n<p align=\"justify\" style=\"text-align: justify;\" class=\"MsoNoSpacing\"><span arial\",\"sans-serif\";\"=\"\" style=\"font-size: 14pt;\">&nbsp;<\/span><\/p>\n<p align=\"justify\" style=\"text-align: justify;\" class=\"MsoNoSpacing\"><span arial\",\"sans-serif\";\"=\"\" style=\"font-size: 14pt;\">Invershow empresa productora, afina los \u00faltimos detalles en cuanto a infraestructura, tecnolog\u00eda, imagen, seguridad y log\u00edstica para ofrecer al p\u00fablico asistente al recinto capitalino el mejor espect\u00e1culo con la calidad y responsabilidad que los caracteriza.<\/span><\/p>\n<p align=\"justify\" style=\"text-align: justify;\" class=\"MsoNoSpacing\"><span arial\",\"sans-serif\";\"=\"\" style=\"font-size: 14pt;\">&nbsp;<\/span><\/p>\n<p align=\"justify\" style=\"text-align: justify;\" class=\"MsoNoSpacing\"><span arial\",\"sans-serif\";\"=\"\" style=\"font-size: 14pt;\">Quienes presencien el show de este viernes, disfrutar\u00e1n del electropop de Miranda! con los temas m\u00e1s destacados de su recorrido art\u00edstico: &#8220;Don&#8221;, &#8220;Vete de aqu\u00ed&#8221;, &#8220;Hola&#8221;, &#8220;Ya lo sab\u00eda&#8221;, &#8220;Prisionero&#8221; y &#8220;Perfecta&#8221;, aderezados con las novedades incluidas por la agrupaci\u00f3n en los \u00faltimos a\u00f1os e impactantes efectos y sonidos.<\/span><\/p>\n<p align=\"justify\" style=\"text-align: justify;\" class=\"MsoNoSpacing\"><span arial\",\"sans-serif\";\"=\"\" style=\"font-size: 14pt;\">&nbsp;<\/span><\/p>\n<p align=\"justify\" style=\"text-align: justify;\" class=\"MsoNoSpacing\"><span arial\",\"sans-serif\";\"=\"\" style=\"font-size: 14pt;\">Por su parte Trabuco Contrapunto abrir\u00e1 la tarima con su mezcla de ritmos latinos para introducir a los presentes en una noche de buena m\u00fasica que resultar\u00e1 inolvidable.<\/span><\/p>\n<p align=\"justify\" style=\"text-align: justify;\" class=\"MsoNoSpacing\"><span arial\",\"sans-serif\";\"=\"\" style=\"font-size: 14pt;\">&nbsp;<\/span><\/p>\n<p align=\"justify\" style=\"text-align: justify;\" class=\"MsoNoSpacing\"><span arial\",\"sans-serif\";\"=\"\" style=\"font-size: 14pt;\">Las entradas est\u00e1n a la venta en la taquilla de Mitickera.com ubicada en el nivel Acuario del CC Sambil o a trav\u00e9s de los portales www.mitickera.com o www.ticketmundo.com.<\/span><\/p>\n<p align=\"justify\" style=\"text-align: justify;\" class=\"MsoNoSpacing\"><span arial\",\"sans-serif\";\"=\"\" style=\"font-size: 14pt;\">&nbsp;<\/span><\/p>\n<div align=\"justify\"><span arial\",\"sans-serif\";\"=\"\" style=\"font-size: 14pt; line-height: 115%;\">Los interesados en mayor informaci\u00f3n pueden estar atentos a nuestra redes sociales @invershow y Invershow en facebook, donde estaremos ofreciendo mayores detalles sobre el concierto.<\/p>\n<p>Fuente: Nota de Prensa<br \/><\/span>  <\/div>\n<p><!--[if gte mso 10]> <\/style>\n\n <![endif]--><\/p>\n","protected":false},"excerpt":{"rendered":"<p>El pr\u00f3ximo viernes 14 de febrero se llevar\u00e1 a cabo en las instalaciones del anfiteatro del Sambil, junto a la agrupaci\u00f3n venezolana Trabuco Contrapunto<\/p>\n","protected":false},"author":4,"featured_media":100008473,"comment_status":"open","ping_status":"open","sticky":false,"template":"","format":"standard","meta":{"_jetpack_memberships_contains_paid_content":false,"footnotes":""},"categories":[142],"tags":[],"class_list":["post-8473","post","type-post","status-publish","format-standard","has-post-thumbnail","hentry","category-buzznews"],"jetpack_featured_media_url":"https:\/\/www.oidossucios.com\/site\/wp-content\/uploads\/2014\/02\/8473.jpg","yoast_head":"<!-- This site is optimized with the Yoast SEO plugin v14.0.4 - https:\/\/yoast.com\/wordpress\/plugins\/seo\/ -->\n<title>Todo listo para recibir a Miranda! - OidosSucios.Com<\/title>\n<meta name=\"description\" content=\"El pr\u00f3ximo viernes 14 de febrero se llevar\u00e1 a cabo en las instalaciones del anfiteatro del Sambil, junto a la agrupaci\u00f3n venezolana Trabuco Contrapunto\" \/>\n<meta name=\"robots\" content=\"index, follow\" \/>\n<meta name=\"googlebot\" content=\"index, follow, max-snippet:-1, max-image-preview:large, max-video-preview:-1\" \/>\n<meta name=\"bingbot\" content=\"index, follow, max-snippet:-1, max-image-preview:large, max-video-preview:-1\" \/>\n<link rel=\"canonical\" href=\"https:\/\/www.oidossucios.com\/site\/todo-listo-para-recibir-a-miranda\/\" \/>\n<meta property=\"og:locale\" content=\"es_ES\" \/>\n<meta property=\"og:type\" content=\"article\" \/>\n<meta property=\"og:title\" content=\"Todo listo para recibir a Miranda! - OidosSucios.Com\" \/>\n<meta property=\"og:description\" content=\"El pr\u00f3ximo viernes 14 de febrero se llevar\u00e1 a cabo en las instalaciones del anfiteatro del Sambil, junto a la agrupaci\u00f3n venezolana Trabuco Contrapunto\" \/>\n<meta property=\"og:url\" content=\"https:\/\/www.oidossucios.com\/site\/todo-listo-para-recibir-a-miranda\/\" \/>\n<meta property=\"og:site_name\" content=\"OidosSucios.Com\" \/>\n<meta property=\"article:published_time\" content=\"2014-02-14T01:34:00+00:00\" \/>\n<meta property=\"og:image\" content=\"https:\/\/www.oidossucios.com\/site\/wp-content\/uploads\/2014\/02\/8473.jpg\" \/>\n\t<meta property=\"og:image:width\" content=\"350\" \/>\n\t<meta property=\"og:image:height\" content=\"300\" \/>\n<meta name=\"twitter:card\" content=\"summary_large_image\" \/>\n<meta name=\"twitter:creator\" content=\"@oidossucios\" \/>\n<script type=\"application\/ld+json\" class=\"yoast-schema-graph\">{\"@context\":\"https:\/\/schema.org\",\"@graph\":[{\"@type\":\"WebSite\",\"@id\":\"https:\/\/www.oidossucios.com\/site\/#website\",\"url\":\"https:\/\/www.oidossucios.com\/site\/\",\"name\":\"OidosSucios.Com\",\"description\":\"M\\u00fasica, conciertos, discos\",\"potentialAction\":[{\"@type\":\"SearchAction\",\"target\":\"https:\/\/www.oidossucios.com\/site\/?s={search_term_string}\",\"query-input\":\"required name=search_term_string\"}],\"inLanguage\":\"es\"},{\"@type\":\"ImageObject\",\"@id\":\"https:\/\/www.oidossucios.com\/site\/todo-listo-para-recibir-a-miranda\/#primaryimage\",\"inLanguage\":\"es\",\"url\":\"https:\/\/www.oidossucios.com\/site\/wp-content\/uploads\/2014\/02\/8473.jpg\",\"width\":350,\"height\":300},{\"@type\":\"WebPage\",\"@id\":\"https:\/\/www.oidossucios.com\/site\/todo-listo-para-recibir-a-miranda\/#webpage\",\"url\":\"https:\/\/www.oidossucios.com\/site\/todo-listo-para-recibir-a-miranda\/\",\"name\":\"Todo listo para recibir a Miranda! - OidosSucios.Com\",\"isPartOf\":{\"@id\":\"https:\/\/www.oidossucios.com\/site\/#website\"},\"primaryImageOfPage\":{\"@id\":\"https:\/\/www.oidossucios.com\/site\/todo-listo-para-recibir-a-miranda\/#primaryimage\"},\"datePublished\":\"2014-02-14T01:34:00+00:00\",\"dateModified\":\"2014-02-14T01:34:00+00:00\",\"author\":{\"@id\":\"https:\/\/www.oidossucios.com\/site\/#\/schema\/person\/24559eeb76bf83a63296fb072393a688\"},\"description\":\"El pr\\u00f3ximo viernes 14 de febrero se llevar\\u00e1 a cabo en las instalaciones del anfiteatro del Sambil, junto a la agrupaci\\u00f3n venezolana Trabuco Contrapunto\",\"inLanguage\":\"es\",\"potentialAction\":[{\"@type\":\"ReadAction\",\"target\":[\"https:\/\/www.oidossucios.com\/site\/todo-listo-para-recibir-a-miranda\/\"]}]},{\"@type\":[\"Person\"],\"@id\":\"https:\/\/www.oidossucios.com\/site\/#\/schema\/person\/24559eeb76bf83a63296fb072393a688\",\"name\":\"Oidossucios\",\"image\":{\"@type\":\"ImageObject\",\"@id\":\"https:\/\/www.oidossucios.com\/site\/#personlogo\",\"inLanguage\":\"es\",\"url\":\"https:\/\/secure.gravatar.com\/avatar\/74fcb480f42f1a33e50a0b6e6369a3f907be2e43dc84fa5f76c66e9c22b4a5ab?s=96&d=mm&r=g\",\"caption\":\"Oidossucios\"},\"sameAs\":[\"https:\/\/twitter.com\/oidossucios\"]}]}<\/script>\n<!-- \/ Yoast SEO plugin. -->","jetpack_sharing_enabled":true,"_links":{"self":[{"href":"https:\/\/www.oidossucios.com\/site\/wp-json\/wp\/v2\/posts\/8473","targetHints":{"allow":["GET"]}}],"collection":[{"href":"https:\/\/www.oidossucios.com\/site\/wp-json\/wp\/v2\/posts"}],"about":[{"href":"https:\/\/www.oidossucios.com\/site\/wp-json\/wp\/v2\/types\/post"}],"author":[{"embeddable":true,"href":"https:\/\/www.oidossucios.com\/site\/wp-json\/wp\/v2\/users\/4"}],"replies":[{"embeddable":true,"href":"https:\/\/www.oidossucios.com\/site\/wp-json\/wp\/v2\/comments?post=8473"}],"version-history":[{"count":0,"href":"https:\/\/www.oidossucios.com\/site\/wp-json\/wp\/v2\/posts\/8473\/revisions"}],"wp:featuredmedia":[{"embeddable":true,"href":"https:\/\/www.oidossucios.com\/site\/wp-json\/wp\/v2\/media\/100008473"}],"wp:attachment":[{"href":"https:\/\/www.oidossucios.com\/site\/wp-json\/wp\/v2\/media?parent=8473"}],"wp:term":[{"taxonomy":"category","embeddable":true,"href":"https:\/\/www.oidossucios.com\/site\/wp-json\/wp\/v2\/categories?post=8473"},{"taxonomy":"post_tag","embeddable":true,"href":"https:\/\/www.oidossucios.com\/site\/wp-json\/wp\/v2\/tags?post=8473"}],"curies":[{"name":"wp","href":"https:\/\/api.w.org\/{rel}","templated":true}]}}