{"id":8474,"date":"2014-02-14T02:04:00","date_gmt":"2014-02-14T02:04:00","guid":{"rendered":"https:\/\/www.oidossucios.com\/site\/2014\/02\/14\/homme-en-contra-de-imagine-dragons-y-de-los-grammys\/"},"modified":"2014-02-14T02:04:00","modified_gmt":"2014-02-14T02:04:00","slug":"homme-en-contra-de-imagine-dragons-y-de-los-grammys","status":"publish","type":"post","link":"https:\/\/www.oidossucios.com\/site\/homme-en-contra-de-imagine-dragons-y-de-los-grammys\/","title":{"rendered":"Homme en contra de Imagine Dragons y de los Grammys"},"content":{"rendered":"<p><![endif]-->  <\/p>\n<p style=\"margin-bottom: 11.25pt; text-align: justify; line-height: 19.2pt; vertical-align: baseline;\" class=\"MsoNormal\"><span arial\",\"sans-serif\";\"=\"\" style=\"font-size: 12pt;\">Josh Homme<\/span><span arial\",\"sans-serif\";\"=\"\" style=\"font-size: 12pt;\">, vocalista de&nbsp;<span>Queens of the Stone Age<\/span>, no se qued\u00f3 con los brazos cruzados y tambi\u00e9n se quej\u00f3 p\u00fablicamente de los&nbsp;<span>Grammy<\/span>s, pero en especial de&nbsp;<span>Imagine Dragons<\/span>.<\/span><\/p>\n<p style=\"margin-bottom: 11.25pt; text-align: justify; line-height: 19.2pt; vertical-align: baseline;\" class=\"MsoNormal\"><span arial\",\"sans-serif\";\"=\"\" style=\"font-size: 12pt;\">En su pasada presentaci\u00f3n en<span>&nbsp;Houston<\/span>,&nbsp; Homme &nbsp;al empezar a tocar&nbsp;<span>\u0091I Appear Missing\u0092<\/span>, brome\u00f3 diciendo que lo siguiente era de Imagine Dragons, por lo que la multitud abuche\u00f3 al grupo, lo que desat\u00f3 su ira gritando: &#8220;<span>Fuck the Grammys&#8221;, &#8220;Fuck Imagine Dragons&#8221;.<\/span><\/span><\/p>\n<p style=\"margin-bottom: 11.25pt; text-align: justify; line-height: 19.2pt; vertical-align: baseline;\" class=\"MsoNormal\"><span arial\",\"sans-serif\";\"=\"\" style=\"font-size: 12pt;\">Recordemos que en la \u00faltima entrega de los Grammys, Queens of the Stone Age, estaban nominados a&nbsp;<span>Best Rock Performance<\/span>&nbsp;con&nbsp;<span>\u0091My God Is The Sun\u0092<\/span>,&nbsp; el premio se lo llev\u00f3 Imagine Dragons con&nbsp;<span>\u0091Radioactive\u0092<\/span>.<\/span><\/p>\n<p style=\"margin-bottom: 11.25pt; text-align: justify; line-height: 19.2pt; vertical-align: baseline;\" class=\"MsoNormal\"><span arial\",\"sans-serif\";\"=\"\" style=\"font-size: 12pt;\">Sin embargo , tambi\u00e9n su actuaci\u00f3n en dicho evento a lado de&nbsp;<span>Nine Inch Nails<\/span>&nbsp;y&nbsp;<span>Dave Grohl<\/span>&nbsp;fue cortada abruptamente antes de que terminaran.<\/span><\/p>\n<p style=\"margin-bottom: 11.25pt; text-align: justify; line-height: 19.2pt; vertical-align: baseline;\" class=\"MsoNormal\"><span arial\",\"sans-serif\";\"=\"\" style=\"font-size: 12pt;\">Fuente: www.revistafreim.com<br \/><\/span><\/p>\n<p><!--[if gte mso 10]> <\/style>\n\n <![endif]--><\/p>\n","protected":false},"excerpt":{"rendered":"<p>Durante un concierto de QOTSA en Houston, el vocalista de la banda, Josh Homme, no perdi\u00f3 el momento para expresar su opini\u00f3n sobre los Grammy e Imagine Dragons.<\/p>\n","protected":false},"author":4,"featured_media":0,"comment_status":"open","ping_status":"open","sticky":false,"template":"","format":"standard","meta":{"_jetpack_memberships_contains_paid_content":false,"footnotes":""},"categories":[142],"tags":[],"class_list":["post-8474","post","type-post","status-publish","format-standard","hentry","category-buzznews"],"jetpack_featured_media_url":"","yoast_head":"<!-- This site is optimized with the Yoast SEO plugin v14.0.4 - https:\/\/yoast.com\/wordpress\/plugins\/seo\/ -->\n<title>Homme en contra de Imagine Dragons y de los Grammys - OidosSucios.Com<\/title>\n<meta name=\"description\" content=\"Durante un concierto de QOTSA en Houston, el vocalista de la banda, Josh Homme, no perdi\u00f3 el momento para expresar su opini\u00f3n sobre los Grammy e Imagine Dragons.\" \/>\n<meta name=\"robots\" content=\"index, follow\" \/>\n<meta name=\"googlebot\" content=\"index, follow, max-snippet:-1, max-image-preview:large, max-video-preview:-1\" \/>\n<meta name=\"bingbot\" content=\"index, follow, max-snippet:-1, max-image-preview:large, max-video-preview:-1\" \/>\n<link rel=\"canonical\" href=\"https:\/\/www.oidossucios.com\/site\/homme-en-contra-de-imagine-dragons-y-de-los-grammys\/\" \/>\n<meta property=\"og:locale\" content=\"es_ES\" \/>\n<meta property=\"og:type\" content=\"article\" \/>\n<meta property=\"og:title\" content=\"Homme en contra de Imagine Dragons y de los Grammys - OidosSucios.Com\" \/>\n<meta property=\"og:description\" content=\"Durante un concierto de QOTSA en Houston, el vocalista de la banda, Josh Homme, no perdi\u00f3 el momento para expresar su opini\u00f3n sobre los Grammy e Imagine Dragons.\" \/>\n<meta property=\"og:url\" content=\"https:\/\/www.oidossucios.com\/site\/homme-en-contra-de-imagine-dragons-y-de-los-grammys\/\" \/>\n<meta property=\"og:site_name\" content=\"OidosSucios.Com\" \/>\n<meta property=\"article:published_time\" content=\"2014-02-14T02:04:00+00:00\" \/>\n<meta name=\"twitter:card\" content=\"summary_large_image\" \/>\n<meta name=\"twitter:creator\" content=\"@oidossucios\" \/>\n<script type=\"application\/ld+json\" class=\"yoast-schema-graph\">{\"@context\":\"https:\/\/schema.org\",\"@graph\":[{\"@type\":\"WebSite\",\"@id\":\"https:\/\/www.oidossucios.com\/site\/#website\",\"url\":\"https:\/\/www.oidossucios.com\/site\/\",\"name\":\"OidosSucios.Com\",\"description\":\"M\\u00fasica, conciertos, discos\",\"potentialAction\":[{\"@type\":\"SearchAction\",\"target\":\"https:\/\/www.oidossucios.com\/site\/?s={search_term_string}\",\"query-input\":\"required name=search_term_string\"}],\"inLanguage\":\"es\"},{\"@type\":\"WebPage\",\"@id\":\"https:\/\/www.oidossucios.com\/site\/homme-en-contra-de-imagine-dragons-y-de-los-grammys\/#webpage\",\"url\":\"https:\/\/www.oidossucios.com\/site\/homme-en-contra-de-imagine-dragons-y-de-los-grammys\/\",\"name\":\"Homme en contra de Imagine Dragons y de los Grammys - OidosSucios.Com\",\"isPartOf\":{\"@id\":\"https:\/\/www.oidossucios.com\/site\/#website\"},\"datePublished\":\"2014-02-14T02:04:00+00:00\",\"dateModified\":\"2014-02-14T02:04:00+00:00\",\"author\":{\"@id\":\"https:\/\/www.oidossucios.com\/site\/#\/schema\/person\/24559eeb76bf83a63296fb072393a688\"},\"description\":\"Durante un concierto de QOTSA en Houston, el vocalista de la banda, Josh Homme, no perdi\\u00f3 el momento para expresar su opini\\u00f3n sobre los Grammy e Imagine Dragons.\",\"inLanguage\":\"es\",\"potentialAction\":[{\"@type\":\"ReadAction\",\"target\":[\"https:\/\/www.oidossucios.com\/site\/homme-en-contra-de-imagine-dragons-y-de-los-grammys\/\"]}]},{\"@type\":[\"Person\"],\"@id\":\"https:\/\/www.oidossucios.com\/site\/#\/schema\/person\/24559eeb76bf83a63296fb072393a688\",\"name\":\"Oidossucios\",\"image\":{\"@type\":\"ImageObject\",\"@id\":\"https:\/\/www.oidossucios.com\/site\/#personlogo\",\"inLanguage\":\"es\",\"url\":\"https:\/\/secure.gravatar.com\/avatar\/74fcb480f42f1a33e50a0b6e6369a3f907be2e43dc84fa5f76c66e9c22b4a5ab?s=96&d=mm&r=g\",\"caption\":\"Oidossucios\"},\"sameAs\":[\"https:\/\/twitter.com\/oidossucios\"]}]}<\/script>\n<!-- \/ Yoast SEO plugin. -->","jetpack_sharing_enabled":true,"_links":{"self":[{"href":"https:\/\/www.oidossucios.com\/site\/wp-json\/wp\/v2\/posts\/8474","targetHints":{"allow":["GET"]}}],"collection":[{"href":"https:\/\/www.oidossucios.com\/site\/wp-json\/wp\/v2\/posts"}],"about":[{"href":"https:\/\/www.oidossucios.com\/site\/wp-json\/wp\/v2\/types\/post"}],"author":[{"embeddable":true,"href":"https:\/\/www.oidossucios.com\/site\/wp-json\/wp\/v2\/users\/4"}],"replies":[{"embeddable":true,"href":"https:\/\/www.oidossucios.com\/site\/wp-json\/wp\/v2\/comments?post=8474"}],"version-history":[{"count":0,"href":"https:\/\/www.oidossucios.com\/site\/wp-json\/wp\/v2\/posts\/8474\/revisions"}],"wp:attachment":[{"href":"https:\/\/www.oidossucios.com\/site\/wp-json\/wp\/v2\/media?parent=8474"}],"wp:term":[{"taxonomy":"category","embeddable":true,"href":"https:\/\/www.oidossucios.com\/site\/wp-json\/wp\/v2\/categories?post=8474"},{"taxonomy":"post_tag","embeddable":true,"href":"https:\/\/www.oidossucios.com\/site\/wp-json\/wp\/v2\/tags?post=8474"}],"curies":[{"name":"wp","href":"https:\/\/api.w.org\/{rel}","templated":true}]}}