{"id":8478,"date":"2014-02-18T01:10:00","date_gmt":"2014-02-18T01:10:00","guid":{"rendered":"https:\/\/www.oidossucios.com\/site\/2014\/02\/18\/los-que-rezan-en-concierto-en-discovery-bar-junto-a-la-clem-de-la-clem\/"},"modified":"2014-02-18T01:10:00","modified_gmt":"2014-02-18T01:10:00","slug":"los-que-rezan-en-concierto-en-discovery-bar-junto-a-la-clem-de-la-clem","status":"publish","type":"post","link":"https:\/\/www.oidossucios.com\/site\/los-que-rezan-en-concierto-en-discovery-bar-junto-a-la-clem-de-la-clem\/","title":{"rendered":"Los Que Rezan en concierto en Discovery Bar junto a la Clem De La Clem"},"content":{"rendered":"\n<div align=\"justify\"><span style=\"color: rgb(34, 34, 34); font-family: arial,sans-serif; font-size: 13px; font-style: normal; font-variant: normal; font-weight: normal; letter-spacing: normal; line-height: normal; text-align: justify; text-indent: 0px; text-transform: none; white-space: normal; word-spacing: 0px; background-color: rgb(255, 255, 255); display: inline ! important; float: none;\">Como parte de la promoci\u00f3n del nuevo videoclip reciente estrenado de &#8220;Formas Peligrosas&#8221;, Los Que Rezan, estar\u00e1n ofreciendo una serie de conciertos por diferentes ciudades del pa\u00eds. El videoclip fue dirigido por Peter Odor y producido por la&nbsp; productora King vs Kong, qui\u00e9n est\u00e1 realizando una trilog\u00eda de videoclips conceptuales de diferentes bandas de rock, el primero en su haber fue el realizado para Los Paranoias con la canci\u00f3n &#8220;La Ara\u00f1a&#8221;. Este nuevo videoclip de Los Que Rezan&nbsp; fue realizado en blanco y negro para resaltar las formas y contrastes, lo glam y lo cinematogr\u00e1fico.<\/span><\/p>\n<p><span style=\"color: rgb(34, 34, 34); font-family: arial,sans-serif; font-size: 13px; font-style: normal; font-variant: normal; font-weight: normal; letter-spacing: normal; line-height: normal; text-align: justify; text-indent: 0px; text-transform: none; white-space: normal; word-spacing: 0px; background-color: rgb(255, 255, 255); display: inline ! important; float: none;\">&nbsp;&#8220;Cinco&#8221;, el m\u00e1s reciente disco de Los Que Rezan, se encuentra disponible para su descarga en<\/span><a target=\"_blank\" style=\"color: rgb(17, 85, 204); font-family: arial,sans-serif; font-size: 13px; font-style: normal; font-variant: normal; font-weight: normal; letter-spacing: normal; line-height: normal; text-align: justify; text-indent: 0px; text-transform: none; white-space: normal; word-spacing: 0px; background-color: rgb(255, 255, 255);\" href=\"http:\/\/www.losquerezan.com\/\" rel=\"noopener noreferrer\">www.losquerezan.com<\/a><span style=\"color: rgb(34, 34, 34); font-family: arial,sans-serif; font-size: 13px; font-style: normal; font-variant: normal; font-weight: normal; letter-spacing: normal; line-height: normal; text-align: justify; text-indent: 0px; text-transform: none; white-space: normal; word-spacing: 0px; background-color: rgb(255, 255, 255); display: inline ! important; float: none;\"><span class=\"Apple-converted-space\">&nbsp;<\/span>, para mayor informaci\u00f3n y actualizaci\u00f3n de pr\u00f3ximas fechas de conciertos visita<\/span><span style=\"color: rgb(34, 34, 34); font-family: arial,sans-serif; font-size: 13px; font-style: normal; font-variant: normal; font-weight: normal; letter-spacing: normal; line-height: normal; text-align: justify; text-indent: 0px; text-transform: none; white-space: normal; word-spacing: 0px; background-color: rgb(255, 255, 255); display: inline ! important; float: none;\"><span class=\"Apple-converted-space\"> <a title=\"Facebook - Los Que Rezan https:\/\/www.facebook.com\/pages\/Los-que-Rezan\/390771757618308?fref=ts\" href=\"https:\/\/www.facebook.com\/pages\/Los-que-Rezan\/390771757618308?fref=ts\">Facebook<\/a> <\/span>y<\/span><a title=\"Twitter - @Losquerezan\" href=\"https:\/\/twitter.com\/Losquerezan\">@Losquerezan<\/a><\/p><\/div>\n<p> Fuente: Nota de Prensa<\/p>\n<p> <iframe loading=\"lazy\" width=\"640\" height=\"390\" frameborder=\"0\" allowfullscreen=\"\" src=\"http:\/\/www.youtube.com\/embed\/zq-OA-F3m1s\"><\/iframe><\/p>\n","protected":false},"excerpt":{"rendered":"<p>Los Que Rezan dar\u00e1n un concierto en Discovery Bar el pr\u00f3ximo s\u00e1bado 22 de febrero a las 10:00PM, estar\u00e1n acompa\u00f1ando a La Clem de la Clem.<\/p>\n","protected":false},"author":4,"featured_media":100008478,"comment_status":"open","ping_status":"open","sticky":false,"template":"","format":"standard","meta":{"_jetpack_memberships_contains_paid_content":false,"footnotes":""},"categories":[142],"tags":[],"class_list":["post-8478","post","type-post","status-publish","format-standard","has-post-thumbnail","hentry","category-buzznews"],"jetpack_featured_media_url":"https:\/\/www.oidossucios.com\/site\/wp-content\/uploads\/2014\/02\/8478.jpg","yoast_head":"<!-- This site is optimized with the Yoast SEO plugin v14.0.4 - https:\/\/yoast.com\/wordpress\/plugins\/seo\/ -->\n<title>Los Que Rezan en concierto en Discovery Bar junto a la Clem De La Clem - OidosSucios.Com<\/title>\n<meta name=\"description\" content=\"Los Que Rezan dar\u00e1n un concierto en Discovery Bar el pr\u00f3ximo s\u00e1bado 22 de febrero a las 10:00PM, estar\u00e1n acompa\u00f1ando a La Clem de la Clem.\" \/>\n<meta name=\"robots\" content=\"index, follow\" \/>\n<meta name=\"googlebot\" content=\"index, follow, max-snippet:-1, max-image-preview:large, max-video-preview:-1\" \/>\n<meta name=\"bingbot\" content=\"index, follow, max-snippet:-1, max-image-preview:large, max-video-preview:-1\" \/>\n<link rel=\"canonical\" href=\"https:\/\/www.oidossucios.com\/site\/los-que-rezan-en-concierto-en-discovery-bar-junto-a-la-clem-de-la-clem\/\" \/>\n<meta property=\"og:locale\" content=\"es_ES\" \/>\n<meta property=\"og:type\" content=\"article\" \/>\n<meta property=\"og:title\" content=\"Los Que Rezan en concierto en Discovery Bar junto a la Clem De La Clem - OidosSucios.Com\" \/>\n<meta property=\"og:description\" content=\"Los Que Rezan dar\u00e1n un concierto en Discovery Bar el pr\u00f3ximo s\u00e1bado 22 de febrero a las 10:00PM, estar\u00e1n acompa\u00f1ando a La Clem de la Clem.\" \/>\n<meta property=\"og:url\" content=\"https:\/\/www.oidossucios.com\/site\/los-que-rezan-en-concierto-en-discovery-bar-junto-a-la-clem-de-la-clem\/\" \/>\n<meta property=\"og:site_name\" content=\"OidosSucios.Com\" \/>\n<meta property=\"article:published_time\" content=\"2014-02-18T01:10:00+00:00\" \/>\n<meta property=\"og:image\" content=\"https:\/\/www.oidossucios.com\/site\/wp-content\/uploads\/2014\/02\/8478.jpg\" \/>\n\t<meta property=\"og:image:width\" content=\"350\" \/>\n\t<meta property=\"og:image:height\" content=\"350\" \/>\n<meta name=\"twitter:card\" content=\"summary_large_image\" \/>\n<meta name=\"twitter:creator\" content=\"@oidossucios\" \/>\n<script type=\"application\/ld+json\" class=\"yoast-schema-graph\">{\"@context\":\"https:\/\/schema.org\",\"@graph\":[{\"@type\":\"WebSite\",\"@id\":\"https:\/\/www.oidossucios.com\/site\/#website\",\"url\":\"https:\/\/www.oidossucios.com\/site\/\",\"name\":\"OidosSucios.Com\",\"description\":\"M\\u00fasica, conciertos, discos\",\"potentialAction\":[{\"@type\":\"SearchAction\",\"target\":\"https:\/\/www.oidossucios.com\/site\/?s={search_term_string}\",\"query-input\":\"required name=search_term_string\"}],\"inLanguage\":\"es\"},{\"@type\":\"ImageObject\",\"@id\":\"https:\/\/www.oidossucios.com\/site\/los-que-rezan-en-concierto-en-discovery-bar-junto-a-la-clem-de-la-clem\/#primaryimage\",\"inLanguage\":\"es\",\"url\":\"https:\/\/www.oidossucios.com\/site\/wp-content\/uploads\/2014\/02\/8478.jpg\",\"width\":350,\"height\":350},{\"@type\":\"WebPage\",\"@id\":\"https:\/\/www.oidossucios.com\/site\/los-que-rezan-en-concierto-en-discovery-bar-junto-a-la-clem-de-la-clem\/#webpage\",\"url\":\"https:\/\/www.oidossucios.com\/site\/los-que-rezan-en-concierto-en-discovery-bar-junto-a-la-clem-de-la-clem\/\",\"name\":\"Los Que Rezan en concierto en Discovery Bar junto a la Clem De La Clem - OidosSucios.Com\",\"isPartOf\":{\"@id\":\"https:\/\/www.oidossucios.com\/site\/#website\"},\"primaryImageOfPage\":{\"@id\":\"https:\/\/www.oidossucios.com\/site\/los-que-rezan-en-concierto-en-discovery-bar-junto-a-la-clem-de-la-clem\/#primaryimage\"},\"datePublished\":\"2014-02-18T01:10:00+00:00\",\"dateModified\":\"2014-02-18T01:10:00+00:00\",\"author\":{\"@id\":\"https:\/\/www.oidossucios.com\/site\/#\/schema\/person\/24559eeb76bf83a63296fb072393a688\"},\"description\":\"Los Que Rezan dar\\u00e1n un concierto en Discovery Bar el pr\\u00f3ximo s\\u00e1bado 22 de febrero a las 10:00PM, estar\\u00e1n acompa\\u00f1ando a La Clem de la Clem.\",\"inLanguage\":\"es\",\"potentialAction\":[{\"@type\":\"ReadAction\",\"target\":[\"https:\/\/www.oidossucios.com\/site\/los-que-rezan-en-concierto-en-discovery-bar-junto-a-la-clem-de-la-clem\/\"]}]},{\"@type\":[\"Person\"],\"@id\":\"https:\/\/www.oidossucios.com\/site\/#\/schema\/person\/24559eeb76bf83a63296fb072393a688\",\"name\":\"Oidossucios\",\"image\":{\"@type\":\"ImageObject\",\"@id\":\"https:\/\/www.oidossucios.com\/site\/#personlogo\",\"inLanguage\":\"es\",\"url\":\"https:\/\/secure.gravatar.com\/avatar\/74fcb480f42f1a33e50a0b6e6369a3f907be2e43dc84fa5f76c66e9c22b4a5ab?s=96&d=mm&r=g\",\"caption\":\"Oidossucios\"},\"sameAs\":[\"https:\/\/twitter.com\/oidossucios\"]}]}<\/script>\n<!-- \/ Yoast SEO plugin. -->","jetpack_sharing_enabled":true,"_links":{"self":[{"href":"https:\/\/www.oidossucios.com\/site\/wp-json\/wp\/v2\/posts\/8478","targetHints":{"allow":["GET"]}}],"collection":[{"href":"https:\/\/www.oidossucios.com\/site\/wp-json\/wp\/v2\/posts"}],"about":[{"href":"https:\/\/www.oidossucios.com\/site\/wp-json\/wp\/v2\/types\/post"}],"author":[{"embeddable":true,"href":"https:\/\/www.oidossucios.com\/site\/wp-json\/wp\/v2\/users\/4"}],"replies":[{"embeddable":true,"href":"https:\/\/www.oidossucios.com\/site\/wp-json\/wp\/v2\/comments?post=8478"}],"version-history":[{"count":0,"href":"https:\/\/www.oidossucios.com\/site\/wp-json\/wp\/v2\/posts\/8478\/revisions"}],"wp:featuredmedia":[{"embeddable":true,"href":"https:\/\/www.oidossucios.com\/site\/wp-json\/wp\/v2\/media\/100008478"}],"wp:attachment":[{"href":"https:\/\/www.oidossucios.com\/site\/wp-json\/wp\/v2\/media?parent=8478"}],"wp:term":[{"taxonomy":"category","embeddable":true,"href":"https:\/\/www.oidossucios.com\/site\/wp-json\/wp\/v2\/categories?post=8478"},{"taxonomy":"post_tag","embeddable":true,"href":"https:\/\/www.oidossucios.com\/site\/wp-json\/wp\/v2\/tags?post=8478"}],"curies":[{"name":"wp","href":"https:\/\/api.w.org\/{rel}","templated":true}]}}